{"id":158946,"date":"2025-10-06T05:43:17","date_gmt":"2025-10-06T05:43:17","guid":{"rendered":"https:\/\/www.europesays.com\/es\/158946\/"},"modified":"2025-10-06T05:43:17","modified_gmt":"2025-10-06T05:43:17","slug":"hola-frida-la-pelicula-animada-de-la-ninez-de-la-famosa-pintura-grupo-milenio","status":"publish","type":"post","link":"https:\/\/www.europesays.com\/es\/158946\/","title":{"rendered":"\u00a1Hola, Frida!, la pel\u00edcula animada de la ni\u00f1\u00e9z de la famosa pintura- Grupo Milenio"},"content":{"rendered":"<p>La pel\u00edcula de animaci\u00f3n<strong> \u00a1Hola, Frida!, producci\u00f3n canadiense a partir de la novela gr\u00e1fica y microserie para web Frida C&#8217;est moi,<\/strong> con ilustraciones de la mexicana Cara Carmina y texto de la quebequense Sophie Faucher,<strong> se enfoca en la ni\u00f1ez de la pintora, su poliomelitis, su amiga imaginaria, su familia y su di\u00e1logo eterno con la muerte, <\/strong>y llega a las salas de cine nacionales el pr\u00f3ximo martes 16 de octubre. <\/p>\n<p><strong>El largometraje de 1 hora con 22 minutos en franc\u00e9s<\/strong>, con doblajes a varios idiomas, est\u00e1 dirigido por el sirio Andr\u00e9 Kadi y la francesa Karine V\u00e9zina, con guion de Anne Bryan, Faucher y del realizador. <\/p>\n<p><strong>En su versi\u00f3n en espa\u00f1ol participan: <\/strong>Emma Rodr\u00edguez (Frida ni\u00f1a), Olivia Ruiz (adulta); Faucher (Matilde Calder\u00f3n, madre de la pintora); Manuel Tadros (Guillermo Kahlo, padre); Rebeca Gonz\u00e1les (Cristina, hermana); L\u00e9o Cote (To\u00f1ito, amigo); Anne Girard (La Muerte) y Joey B\u00e9langer (Rafael).<\/p>\n<p><strong>La pel\u00edcula ser\u00e1 distribuida con 200 copias en salas comerciales, Cineteca Nacional y circuitos culturales d<\/strong>e todo el pa\u00eds y en la premier y las funciones previas estar\u00e1 presente la artista mexicana Cara Carmina, seud\u00f3nimo de Norma Andreu, quien desde hace dos d\u00e9cadas vive en Montreal, donde empez\u00f3 una empresa exitosa de mu\u00f1ecas artesanales elaboradas con textiles mexicanos, para despu\u00e9s incursionar en la literatura infantil ilustrada, en la que ha publicado alrededor de 22 libros hasta ahora.<\/p>\n<p><strong>El s\u00e1bado 11 de octubre habr\u00e1 una premiere especial<\/strong> en Cineteca Nacional, en matin\u00e9, a las 11:00 horas.<\/p>\n<p>Admiradora de la artista<\/p>\n<p>Hola, Frida <strong>es el primer largometraje sobre una obra de Cara Carmina y Frida C&#8217;est moi (Frida soy yo) es el primer libro que ilustr\u00f3 sobre Frida Kahlo,<\/strong> una pintora a la que admira desde su adolescencia en M\u00e9xico y a quien tambi\u00e9n retrat\u00f3 con una serie de mu\u00f1ecas que se pod\u00edan adquirir en una exposici\u00f3n sobre artistas mujeres en Canad\u00e1. El libro ha sido traducido a varios idiomas y actualmente va en su und\u00e9cima reimpresi\u00f3n canadiense. La autora tambi\u00e9n ha publicado dos libros de ficci\u00f3n sobre la pintora.<\/p>\n<p><strong>Cara Carmina ha publicado en torno a la pintora mexicana: <\/strong>Je m&#8217;appelle Frida Kahlo; Frida C&#8217;est moi; Frida, la reine des couleurs; Moi, C&#8217;est Frida Kahlo y Frida en Gasp\u00e9sie, todos en colaboraci\u00f3n con Foucher, popular actriz en Francia<strong>, quien tambi\u00e9n ha llevado al teatro obras a prop\u00f3sito de Frida Kahlo.<\/strong><\/p>\n<p>El filme realizado por la pareja de Kadi y V\u00e9zina, q<strong>uienes tambi\u00e9n hicieron hace unos a\u00f1os la miniserie de seis cap\u00edtulos de seis minutos cada uno en 2023,<\/strong> est\u00e1 animado en 2D y se enfoca en la ni\u00f1a Frida, que naci\u00f3 el 6 de julio de 1907 en Coyoac\u00e1n, hija del inmigrante alem\u00e1n Wilhelm Kahlo (Guillermo) y Matilde Calder\u00f3n, de origen zapoteca, quienes juegan un rol preponderante en la historia. <\/p>\n<blockquote><p>\u201cHola, Frida muestra que desde muy temprana edad Frida Kahlo era muy vivaracha y activa. Su desarrollo transcurri\u00f3 con normalidad. Le encantaba jugar, correr en el patio de su casa, trepar \u00e1rboles y montar en bicicleta. Pero lo que la distingu\u00eda del resto de los ni\u00f1os era su desbordada imaginaci\u00f3n. Por desgracia, su vida cambi\u00f3 abruptamente a los seis a\u00f1os cuando contrajo poliomielitis. <\/p><\/blockquote>\n<p>\u201cLa ni\u00f1a se vio obligada a guardar reposo por largos periodos, que aprovech\u00f3 para so\u00f1ar y dibujar.<strong> Cuando lleg\u00f3 el momento de su rehabilitaci\u00f3n luch\u00f3 con perseverancia y determinaci\u00f3n hasta recuperar su movilidad.<\/strong> Creci\u00f3 envuelta en la riqueza de las costumbres y tradiciones mexicanas. Su casa era un museo de artesan\u00edas t\u00edpicas. Este maravilloso entorno nutri\u00f3 sus ojos de inspiraci\u00f3n, la que muy pronto plasm\u00f3 en cuadros rebosantes de vida y de color\u201d, se\u00f1alan notas de producci\u00f3n de la pel\u00edcula a color. <\/p>\n<p>Sin clich\u00e9s<\/p>\n<p>Producida por Tobo Media, Du Coup Animation y Haut et Court, y distribuida en M\u00e9xico por Alfhaville Cinema y Nueva Era Films, Hola,<strong> Frida tuvo su premier mundial en 2024 y su estreno en M\u00e9xico <\/strong>tambi\u00e9n fue ese a\u00f1o durante el Festival Internacional de Cine de Morelia.<\/p>\n<p><strong>La animaci\u00f3n se ha presentado en 45 pa\u00edses hasta ahora y ha participado en festivales como el de Annecy, <\/strong>el de M\u00fanich, los festivales internacionales de cine infantil de Montreal y Nueva York y el de Animaci\u00f3n de Bruselas, y familiar de Quebec, entre muchos otros.<\/p>\n<p>Los realizadores Andr\u00e9 Kadi y Karine V\u00e9zina dijeron sobre Hola, Frida que desde un principio buscaron evitar los clich\u00e9s sobre la vida de la pintora mexicana, <strong>para no solo mostrarla como la artista, sino tambi\u00e9n como la hija de Guillermo y Matilde y la hermana de Cristina, <\/strong>su compa\u00f1era de juegos.<\/p>\n<p>    \t<img decoding=\"async\" alt=\"__icon\" class=\"nd-related-news-detail-media-dual__icon\" src=\"https:\/\/www.milenio.com\/bundles\/appcamusassets\/dist\/images\/svg\/arrow-circle-right-solid.svg\" width=\"15\" height=\"15\" onerror=\"this.onerror=null;this.src=\\'\/bundles\/appcamusassets\/dist\/images\/logo-Milenio-2.jpg\\'\" loading=\"lazy\"\/><br \/>\n    Te recomendamos<\/p>\n","protected":false},"excerpt":{"rendered":"La pel\u00edcula de animaci\u00f3n \u00a1Hola, Frida!, producci\u00f3n canadiense a partir de la novela gr\u00e1fica y microserie para web&hellip;\n","protected":false},"author":2,"featured_media":158947,"comment_status":"","ping_status":"","sticky":false,"template":"","format":"standard","meta":{"footnotes":""},"categories":[169],"tags":[3900,177,47338,146,147,25,24,176,31130,47340,47337,175,47339,23],"class_list":{"0":"post-158946","1":"post","2":"type-post","3":"status-publish","4":"format-standard","5":"has-post-thumbnail","7":"category-cine","8":"tag-hola","9":"tag-cine","10":"tag-cinta-de-hola","11":"tag-entertainment","12":"tag-entretenimiento","13":"tag-es","14":"tag-espana","15":"tag-film","16":"tag-frida","17":"tag-frida-animacion","18":"tag-frida-pelicula","19":"tag-movies","20":"tag-pelicula-animada-hola","21":"tag-spain"},"share_on_mastodon":{"url":"","error":""},"_links":{"self":[{"href":"https:\/\/www.europesays.com\/es\/wp-json\/wp\/v2\/posts\/158946","targetHints":{"allow":["GET"]}}],"collection":[{"href":"https:\/\/www.europesays.com\/es\/wp-json\/wp\/v2\/posts"}],"about":[{"href":"https:\/\/www.europesays.com\/es\/wp-json\/wp\/v2\/types\/post"}],"author":[{"embeddable":true,"href":"https:\/\/www.europesays.com\/es\/wp-json\/wp\/v2\/users\/2"}],"replies":[{"embeddable":true,"href":"https:\/\/www.europesays.com\/es\/wp-json\/wp\/v2\/comments?post=158946"}],"version-history":[{"count":0,"href":"https:\/\/www.europesays.com\/es\/wp-json\/wp\/v2\/posts\/158946\/revisions"}],"wp:featuredmedia":[{"embeddable":true,"href":"https:\/\/www.europesays.com\/es\/wp-json\/wp\/v2\/media\/158947"}],"wp:attachment":[{"href":"https:\/\/www.europesays.com\/es\/wp-json\/wp\/v2\/media?parent=158946"}],"wp:term":[{"taxonomy":"category","embeddable":true,"href":"https:\/\/www.europesays.com\/es\/wp-json\/wp\/v2\/categories?post=158946"},{"taxonomy":"post_tag","embeddable":true,"href":"https:\/\/www.europesays.com\/es\/wp-json\/wp\/v2\/tags?post=158946"}],"curies":[{"name":"wp","href":"https:\/\/api.w.org\/{rel}","templated":true}]}}