{"id":158958,"date":"2025-10-06T05:49:08","date_gmt":"2025-10-06T05:49:08","guid":{"rendered":"https:\/\/www.europesays.com\/es\/158958\/"},"modified":"2025-10-06T05:49:08","modified_gmt":"2025-10-06T05:49:08","slug":"israel-y-hamas-se-sientan-para-negociar-el-fin-de-la-guerra-en-gaza-el-pais-expres","status":"publish","type":"post","link":"https:\/\/www.europesays.com\/es\/158958\/","title":{"rendered":"Israel y Ham\u00e1s se sientan para negociar el fin de la guerra en Gaza | El PA\u00cdS Expr\u00e9s"},"content":{"rendered":"<p><img fetchpriority=\"high\" decoding=\"auto\" class=\"_re  a_m-h\" height=\"414\"  width=\"414\"  src=\"https:\/\/www.europesays.com\/es\/wp-content\/uploads\/2025\/10\/VSYDI4OKKFERVGUVIDW5RKGHEM.jpg\" loading=\"eager\"\/>GAZA CITY (&#8212;), 05\/10\/2025.- An empty Al Remal neighbourhood during an Israeli military operation in Gaza City, Gaza Strip, 05 October 2025. According to the UN around 90 percent of the population or 1.9 million people in Gaza have been displaced since the start of the conflict. More than 67,000 Palestinians have been killed in the Gaza Strip since October 2023, according to the Palestinian Ministry of Health, and about 1,200 Israelis have been killed since the launch of an Israeli military campaign in response to a cross-border attack by Hamas on 07 October 2023. EFE\/EPA\/MOHAMMED SABER&#13;<br \/>\nFoto: MOHAMMED SABER (EFE)<\/p>\n<p class=\"\">Este lunes empiezan las negociaciones en Egipto entre Israel y Ham\u00e1s para poner fin a la invasi\u00f3n de Gaza, tras dos a\u00f1os de conflicto. Sobre la mesa est\u00e1 el plan de paz de Donald Trump, que seg\u00fan el secretario de Estado de Estados Unidos, Marco Rubio, est\u00e1 casi cerrado.<\/p>\n<p class=\"\"><b>Pero llegar a un acuerdo final no ser\u00e1 f\u00e1cil.<\/b> La milicia palestina acept\u00f3 liberar los 48 rehenes israel\u00edes (la mayor\u00eda sin vida), pero se niega a ceder el poder y el control de Gaza. <\/p>\n<ul>\n<li>El primer ministro israel\u00ed, Benjam\u00edn Netanyahu, insiste en que Ham\u00e1s acepte \u201cen su totalidad\u201d la propuesta del presidente estadounidense. <\/li>\n<li>De lo contrario, Washington respaldar\u00e1 plenamente a Israel en sus esfuerzos por dar un fin militar al conflicto, seg\u00fan dijo en una entrevista este domingo.<\/li>\n<li>Mientras, los bombardeos contin\u00faan sobre la Franja. Los muertos superan la centena desde que Trump exigiese el fin de los ataques.<\/li>\n<\/ul>\n<p class=\"\"><b>Los tripulantes de la Flotilla, de vuelta a Espa\u00f1a. <\/b>21 de los 49 espa\u00f1oles que fueron detenidos por Israel aterrizaron en Madrid este domingo. Entre ellos, est\u00e1 la exalcaldesa de Barcelona, Ada Colau, y el concejal de ERC en Barcelona, Jordi Coronas.<\/p>\n<ul>\n<li>A\u00fan quedan 28 espa\u00f1oles en Israel que no han sido deportados todav\u00eda.<\/li>\n<li>\u201cNos han golpeado, nos han arrastrado por los suelos, nos han vendado los ojos, nos han atado de pies y manos, nos han metido en jaulas&#8230;\u201d, describi\u00f3 uno de los voluntarios.<\/li>\n<\/ul>\n<p class=\"\">\u00a9Foto: Mohammes Saber (EFE)<\/p>\n<p class=\"\"><a href=\"https:\/\/elpais.com\/internacional\/2025-10-06\/comienza-en-egipto-la-negociacion-para-la-paz-en-gaza-entre-amenazas-de-trump-y-netanyahu.html\" target=\"_self\" rel=\"nofollow noopener\" title=\"https:\/\/elpais.com\/internacional\/2025-10-06\/comienza-en-egipto-la-negociacion-para-la-paz-en-gaza-entre-amenazas-de-trump-y-netanyahu.html\">Si quieres saber m\u00e1s, puedes leer aqu\u00ed.<\/a><\/p>\n","protected":false},"excerpt":{"rendered":"GAZA CITY (&#8212;), 05\/10\/2025.- An empty Al Remal neighbourhood during an Israeli military operation in Gaza City, Gaza&hellip;\n","protected":false},"author":2,"featured_media":158959,"comment_status":"","ping_status":"","sticky":false,"template":"","format":"standard","meta":{"footnotes":""},"categories":[42],"tags":[13241,17,18,68,352,629,13,14,73,75,11,61,62,63,64,74,19,20,9,10,15,16,76,12,21,22,65,66,67],"class_list":{"0":"post-158958","1":"post","2":"type-post","3":"status-publish","4":"format-standard","5":"has-post-thumbnail","7":"category-internacional","8":"tag-benjamin-netanyahu","9":"tag-breaking-news","10":"tag-breakingnews","11":"tag-conflicto-arabe-israeli","12":"tag-donald-trump","13":"tag-estados-unidos","14":"tag-featured-news","15":"tag-featurednews","16":"tag-franja-gaza","17":"tag-hamas","18":"tag-headlines","19":"tag-internacional","20":"tag-international","21":"tag-international-news","22":"tag-internationalnews","23":"tag-israel","24":"tag-latest-news","25":"tag-latestnews","26":"tag-news","27":"tag-noticias","28":"tag-noticias-destacadas","29":"tag-noticiasdestacadas","30":"tag-palestina","31":"tag-titulares","32":"tag-ultimas-noticias","33":"tag-ultimasnoticias","34":"tag-world","35":"tag-world-news","36":"tag-worldnews"},"share_on_mastodon":{"url":"","error":""},"_links":{"self":[{"href":"https:\/\/www.europesays.com\/es\/wp-json\/wp\/v2\/posts\/158958","targetHints":{"allow":["GET"]}}],"collection":[{"href":"https:\/\/www.europesays.com\/es\/wp-json\/wp\/v2\/posts"}],"about":[{"href":"https:\/\/www.europesays.com\/es\/wp-json\/wp\/v2\/types\/post"}],"author":[{"embeddable":true,"href":"https:\/\/www.europesays.com\/es\/wp-json\/wp\/v2\/users\/2"}],"replies":[{"embeddable":true,"href":"https:\/\/www.europesays.com\/es\/wp-json\/wp\/v2\/comments?post=158958"}],"version-history":[{"count":0,"href":"https:\/\/www.europesays.com\/es\/wp-json\/wp\/v2\/posts\/158958\/revisions"}],"wp:featuredmedia":[{"embeddable":true,"href":"https:\/\/www.europesays.com\/es\/wp-json\/wp\/v2\/media\/158959"}],"wp:attachment":[{"href":"https:\/\/www.europesays.com\/es\/wp-json\/wp\/v2\/media?parent=158958"}],"wp:term":[{"taxonomy":"category","embeddable":true,"href":"https:\/\/www.europesays.com\/es\/wp-json\/wp\/v2\/categories?post=158958"},{"taxonomy":"post_tag","embeddable":true,"href":"https:\/\/www.europesays.com\/es\/wp-json\/wp\/v2\/tags?post=158958"}],"curies":[{"name":"wp","href":"https:\/\/api.w.org\/{rel}","templated":true}]}}