{"id":158962,"date":"2025-10-06T05:51:08","date_gmt":"2025-10-06T05:51:08","guid":{"rendered":"https:\/\/www.europesays.com\/es\/158962\/"},"modified":"2025-10-06T05:51:08","modified_gmt":"2025-10-06T05:51:08","slug":"el-gobierno-de-donald-trump-declara-ciudades-de-eeuu-como-zona-de-guerra","status":"publish","type":"post","link":"https:\/\/www.europesays.com\/es\/158962\/","title":{"rendered":"El gobierno de Donald Trump declara ciudades de EEUU como zona de guerra"},"content":{"rendered":"<p>    <img src=\"https:\/\/www.europesays.com\/es\/wp-content\/uploads\/2025\/10\/2025-10-05T163A533A23Z-90118332.jpg\" width=\"1024\" height=\"682\" alt=\"\" loading=\"eager\" decoding=\"sync\" fetchpriority=\"high\"\/><\/p>\n<p>            afp_tickers        <\/p>\n<p>        Este contenido fue publicado en    <\/p>\n<p>        06 octubre 2025 &#8211; 01:12\n<\/p>\n<p>El gobierno de Donald Trump calific\u00f3 este domingo a Chicago como una \u00abzona de guerra\u00bb para justificar el despliegue de soldados contra la voluntad de la administraci\u00f3n dem\u00f3crata de la ciudad, mientras que tropas en el estado de California fueron enviadas a Oreg\u00f3n pese al bloqueo de esa medida en la justicia.<\/p>\n<p>La oposici\u00f3n acusa al presidente republicano, que ha lanzado una ofensiva contra la delincuencia y la inmigraci\u00f3n, de ejercer el poder de manera autoritaria.<\/p>\n<p>En la noche del s\u00e1bado, Trump autoriz\u00f3 el despliegue de 300 soldados de la Guardia Nacional en Chicago, la tercera ciudad m\u00e1s grande de Estados Unidos, a pesar del rechazo de cargos locales, entre ellos el gobernador del estado de Illinois, cuya capital es Chicago, J.B. Pritzker.\u00a0<\/p>\n<p>La secretaria de Seguridad Nacional, Kristi Noem, defendi\u00f3 este domingo la medida, afirmando en Fox News que Chicago es \u00abuna zona de guerra\u00bb.\u00a0<\/p>\n<p>Pero Pritzker, en el programa \u00abState of the Union\u00bb de CNN, acus\u00f3 a los republicanos de intentar sembrar el caos. \u00abQuieren crear la zona de guerra para poder enviar a\u00fan m\u00e1s tropas. Tienen que largarse de aqu\u00ed cuanto antes\u00bb, dijo.<\/p>\n<p>Una encuesta de CBS publicada el domingo revel\u00f3 que una minor\u00eda de estadounidenses, el 42%, est\u00e1 a favor de desplegar la Guardia Nacional en las ciudades, mientras el 58% se opone.\u00a0<\/p>\n<p>Trump, quien el martes pasado habl\u00f3 de usar el ej\u00e9rcito para una \u00abguerra interna\u00bb, no da se\u00f1ales de ceder en su campa\u00f1a de l\u00ednea dura.<\/p>\n<p>\u00abPortland est\u00e1 en llamas. Hay insurrectos por todas partes\u00bb, dijo este domingo, sin aportar pruebas de ello.<\/p>\n<p>Mike Johnson, presidente republicano de la C\u00e1mara de Representantes, se hizo eco de la ret\u00f3rica del presidente declarando en el programa \u00abMeet the Press\u00bb de la NBC, tambi\u00e9n este domingo, que las tropas de la Guardia Nacional desplegadas en Washington, la capital de Estados Unidos, hab\u00edan acudido a una \u00abzona de guerra literal\u00bb.\u00a0<\/p>\n<p>\u2013 Despliegue en Oreg\u00f3n \u2013<\/p>\n<p>Pero la campa\u00f1a de Trump para recurrir al ej\u00e9rcito para mantener la seguridad interna se top\u00f3 con un obst\u00e1culo la noche del s\u00e1bado en Portland, Oreg\u00f3n, cuando un tribunal dictamin\u00f3 que el despliegue militar en la ciudad era ilegal.<\/p>\n<p>Pese a ello, la gobernadora de Oreg\u00f3n, Tina Kotek, inform\u00f3 el domingo que un contingente de \u00ab101\u00bb guardias nacionales llegados desde California fueron desplegados.<\/p>\n<p>\u00abEsta decisi\u00f3n parece ser intencional para eludir la sentencia de una jueza federal\u00bb ayer, dijo Kotek. \u00abNo hay necesidad de una intervenci\u00f3n militar en Oreg\u00f3n. No hay una insurrecci\u00f3n en Portland\u00bb.<\/p>\n<p>El gobernador de California, el dem\u00f3crata Gavin Newsom, se sum\u00f3 a las cr\u00edticas y prometi\u00f3 acciones legales.<\/p>\n<p>\u00abSu despliegue de la Guardia Nacional de California en Oreg\u00f3n no tiene que ver con la criminalidad. Tiene que ver con el poder. Est\u00e1 utilizando a nuestros militares como peones pol\u00edticos para construir su ego\u00bb, expres\u00f3 Newsom.<\/p>\n<p>Trump ha calificado repetidamente Portland como una \u00abciudad devastada por la guerra\u00bb, pero la jueza federal Karin Immergut hab\u00eda emitido el s\u00e1bado un bloqueo temporal al despliegue militar, argumentando que \u00abla determinaci\u00f3n del presidente simplemente no se ajusta a los hechos\u00bb.\u00a0<\/p>\n<p>Aunque Portland ha sufrido ataques aislados contra agentes y propiedades federales, la administraci\u00f3n de Trump no ha logrado demostrar \u00abque esos episodios de violencia formen parte de un intento organizado de derrocar al gobierno\u00bb que justificara el uso de la fuerza militar, afirm\u00f3 la magistrada.<\/p>\n<p>Uno de los asesores clave de Trump, Stephen Miller, calific\u00f3 la orden de la jueza de \u00abinsurrecci\u00f3n legal\u00bb.<\/p>\n<p>\u2013 Tiroteo en Chicago \u2013\u00a0<\/p>\n<p>Adem\u00e1s del despliegue de tropas, la ofensiva de Trump est\u00e1 siendo liderada por el Servicio de Inmigraci\u00f3n y Control de Aduanas (ICE), una agencia que est\u00e1 creciendo r\u00e1pidamente tanto en personal como en funciones.\u00a0<\/p>\n<p>Las redadas del ICE en todo el pa\u00eds, principalmente en ciudades gobernadas por dem\u00f3cratas, son protagonizadas a menudo por grupos de hombres enmascarados y armados que se desplazan en autos sin identificaci\u00f3n y en veh\u00edculos blindados.<\/p>\n<p>El s\u00e1bado, en Chicago, un agente federal dispar\u00f3 a un automovilista que, seg\u00fan el Departamento de Seguridad Nacional (DHS), estaba armado y embisti\u00f3 a una de sus patrullas.<\/p>\n<p>El 12 de septiembre agentes del ICE mataron a Silverio Villegas Gonz\u00e1lez, un inmigrante de 38 a\u00f1os que habr\u00eda intentado escapar durante un control de tr\u00e1nsito y embestir a una patrulla con su veh\u00edculo.<\/p>\n<p>sms\/sst\/dg\/dga\/val\/cjc<\/p>\n","protected":false},"excerpt":{"rendered":"afp_tickers Este contenido fue publicado en 06 octubre 2025 &#8211; 01:12 El gobierno de Donald Trump calific\u00f3 este&hellip;\n","protected":false},"author":2,"featured_media":158963,"comment_status":"","ping_status":"","sticky":false,"template":"","format":"standard","meta":{"footnotes":""},"categories":[5],"tags":[17,18,3675,636,35005,18680,25,24,13,14,11,27703,19,20,9,10,15,16,5799,2005,23,90,12,21,22],"class_list":{"0":"post-158962","1":"post","2":"type-post","3":"status-publish","4":"format-standard","5":"has-post-thumbnail","7":"category-titulares","8":"tag-breaking-news","9":"tag-breakingnews","10":"tag-civil-unrest","11":"tag-conflict","12":"tag-demographics","13":"tag-demonstration","14":"tag-es","15":"tag-espana","16":"tag-featured-news","17":"tag-featurednews","18":"tag-headlines","19":"tag-immigration","20":"tag-latest-news","21":"tag-latestnews","22":"tag-news","23":"tag-noticias","24":"tag-noticias-destacadas","25":"tag-noticiasdestacadas","26":"tag-social-issues-general","27":"tag-society","28":"tag-spain","29":"tag-ticker","30":"tag-titulares","31":"tag-ultimas-noticias","32":"tag-ultimasnoticias"},"share_on_mastodon":{"url":"","error":""},"_links":{"self":[{"href":"https:\/\/www.europesays.com\/es\/wp-json\/wp\/v2\/posts\/158962","targetHints":{"allow":["GET"]}}],"collection":[{"href":"https:\/\/www.europesays.com\/es\/wp-json\/wp\/v2\/posts"}],"about":[{"href":"https:\/\/www.europesays.com\/es\/wp-json\/wp\/v2\/types\/post"}],"author":[{"embeddable":true,"href":"https:\/\/www.europesays.com\/es\/wp-json\/wp\/v2\/users\/2"}],"replies":[{"embeddable":true,"href":"https:\/\/www.europesays.com\/es\/wp-json\/wp\/v2\/comments?post=158962"}],"version-history":[{"count":0,"href":"https:\/\/www.europesays.com\/es\/wp-json\/wp\/v2\/posts\/158962\/revisions"}],"wp:featuredmedia":[{"embeddable":true,"href":"https:\/\/www.europesays.com\/es\/wp-json\/wp\/v2\/media\/158963"}],"wp:attachment":[{"href":"https:\/\/www.europesays.com\/es\/wp-json\/wp\/v2\/media?parent=158962"}],"wp:term":[{"taxonomy":"category","embeddable":true,"href":"https:\/\/www.europesays.com\/es\/wp-json\/wp\/v2\/categories?post=158962"},{"taxonomy":"post_tag","embeddable":true,"href":"https:\/\/www.europesays.com\/es\/wp-json\/wp\/v2\/tags?post=158962"}],"curies":[{"name":"wp","href":"https:\/\/api.w.org\/{rel}","templated":true}]}}