{"id":158966,"date":"2025-10-06T05:58:10","date_gmt":"2025-10-06T05:58:10","guid":{"rendered":"https:\/\/www.europesays.com\/es\/158966\/"},"modified":"2025-10-06T05:58:10","modified_gmt":"2025-10-06T05:58:10","slug":"por-sanciones-incluso-a-gasly-cambia-la-parrilla-del-gp-de-singapur-de-formula-1-ole","status":"publish","type":"post","link":"https:\/\/www.europesays.com\/es\/158966\/","title":{"rendered":"Por sanciones, incluso a Gasly, cambia la parrilla del GP de Singapur de F\u00f3rmula 1 :: Ol\u00e9"},"content":{"rendered":"<p>05\/10\/2025 08:22hs. Actualizado al 05\/10\/2025 08:31hs.<\/p>\n<p>Cuando ya era de noche en Singapur, a la espera de la carrera que forma parte de la 18a fecha del calendario de la <strong><a href=\"https:\/\/www.ole.com.ar\/tema\/formula-1.html\" title=\"F\u00f3rmula 1\" alt=\"F\u00f3rmula 1\" class=\"slug\" rel=\"nofollow noopener\" target=\"_blank\">F\u00f3rmula 1<\/a><\/strong>, la federaci\u00f3n Internacional del Autom\u00f3vil (FIA) inform\u00f3 sobre los <strong>cambios de \u00faltimo momento en la parrilla de la carrera<\/strong> que se largar\u00e1 a las 9 y se podr\u00e1 ver por Disney+ Premium.<\/p>\n<p>Ambos se generan por <strong>sanciones, ya que en los autos se reemplazaron partes durante el Parque Cerrado<\/strong>, lo cual est\u00e1 prohibido por reglamento. Uno de los monoplazas que no cumpli\u00f3 con las reglas es el <strong>Alpine de Pierre Gasly<\/strong>.<\/p>\n<p><img alt=\"Albon parte desde boxes; Russell, adelante. (AP)\" loading=\"lazy\" width=\"720\" height=\"100\" decoding=\"async\" data-nimg=\"1\" style=\"color:transparent\" src=\"https:\/\/www.europesays.com\/es\/wp-content\/uploads\/2025\/10\/Mqj8GCiFW_720x0__1.jpg\"\/>Albon parte desde boxes; Russell, adelante. (AP)<\/p>\n<p>El franc\u00e9s, compa\u00f1ero de <strong><a href=\"https:\/\/www.ole.com.ar\/tema\/franco-colapinto.html\" title=\"Franco Colapinto\" alt=\"Franco Colapinto\" class=\"slug\" rel=\"nofollow noopener\" target=\"_blank\">Franco Colapinto<\/a><\/strong>, iba a picar en el 18\u00b0 caj\u00f3n pero ahora lo har\u00e1 desde boxes. Lo mismo suceder\u00e1 con <strong>Alex Albon, quien part\u00eda 19\u00b0<\/strong> y tambi\u00e9n lo har\u00e1 desde los pits. El Williams del tailand\u00e9s igual que el de Carlos Sainz hab\u00edan sido descalificados de la qualy <a href=\"https:\/\/www.ole.com.ar\/autos\/dijo-james-vowles-descalificacion-williams-qualy-singapur_0_DmRp2iZHsF.html\" target=\"_self\" title=\"por no pasar con \u00e9xito la revisi\u00f3n t\u00e9cnica\" alt=\"por no pasar con \u00e9xito la revisi\u00f3n t\u00e9cnica\" rel=\"nofollow noopener\">por no pasar con \u00e9xito la revisi\u00f3n t\u00e9cnica<\/a>.<\/p>\n<p><img alt=\"Franco Colapinto largar\u00e1 16\u00b0. (AP).\" loading=\"lazy\" width=\"720\" height=\"100\" decoding=\"async\" data-nimg=\"1\" style=\"color:transparent\" src=\"https:\/\/www.europesays.com\/es\/wp-content\/uploads\/2025\/10\/La1vJfFVH_720x0__1.jpg\"\/>Franco Colapinto largar\u00e1 16\u00b0. (AP).<\/p>\n<p>\u00bfTodo esto afecta a Colapinto? El argentino, que iba a largar 16\u00b0, seguir\u00e1 en ese caj\u00f3n. En todo caso,<strong> tendr\u00e1 dos rivales menos en la parrilla a la hora de acelerar<\/strong>, aunque permanecer\u00e1n el peligroso <strong>Esteban Ocon y Sainz<\/strong>.<\/p>\n<p>Los cambios en los coches de Gasly y Albon<\/p>\n<p>El <strong>suelo<\/strong> del coche n\u00famero 10, el<strong> Alpine de Gasly<\/strong>, <strong>se cambi\u00f3 por uno de diferente especificaci\u00f3n y se modificaron los reglajes de la suspensi\u00f3n<\/strong>. Como se hizo sin la aprobaci\u00f3n del delegado t\u00e9cnico de la FIA, y como especifica el Art\u00edculo 40.9 a) del Reglamento Deportivo de F\u00f3rmula 1 2025, deber\u00e1 largar desde boxes.<\/p>\n<p>En el de<strong> Albon se modificaron los reglajes de la suspensi\u00f3n<\/strong>, por lo tanto le cabe la misma pena que contempla el mencionado art\u00edculo.<\/p>\n<p>La parrilla definitiva del GP de Singapur<\/p>\n<ol>\n<li>George Russell (Mercedes)<\/li>\n<li>Max Verstappen (Red Bull)<\/li>\n<li>Oscar Piastri (McLaren)<\/li>\n<li>Kimi Antonelli (Mercedes)<\/li>\n<li>Lando Norris (McLaren)<\/li>\n<li>Lewis Hamilton (Ferrari)<\/li>\n<li>Charles Leclerc (Ferrari)<\/li>\n<li>Isack Hadjar (Racing Bulls)<\/li>\n<li>Oliver Bearman (Haas)<\/li>\n<li>Fernando Alonso (Aston Martin)<\/li>\n<li>Nico Hulkenberg (Sauber)<\/li>\n<li>Liam Lawson (Racing Bulls)<\/li>\n<li>Yuki Tsunoda (Red Bull)<\/li>\n<li>Gabriel Bortoleto (Sauber)<\/li>\n<li>Lance Stroll (Aston Martin)<\/li>\n<li>Franco Colapinto (Alpine)<\/li>\n<li>Esteban Ocon (Haas)<\/li>\n<li>Carlos Sainz (Williams)<\/li>\n<\/ol>\n<p>Pierre Gasly (Alpine) y Alexander Albon (Williams) largar\u00e1n desde boxes.<\/p>\n","protected":false},"excerpt":{"rendered":"05\/10\/2025 08:22hs. Actualizado al 05\/10\/2025 08:31hs. Cuando ya era de noche en Singapur, a la espera de la&hellip;\n","protected":false},"author":2,"featured_media":158967,"comment_status":"","ping_status":"","sticky":false,"template":"","format":"standard","meta":{"footnotes":""},"categories":[270],"tags":[168,25,24,306,271,272,23,167],"class_list":{"0":"post-158966","1":"post","2":"type-post","3":"status-publish","4":"format-standard","5":"has-post-thumbnail","7":"category-formula-1","8":"tag-deportes","9":"tag-es","10":"tag-espana","11":"tag-f1","12":"tag-formula-1","13":"tag-formula1","14":"tag-spain","15":"tag-sports"},"share_on_mastodon":{"url":"","error":""},"_links":{"self":[{"href":"https:\/\/www.europesays.com\/es\/wp-json\/wp\/v2\/posts\/158966","targetHints":{"allow":["GET"]}}],"collection":[{"href":"https:\/\/www.europesays.com\/es\/wp-json\/wp\/v2\/posts"}],"about":[{"href":"https:\/\/www.europesays.com\/es\/wp-json\/wp\/v2\/types\/post"}],"author":[{"embeddable":true,"href":"https:\/\/www.europesays.com\/es\/wp-json\/wp\/v2\/users\/2"}],"replies":[{"embeddable":true,"href":"https:\/\/www.europesays.com\/es\/wp-json\/wp\/v2\/comments?post=158966"}],"version-history":[{"count":0,"href":"https:\/\/www.europesays.com\/es\/wp-json\/wp\/v2\/posts\/158966\/revisions"}],"wp:featuredmedia":[{"embeddable":true,"href":"https:\/\/www.europesays.com\/es\/wp-json\/wp\/v2\/media\/158967"}],"wp:attachment":[{"href":"https:\/\/www.europesays.com\/es\/wp-json\/wp\/v2\/media?parent=158966"}],"wp:term":[{"taxonomy":"category","embeddable":true,"href":"https:\/\/www.europesays.com\/es\/wp-json\/wp\/v2\/categories?post=158966"},{"taxonomy":"post_tag","embeddable":true,"href":"https:\/\/www.europesays.com\/es\/wp-json\/wp\/v2\/tags?post=158966"}],"curies":[{"name":"wp","href":"https:\/\/api.w.org\/{rel}","templated":true}]}}