{"id":158968,"date":"2025-10-06T06:03:08","date_gmt":"2025-10-06T06:03:08","guid":{"rendered":"https:\/\/www.europesays.com\/es\/158968\/"},"modified":"2025-10-06T06:03:08","modified_gmt":"2025-10-06T06:03:08","slug":"trump-es-el-fascista-contemporaneo","status":"publish","type":"post","link":"https:\/\/www.europesays.com\/es\/158968\/","title":{"rendered":"Trump es el fascista contempor\u00e1neo"},"content":{"rendered":"<p>El \u00faltimo libro de Rob Riemen (Pa\u00edses Bajos, 1962) est\u00e1 lleno de grandes nombres de la historia del pensamiento. Aparecen George Orwell, Simone Weil o Thomas Mann, pero no lo hacen en grandes textos pesados \u200b\u200bsobre filosof\u00eda, sino a trav\u00e9s de una serie de historias que recuerdan m\u00e1s bien la tradici\u00f3n oral, cuentos que padres, abuelos y profesores pueden contarnos desde peque\u00f1os. A trav\u00e9s de ellos, Riemen reivindica el humanismo, la cultura cl\u00e1sica europea y la palabra para combatir al fascismo. La palabra vencedora de la muerte (Arcadia) es, en sus propias palabras, un ensayo para entender lo que es la verdadera grandeza.<\/p>\n<p class=\"question\">\u00bfPor qu\u00e9 son importantes las palabras?<\/p>\n<p class=\"answer\">\u2014 Son el mayor regalo que se nos ha dado. Gracias a las palabras, podemos recordar, imaginar, pensar un futuro. Seguro que recuerdas alguna frase de tus padres o el poema que aprendiste de memoria de peque\u00f1o y que te sigue ayudando hoy. La magia de las palabras es enorme. Es imposible escuchar a Martin Luther King diciendo \u00abtengo un sue\u00f1o\u00bb y no emocionarse, y es un discurso que hoy sigue siendo una inspiraci\u00f3n para muchos. \u00c9sta es la diferencia fundamental entre las palabras de los pol\u00edticos y los talk shows de la televisi\u00f3n, que carecen de sentido, y las palabras que tienen fuerza y \u200b\u200bemoci\u00f3n. Y que son las palabras que s\u00ed, que pueden vencer a la muerte.<\/p>\n<p class=\"question\">Dice que deben utilizarse las palabras adecuadas. No decir &#8216;extrema derecha&#8217;, sino &#8216;fascismo&#8217;. \u00bfPor qu\u00e9?<\/p>\n<p class=\"answer\">\u2014 Porque entonces sabemos a qu\u00e9 nos enfrentamos. Se ha estado tanto tiempo hablando de populismo que hemos llegado tarde para que la gente se d\u00e9 cuenta de lo que est\u00e1 pasando, y el ejemplo m\u00e1s claro lo tenemos en Estados Unidos. En 2018 dije: Trump es su fascista contempor\u00e1neo. Ellos no lo ve\u00edan porque creen que el fascismo es europeo y tambi\u00e9n porque repet\u00edan que no es violento. Bien, lo es en el lenguaje. Y todo lo que est\u00e1 en el lenguaje termina saliendo. En el pr\u00f3logo del libro aparece el fantasma de Thomas Mann mostrando un art\u00edculo sobre Hitler. Todo lo que se dice sobre Hitler puede relacionarse con Trump.<\/p>\n<p class=\"question\">Si son tan malos, \u00bfpor qu\u00e9 les votan?<\/p>\n<p class=\"answer\">\u2014 Por distintos fen\u00f3menos. La tentaci\u00f3n de formar parte de la multitud, que funciona como los partidos de f\u00fatbol, \u200b\u200bdonde existe una respuesta masiva de pura emoci\u00f3n, y no de pensamiento. En segundo lugar, por un sistema econ\u00f3mico que alimenta la codicia todo el tiempo. Sin valores morales y espirituales, se abre la puerta a los demagogos. Ya lo hemos visto en el pasado. Y despu\u00e9s porque la democracia es el sistema que debemos perseguir, pero requiere condiciones: libertad de prensa, expresi\u00f3n, voto y equilibrio de poder. Pero la condici\u00f3n principal es que la gente est\u00e9 educada, por eso son importantes los medios de comunicaci\u00f3n. Y hoy, las redes son veneno y no existe un sentido uniforme de lo que son los hechos. \u00bfC\u00f3mo es posible que 80 a\u00f1os despu\u00e9s de la Segunda Guerra Mundial, y menos de 50 a\u00f1os despu\u00e9s de Franco, lo estemos tirando todo? \u00bfSomos tan est\u00fapidos? Y mi respuesta es: s\u00ed, somos as\u00ed de est\u00fapidos.<\/p>\n<p class=\"question\">M\u00e1s all\u00e1 de la pol\u00edtica, el poder es hoy econ\u00f3mico y tecnol\u00f3gico. Afirma en el libro que vivimos en un Gran Hermano.<\/p>\n<p class=\"answer\">\u2014 La privacidad es libertad. Y hoy vemos c\u00f3mo los algoritmos nos ponen en nuestra cueva. El problema no es s\u00f3lo que estamos controlados, porque Google y Facebook lo saben todo de nosotros y ganan muchos millones con esto, sino que son drogas digitales que destruyen el cerebro. Tenemos a ni\u00f1os que no podr\u00e1n leer un libro cl\u00e1sico porque han perdido la capacidad de concentraci\u00f3n. Otros est\u00e1n deprimidos, inseguros, sin capacidad de comunicarse. Y es nuestra responsabilidad. Cuando hablamos de drogas como la coca\u00edna, se cierra a los responsables en prisi\u00f3n. Zuckerberg, Bezos y los chicos de Google deber\u00edan estar entre rejas, lo que hacen es destructivo.<\/p>\n<p class=\"question\">Dice que existe un problema de falta de espiritualidad tanto secular como religiosa. \u00bfPor qu\u00e9?<\/p>\n<p class=\"answer\">\u2014 Los seres humanos, a diferencia de las m\u00e1quinas o de la inteligencia artificial, somos espirituales. Tenemos instintos, tenemos la raz\u00f3n y la capacidad de pensar. Y cuando nos encontramos con un fen\u00f3meno que quiere reducir los instintos b\u00e1sicos a trabajar, consumir y disfrutar de forma hedonista, sin valor, nos quitan el sentido de la dignidad humana. Creo que debemos preguntarnos: \u00bfes esto lo que queremos ser?<\/p>\n<p class=\"question\">Lo primero es ser conscientes de lo que somos.<\/p>\n<p class=\"answer\">\u2014 Esto es fundamental, porque ahora tambi\u00e9n tenemos negaci\u00f3n. Cuando Biden y Obama ven la victoria de Trump, dicen: esto no es lo que somos. O alg\u00fan amigo israel\u00ed me dice: lo que est\u00e1 ocurriendo no es el verdadero Israel. Desgraciadamente, ellos ponen a esta gente en el poder y los mantienen en el poder. Al igual que en mi pa\u00eds gan\u00f3 el se\u00f1or Wilders. O sea que s\u00ed, es lo que somos. Y hemos perdido el espejo cr\u00edtico por mirarnos a nosotros mismos y cuestionarnos.<\/p>\n<p class=\"question\">\u00bfC\u00f3mo recuperar la dignidad humana?<\/p>\n<p class=\"answer\">\u2014 El poder es adictivo, el dinero tambi\u00e9n lo es, la fama\u2026 forma parte de la naturaleza humana. Pero m\u00e1s all\u00e1 de todo esto, todos nos enfrentamos a dos preguntas cruciales al pasar por la vida. \u00bfQui\u00e9n soy? \u00bfY qu\u00e9 har\u00e9 con mi vida? Y esto nunca desaparece. De ah\u00ed la filosof\u00eda religiosa, necesitamos encontrar respuesta a las preguntas b\u00e1sicas. Y la respuesta no la da la IA, ni la tecnolog\u00eda, ni una cuenta bancaria. De modo que tienes varias opciones. Devolverte un fan\u00e1tico de la religi\u00f3n o la pol\u00edtica. Decidir que no tiene sentido, y entonces puedes acabar. O puedes ir a los libros, a la filosof\u00eda, a las musas. Tenemos lo que dijo Homer en la Odisea, o Thomas Mann en La monta\u00f1a m\u00e1gica. Es lo que intento hacer con este libro: decir, mirad, aqu\u00ed tenemos algunas historias que pueden ayudarnos.<\/p>\n<p class=\"question\">En Espa\u00f1a hubo no hace mucho una controversia sobre los libros. Una de las &#8216;influencers&#8217; con m\u00e1s seguidores, Mar\u00eda Pombo, dijo: no sois mejores para que le guste leer.<\/p>\n<p class=\"answer\">\u2014 El analfabetismo en Occidente es un fen\u00f3meno de masas. Si pudiera hablar con ella, la felicitar\u00eda por ser famosa, y le contar\u00eda una historia preciosa que se encuentra en las cartas que Vincent van Gogh enviaba a su hermano Theo.<\/p>\n<p class=\"question\">\u00bfCu\u00e1l?<\/p>\n<p class=\"answer\">\u2014 La historia de los dos hermanos que fundaron el mundo, y pudieron escoger lo que quisieran en la vida. Uno eligi\u00f3 el dinero, y el otro, un libro. Seg\u00fan esta historia, el hermano que hab\u00eda escogido el dinero tuvo \u00e9xito, todo el mundo le amaba y era famoso. Y el hermano que ten\u00eda el libro se march\u00f3 a una isla, y vivi\u00f3 algunas situaciones complicadas. Y con el tiempo, les golpe\u00f3 una tragedia. El rico no pod\u00eda hacer nada, el hermano que hab\u00eda escogido el libro hab\u00eda aprendido algo sobre enfrentarse a la vida. Si pudiera hablar, le preguntar\u00eda qu\u00e9 es lo que para ella importa en la vida. Porque nadie escapa del sentido tr\u00e1gico de la vida. Y cuando la golpee alguna situaci\u00f3n tr\u00e1gica, esos libros que ella menosprecia pueden ser una salvaci\u00f3n. Quiz\u00e1 leyendo la carta de Van Gogh podr\u00eda empezar a entender algo, pobre chica. Porque es una pobre chica. Y la historia le expondr\u00eda a ella como lo que es, una persona est\u00fapida.<\/p>\n","protected":false},"excerpt":{"rendered":"El \u00faltimo libro de Rob Riemen (Pa\u00edses Bajos, 1962) est\u00e1 lleno de grandes nombres de la historia del&hellip;\n","protected":false},"author":2,"featured_media":158969,"comment_status":"","ping_status":"","sticky":false,"template":"","format":"standard","meta":{"footnotes":""},"categories":[172],"tags":[224,28653,146,147,25,24,30387,225,23,936],"class_list":{"0":"post-158968","1":"post","2":"type-post","3":"status-publish","4":"format-standard","5":"has-post-thumbnail","7":"category-libros","8":"tag-books","9":"tag-contemporaneo","10":"tag-entertainment","11":"tag-entretenimiento","12":"tag-es","13":"tag-espana","14":"tag-fascista","15":"tag-libros","16":"tag-spain","17":"tag-trump"},"share_on_mastodon":{"url":"","error":""},"_links":{"self":[{"href":"https:\/\/www.europesays.com\/es\/wp-json\/wp\/v2\/posts\/158968","targetHints":{"allow":["GET"]}}],"collection":[{"href":"https:\/\/www.europesays.com\/es\/wp-json\/wp\/v2\/posts"}],"about":[{"href":"https:\/\/www.europesays.com\/es\/wp-json\/wp\/v2\/types\/post"}],"author":[{"embeddable":true,"href":"https:\/\/www.europesays.com\/es\/wp-json\/wp\/v2\/users\/2"}],"replies":[{"embeddable":true,"href":"https:\/\/www.europesays.com\/es\/wp-json\/wp\/v2\/comments?post=158968"}],"version-history":[{"count":0,"href":"https:\/\/www.europesays.com\/es\/wp-json\/wp\/v2\/posts\/158968\/revisions"}],"wp:featuredmedia":[{"embeddable":true,"href":"https:\/\/www.europesays.com\/es\/wp-json\/wp\/v2\/media\/158969"}],"wp:attachment":[{"href":"https:\/\/www.europesays.com\/es\/wp-json\/wp\/v2\/media?parent=158968"}],"wp:term":[{"taxonomy":"category","embeddable":true,"href":"https:\/\/www.europesays.com\/es\/wp-json\/wp\/v2\/categories?post=158968"},{"taxonomy":"post_tag","embeddable":true,"href":"https:\/\/www.europesays.com\/es\/wp-json\/wp\/v2\/tags?post=158968"}],"curies":[{"name":"wp","href":"https:\/\/api.w.org\/{rel}","templated":true}]}}