{"id":158991,"date":"2025-10-06T06:26:15","date_gmt":"2025-10-06T06:26:15","guid":{"rendered":"https:\/\/www.europesays.com\/es\/158991\/"},"modified":"2025-10-06T06:26:15","modified_gmt":"2025-10-06T06:26:15","slug":"asi-es-el-libro-mas-personal-de-la-interiorista-marta-de-la-rica","status":"publish","type":"post","link":"https:\/\/www.europesays.com\/es\/158991\/","title":{"rendered":"as\u00ed es el libro m\u00e1s personal de la interiorista Marta de la Rica"},"content":{"rendered":"<p data-journey-content=\"true\" data-node-id=\"2\" class=\"css-6wxqfj emevuu60\">Era el verano de 1984 cuando <strong data-node-id=\"2.1\">\u00c9ric Rohmer<\/strong> rodaba El rayo verde en Biarritz. Es la historia de una mujer que no encuentra su lugar, en un verano at\u00edpico y solitario en el que las cosas buenas que trae el azar se hacen esperar. Ese mismo a\u00f1o, <strong data-node-id=\"2.5\">Marta de la Rica<\/strong> nac\u00eda en Nueva York. Espa\u00f1ola de coraz\u00f3n y francesa de adopci\u00f3n, es la perfecta antagonista del personaje del creador de Comedias y proverbios. <strong data-node-id=\"2.9\">La identidad polis\u00e9mica de esta interiorista es uno de los rasgos de su estilo<\/strong>, en el que siempre hay una constante vuelta al origen, al lugar donde todo tiene su raz\u00f3n de ser: Biarritz. La familia. Vivir en familia en Biarritz.<\/p>\n<p><img draggable=\"true\" alt=\"marta de la rica decoradora libro, casetas playa biarritz\" title=\"casetas playa biarritz\" loading=\"lazy\" width=\"2500\" height=\"3258\" decoding=\"async\" data-nimg=\"1\" style=\"color:transparent;width:100%;height:auto;\"   src=\"https:\/\/www.europesays.com\/es\/wp-content\/uploads\/2025\/10\/casetas-playa-68de54e718a8f.jpg\" class=\"css-0 e1g79fud0\"\/><\/p>\n<p>NEIGE THEBAULT<\/p>\n<p><img draggable=\"true\" alt=\"libro decoracion marta de la rica, biarritz\" title=\"libro decoracion marta de la rica, biarritz\" loading=\"lazy\" width=\"2500\" height=\"3259\" decoding=\"async\" data-nimg=\"1\" style=\"color:transparent;width:100%;height:auto;\"   src=\"https:\/\/www.europesays.com\/es\/wp-content\/uploads\/2025\/10\/edificio-68de5cbaa5d73.jpg\" class=\"css-0 e1g79fud0\"\/><\/p>\n<p>NEIGE THEBAULT<\/p>\n<p><img draggable=\"true\" alt=\"pueblo costero, libro decoracion marta de la rica\" title=\"pueblo costero, libro decoracion marta de la rica\" loading=\"lazy\" width=\"2500\" height=\"3259\" decoding=\"async\" data-nimg=\"1\" style=\"color:transparent;width:100%;height:auto;\"   src=\"https:\/\/www.europesays.com\/es\/wp-content\/uploads\/2025\/10\/pueblo-68de5d7cdcac1.jpg\" class=\"css-0 e1g79fud0\"\/>NEIGE THEBAULT<\/p>\n<p>Adem\u00e1s de Biarritz, en el libro se han retratado los colores de otros pueblos del Pa\u00eds Vasco franc\u00e9s. como Gu\u00e9tary (en la foto), Arcangues, Ahetze, La Rhune, San Juan de Luz y Bidart.<\/p>\n<p data-journey-content=\"true\" data-node-id=\"8\" class=\"css-6wxqfj emevuu60\">\u201cMi padre cuenta que vino interno un verano, con 9 a\u00f1os, a un colegio por aqu\u00ed, y desde entonces se enamor\u00f3 de este lugar. No s\u00e9 si el arraigo se remonta tan atr\u00e1s\u2026 pero lo que s\u00ed es cierto es que, desde hace 39 a\u00f1os, mis padres decidieron venir aqu\u00ed en verano y arrastraron a muchos familiares. Al principio nos aloj\u00e1bamos con mi abuela materna; m\u00e1s tarde, mis padres compraron una casa que estaba siempre llena de vida y de gente. Hace 4 a\u00f1os que tengo mi propia casa, que se comunica con la suya a trav\u00e9s del jard\u00edn.  As\u00ed que todo gira en torno a ese espacio verde y a una gran mesa (cada vez m\u00e1s grande) en la que desayunamos, comemos y cenamos. Estamos todos juntos\u2026 pero no revueltos\u201d, cuenta Marta, que le <strong data-node-id=\"8.1\">ha dedicado a este pueblo costero un libr<\/strong><strong data-node-id=\"8.2\">o en el que registra un vocabulario propio de colores y recuerdos<\/strong>, a la manera de <strong data-node-id=\"8.4\">Michel Pastoreau<\/strong>, pero sirvi\u00e9ndose de im\u00e1genes del fot\u00f3grafo Neige Thebault. <\/p>\n<p><img draggable=\"true\" alt=\"marta de la rica decoradora libro\" title=\"marta de la rica libro decoracion\" loading=\"lazy\" width=\"2500\" height=\"3737\" decoding=\"async\" data-nimg=\"1\" style=\"color:transparent;width:100%;height:auto;\"   src=\"https:\/\/www.europesays.com\/es\/wp-content\/uploads\/2025\/10\/foto-perfil-2-68de5e3e4e141.jpg\" class=\"css-0 e1g79fud0\"\/><\/p>\n<p>NEIGE THEBAULT<\/p>\n<blockquote data-theme-key=\"pullquote\" class=\"css-1eiql25 e1pe3zr91\">\n<blockquote class=\"css-an8ppt e1pe3zr90\"><p>\u201cBiarritz es sexy, ecl\u00e9ctica y aut\u00e9ntica,  tiene un magnetismo natural de contrastes inesperados\u201d <\/p><\/blockquote>\n<\/blockquote>\n<p><img draggable=\"true\" alt=\"gaztelur restaurante biarritz marta de la rica\" title=\"gaztelur restaurante biarritz marta de la rica\" loading=\"lazy\" width=\"2500\" height=\"3259\" decoding=\"async\" data-nimg=\"1\" style=\"color:transparent;width:100%;height:auto;\"   src=\"https:\/\/www.europesays.com\/es\/wp-content\/uploads\/2025\/10\/gaztelur-68de5ecd369c6.jpg\" class=\"css-0 e1g79fud0\"\/>NEIGE THEBAULT<\/p>\n<p>El universo Gaztelur. Esta antigua casa solariega, que data de 1401, es hoy un restaurante, florister\u00eda y el proyecto que comparten Marta y su padre, Javier de la Rica.<\/p>\n<p data-journey-content=\"true\" data-node-id=\"13\" class=\"css-6wxqfj emevuu60\">\u00abPrecisamente, Neige es de Biarritz, y desde el primer momento supo captar mi mundo y mi universo, adem\u00e1s de conocer la zona a la perfecci\u00f3n. Tiene esa capacidad de fotografiar no solo lo que se ve, sino tambi\u00e9n lo que no se ve, lo que parad\u00f3jicamente hace que la imagen sea todav\u00eda m\u00e1s rica. Pim, que ha escrito el pr\u00f3logo, ha colaborado en el estudio en varios proyectos y tiene un don especial para captar lo peque\u00f1o, lo sutil, lo que pasa desapercibido, y traducirlo en palabras. Sab\u00eda que era la persona perfecta para <strong data-node-id=\"13.1\">expresar lo que significa Biarritz para m\u00ed<\/strong>. Se instal\u00f3 en mi casa durante una semana para escribir el texto, y logr\u00f3 describir en pocas palabras todo lo que este lugar representa\u00bb, explica Marta.<\/p>\n<p><img draggable=\"true\" alt=\"marta de la rica decoradora libro\" title=\"libro decoracion marta de la rica\" loading=\"lazy\" width=\"2500\" height=\"3259\" decoding=\"async\" data-nimg=\"1\" style=\"color:transparent;width:100%;height:auto;\"   src=\"https:\/\/www.europesays.com\/es\/wp-content\/uploads\/2025\/10\/fachada-antiquites-68de60813ecc4.jpg\" class=\"css-0 e1g79fud0\"\/>NEIGE THEBAULT<\/p>\n<p>El anticuario de Isabelle Marc es uno de los lugares favoritos de Marta de la Rica.<\/p>\n<p><img draggable=\"true\" alt=\"marta de la rica decoradora libro, quiosco helados biarritz\" title=\"quiosco helados biarritz\" loading=\"lazy\" width=\"2500\" height=\"3258\" decoding=\"async\" data-nimg=\"1\" style=\"color:transparent;width:100%;height:auto;\"   src=\"https:\/\/www.europesays.com\/es\/wp-content\/uploads\/2025\/10\/helados-68de615bebef1.jpg\" class=\"css-0 e1g79fud0\"\/>NEIGE THEBAULT<\/p>\n<p>El quiosco de helados artesanales de Mon Lopez, toda una instituci\u00f3n en la Grand Plage.<\/p>\n<p data-journey-content=\"true\" data-node-id=\"20\" class=\"css-6wxqfj emevuu60\"><strong data-node-id=\"20.0\">\u00bfCuando supo que quer\u00eda ser interiorista? <\/strong>Dice que desde ni\u00f1a le interesaba el tema. \u00abMe hac\u00eda mis propios archivadores con dibujos de muebles y recortes de revistas. Cuando mi padre compr\u00f3 la casa de la que hablaba antes, yo ten\u00eda 12 a\u00f1os y me encantaba participar en todo\u00bb. El \u00abexperimento\u00bb sali\u00f3 bien, porque ha hecho carrera y le llueven los proyectos. Acaba de terminar un <a href=\"https:\/\/www.elledecor.com\/es\/hoteles-restaurantes-planes\/a65886693\/hotel-andaluz-colores-sur-mid-century-escapada\/\" target=\"_blank\" data-vars-ga-outbound-link=\"https:\/\/www.elledecor.com\/es\/hoteles-restaurantes-planes\/a65886693\/hotel-andaluz-colores-sur-mid-century-escapada\/\" data-vars-ga-ux-element=\"Hyperlink\" data-vars-ga-call-to-action=\"nuevo hotel en M\u00e1laga\" data-node-id=\"20.2\" class=\"body-link css-15fjk10 emevuu60\" rel=\"nofollow noopener\">nuevo hotel en M\u00e1laga<\/a> para Christine Bedford. \u00abCreo que el estilo es algo vivo, que evoluciona con la vida. Hay una forma de mirar que despu\u00e9s se traduce en un estilo particular, y que, al estar tan ligada a la experiencia vital, es precisamente lo que lo hace genuino\u00bb, dice Marta. <\/p>\n<p><img draggable=\"true\" alt=\"marta de la rica decoradora libro\" title=\"acuario biarritz\" loading=\"lazy\" width=\"2500\" height=\"3258\" decoding=\"async\" data-nimg=\"1\" style=\"color:transparent;width:100%;height:auto;\"   src=\"https:\/\/www.europesays.com\/es\/wp-content\/uploads\/2025\/10\/musee-de-la-mer-68de6220ed22b.jpg\" class=\"css-0 e1g79fud0\"\/>NEIGE THEBAULT<\/p>\n<p>El acuario, junto a la Plage du Port Vieux, es uno de los lugares emblem\u00e1ticos de Biarritz.<\/p>\n<p><img draggable=\"true\" alt=\"marta de la rica decoradora libro\" title=\"playa biarritz libro marta de la rica\" loading=\"lazy\" width=\"2500\" height=\"3259\" decoding=\"async\" data-nimg=\"1\" style=\"color:transparent;width:100%;height:auto;\"   src=\"https:\/\/www.europesays.com\/es\/wp-content\/uploads\/2025\/10\/playa-68de5f9d15931.jpg\" class=\"css-0 e1g79fud0\"\/><\/p>\n<p>NEIGE THEBAULT<\/p>\n<p><img draggable=\"true\" alt=\"marta de la rica decoradora libro\" title=\"libro marta de la rica decoracion\" loading=\"lazy\" width=\"3258\" height=\"2500\" decoding=\"async\" data-nimg=\"1\" style=\"color:transparent;width:100%;height:auto;\"   src=\"https:\/\/www.europesays.com\/es\/wp-content\/uploads\/2025\/10\/mi-coleccion-68de62bad1c26.jpg\" class=\"css-0 e1g79fud0\"\/><\/p>\n<p>NEIGE THEBAULT<\/p>\n<p data-journey-content=\"true\" data-node-id=\"25\" class=\"css-6wxqfj emevuu60\">En el precioso volumen aparecen interiores de sus proyectos en la zona, pero unidos a otras im\u00e1genes ricas en texturas: rincones privados, flores, patrones, juegos y tiendas delicatessen, <a href=\"https:\/\/www.elledecor.com\/es\/decoracion\/a64891301\/objetos-antiguos-vintage-valiosos\/\" target=\"_blank\" data-vars-ga-outbound-link=\"https:\/\/www.elledecor.com\/es\/decoracion\/a64891301\/objetos-antiguos-vintage-valiosos\/\" data-vars-ga-ux-element=\"Hyperlink\" data-vars-ga-call-to-action=\"tiendas de antig\u00fcedades\" data-node-id=\"25.3\" class=\"body-link css-15fjk10 emevuu60\" rel=\"nofollow noopener\">tiendas de antig\u00fcedades<\/a>, paisajes del litoral con brillantes verdes y azules, momentos de intimidad con sus hijas, o la belleza de los espacios de <a href=\"https:\/\/gaztelur.com\/\" target=\"_blank\" data-vars-ga-outbound-link=\"https:\/\/gaztelur.com\/\" data-vars-ga-ux-element=\"Hyperlink\" data-vars-ga-call-to-action=\"Gaztelur\" data-node-id=\"25.5\" class=\"body-link css-15fjk10 emevuu60\" rel=\"nofollow noopener\">Gaztelur<\/a>, el restaurante-boutique-florister\u00eda que regenta junto a su padre. Adem\u00e1s, <strong data-node-id=\"25.7\">el libro recoge un cat\u00e1logo de treinta objetos que, de una u otra forma, tienen un significado especial para Marta<\/strong>. \u201cDe todos ellos podr\u00eda contar una historia: su uso, su procedencia, qui\u00e9n me lo regal\u00f3 o con qui\u00e9n lo compr\u00e9\u201d, explica. El suyo es un arte con muchas tonalidades, <strong data-node-id=\"25.9\">un fen\u00f3meno tan raro como la visi\u00f3n del rayon vert del universo rohmeriano<\/strong>.<\/p>\n<p><img draggable=\"true\" alt=\"libo decoracion biarritz\" title=\"libo decoracion biarritz\" loading=\"lazy\" width=\"2500\" height=\"3737\" decoding=\"async\" data-nimg=\"1\" style=\"color:transparent;width:100%;height:auto;\"   src=\"https:\/\/www.europesays.com\/es\/wp-content\/uploads\/2025\/10\/m-libromartadelarica-38-68de507353700.jpg\" class=\"css-0 e1g79fud0\"\/><\/p>\n<p>NEIGE THEBAULT<\/p>\n<p><img draggable=\"true\" alt=\"marta de la rica decoradora libro\" title=\"libro marta de la rica decoracion\" loading=\"lazy\" width=\"2500\" height=\"3737\" decoding=\"async\" data-nimg=\"1\" style=\"color:transparent;width:100%;height:auto;\"   src=\"https:\/\/www.europesays.com\/es\/wp-content\/uploads\/2025\/10\/libromartadelarica-99-68de631316a64.jpg\" class=\"css-0 e1g79fud0\"\/><\/p>\n<p>NEIGE THEBAULT<\/p>\n<p>A vocabulary of color. Marta de la Rica<\/p>\n<p data-journey-content=\"true\" data-node-id=\"30\" class=\"body-text css-6wxqfj emevuu60\">Esta exclusiva edici\u00f3n, de m\u00e1s de 250 p\u00e1ginas y 800 ejemplares, es un inventario de recuerdos y un paseo por la g\u00e9nesis de un estilo \u00fanico. Pr\u00f3logo de Pim Sottomayor. <a href=\"https:\/\/martadelarica.es\/\" target=\"_blank\" rel=\"nofollow noopener\" data-vars-ga-outbound-link=\"https:\/\/martadelarica.es\/\" data-vars-ga-ux-element=\"Hyperlink\" data-vars-ga-call-to-action=\"www.martadelarica.es\" data-node-id=\"30.1\" class=\"body-link css-15fjk10 emevuu60\">www.martadelarica.es<\/a><\/p>\n<p>Contenidos relacionados<img src=\"https:\/\/www.europesays.com\/es\/wp-content\/uploads\/2025\/10\/6211e860-5b28-4a9a-bc21-b0086c940e23_1683282353.file\" alt=\"Headshot of Alejandra Manzano\" title=\"Headshot of Alejandra Manzano\" width=\"100%\" height=\"100%\" decoding=\"async\" loading=\"lazy\" class=\"css-o0wq4v ev8dhu53\"\/><\/p>\n<p>\u00a0<a href=\"https:\/\/www.linkedin.com\/in\/alejandramanzano\/\" rel=\"nofollow noopener\" target=\"_blank\">Alejandra Manzano<\/a> \u00a0es redactora experta en arquitectura, arte y dise\u00f1o. Antes de encontrar su trabajo favorito, ha concentrado 15 a\u00f1os de experiencia en el campo de la edici\u00f3n, la direcci\u00f3n de arte, la publicidad y la comunicaci\u00f3n cultural.<\/p>\n<p>\u00a0Licenciada en Bellas Artes por la UCLM, siempre se ha sentido atra\u00edda por la belleza de los objetos y los espacios, y por las personas con esp\u00edritu creativo.\u00a0<\/p>\n<p>\u00a0Empez\u00f3 a trabajar en agencias de publicidad como copy, y, posteriormente, fue dircom de un laboratorio farmac\u00e9utico y Social Media Manager de Fundaci\u00f3n Montemadrid, Alfaguara y Santillana, que le permitieron compaginar su trabajo con la literatura y el arte, sus otras grandes pasiones adem\u00e1s del dise\u00f1o.\u00a0<\/p>\n<p>\u00a0Tras casi una d\u00e9cada dedicada a la comunicaci\u00f3n, dio un importante giro en su trayectoria profesional haci\u00e9ndose un hueco como ilustradora de prensa, publicando regularmente en medios como ICON y El Mundo, y editoriales como Espasa o Perif\u00e9rica. Ha sido profesora de dise\u00f1o gr\u00e1fico en la Escuela Internacional de Protocolo y, tras completar su formaci\u00f3n en edici\u00f3n y correcci\u00f3n, trabaj\u00f3 como coordinadora de libros de arte y fotograf\u00eda en La F\u00e1brica. Tambi\u00e9n ha formado parte de festivales como Madrid Design Festival o PHotoEspa\u00f1a.\u00a0\u00a0<\/p>\n<p>\u00a0Siempre a la b\u00fasqueda de casas y cosas bonitas (incluyendo hoteles, objetos de dise\u00f1o o proyectos de interiorismo) ha sido redactora en numerosos medios especializados entre los que se cuentan AD, Arquitectura y Dise\u00f1o y Diariodesign. Los que la conocen dicen que no hay nada que le haga m\u00e1s feliz que viajar, aprender historia antigua, la voz de Elvis Presley y ver pelis de Casavettes.\u00a0<\/p>\n","protected":false},"excerpt":{"rendered":"Era el verano de 1984 cuando \u00c9ric Rohmer rodaba El rayo verde en Biarritz. Es la historia de&hellip;\n","protected":false},"author":2,"featured_media":158992,"comment_status":"","ping_status":"","sticky":false,"template":"","format":"standard","meta":{"footnotes":""},"categories":[172],"tags":[224,253,146,147,25,24,225,12719,23],"class_list":{"0":"post-158991","1":"post","2":"type-post","3":"status-publish","4":"format-standard","5":"has-post-thumbnail","7":"category-libros","8":"tag-books","9":"tag-discover","10":"tag-entertainment","11":"tag-entretenimiento","12":"tag-es","13":"tag-espana","14":"tag-libros","15":"tag-print","16":"tag-spain"},"share_on_mastodon":{"url":"","error":""},"_links":{"self":[{"href":"https:\/\/www.europesays.com\/es\/wp-json\/wp\/v2\/posts\/158991","targetHints":{"allow":["GET"]}}],"collection":[{"href":"https:\/\/www.europesays.com\/es\/wp-json\/wp\/v2\/posts"}],"about":[{"href":"https:\/\/www.europesays.com\/es\/wp-json\/wp\/v2\/types\/post"}],"author":[{"embeddable":true,"href":"https:\/\/www.europesays.com\/es\/wp-json\/wp\/v2\/users\/2"}],"replies":[{"embeddable":true,"href":"https:\/\/www.europesays.com\/es\/wp-json\/wp\/v2\/comments?post=158991"}],"version-history":[{"count":0,"href":"https:\/\/www.europesays.com\/es\/wp-json\/wp\/v2\/posts\/158991\/revisions"}],"wp:featuredmedia":[{"embeddable":true,"href":"https:\/\/www.europesays.com\/es\/wp-json\/wp\/v2\/media\/158992"}],"wp:attachment":[{"href":"https:\/\/www.europesays.com\/es\/wp-json\/wp\/v2\/media?parent=158991"}],"wp:term":[{"taxonomy":"category","embeddable":true,"href":"https:\/\/www.europesays.com\/es\/wp-json\/wp\/v2\/categories?post=158991"},{"taxonomy":"post_tag","embeddable":true,"href":"https:\/\/www.europesays.com\/es\/wp-json\/wp\/v2\/tags?post=158991"}],"curies":[{"name":"wp","href":"https:\/\/api.w.org\/{rel}","templated":true}]}}