{"id":158996,"date":"2025-10-06T06:30:11","date_gmt":"2025-10-06T06:30:11","guid":{"rendered":"https:\/\/www.europesays.com\/es\/158996\/"},"modified":"2025-10-06T06:30:11","modified_gmt":"2025-10-06T06:30:11","slug":"veinticinco-anos-odiando-a-luis-figo-nunca-se-explico-ante-la-aficion-del-barca-y-fue-soberbio-es-el-traidor-de-nuestra-historia-el-mundo","status":"publish","type":"post","link":"https:\/\/www.europesays.com\/es\/158996\/","title":{"rendered":"Veinticinco a\u00f1os odiando a Luis Figo: &quot;Nunca se explic\u00f3 ante la afici\u00f3n del Bar\u00e7a y fue soberbio. Es el traidor de nuestra historia&quot; &#8211; El Mundo"},"content":{"rendered":"<ol>\n<li><a href=\"https:\/\/news.google.com\/rss\/articles\/CBMihgFBVV95cUxNLUU0amxqOEd3OUhVdkVOMXlja2locnhPVjlsRHo3QzdWSHNvcHctblg5WFZEdWkyUm05dXBfREpJY2ZIQnBkR0FqODk2MjlZak5ub2NCbVhtVTRXMmNBSW83V3J4NVA5ODBFQ3o0U2NxeGVrTzliel82dWtZdmFSZW5zemoyZ9IBhgFBVV95cUxOU3FMei10TmpyWDNMRm9MUHJNT2dFNE5GN3NMZGhoaHg5cTBDUnF2OW5SeG11WWx2ZVE2d1FDTXI3TXpta0xhSThvd18xd19zdWZfMkxPNFdoWXZ1THBJX1pva0hKeEY5eU5jTDl2SFB4TTJFcWRvRnhmcVNKbUNUbXRIaEx4dw?oc=5\" target=\"_blank\" rel=\"nofollow noopener\">Veinticinco a\u00f1os odiando a Luis Figo: \u00abNunca se explic\u00f3 ante la afici\u00f3n del Bar\u00e7a y fue soberbio. Es el traidor de nuestra historia\u00bb<\/a>&nbsp;&nbsp;El Mundo<\/li>\n<li><a href=\"https:\/\/news.google.com\/rss\/articles\/CBMi3gFBVV95cUxPbTVMTFNUMW1FNzdiLVR3d3E0WUVUbGFrTWU3dlhyZUwzWnNJcDl5cU5vTTAzZG4wY1pIelhRMGlxRTk2bGR3SWYtb3NvVC15QWxVb2FSbENDb1hhYVR3MlBUVDVNN19sX3F3aXUwcEhiaHpOdm1MdlpLaWFHUjFRX1pOQ21FYy1Da3RkMnZUdDhpWlRWMlZVcjE1aHFuZ21VS0VNaEVCZDNKR2xqY3pSN2ZTVU5FTmRYbENCSkdFS0ZjcUgyR0JEZzZpa2t1RDY3bVJHMmduRVRfQ3BCamc?oc=5\" target=\"_blank\" rel=\"nofollow noopener\">La primera noche europea re\u00fane a UEFA, instituciones y representantes del mundo del f\u00fatbol en Montju\u00efc<\/a>&nbsp;&nbsp;FC Barcelona<\/li>\n<li><a href=\"https:\/\/news.google.com\/rss\/articles\/CBMitAFBVV95cUxPc2dtaHVrakE0YVpsR0hBb2c4XzA0bnhaNjJtN0JSdGQ3MUt4X1JIbFd0aU5DNzh1ODAxQkNtOGVYTUdDMFRPdGtoQ1ZJdjRycGVZczU2Q21xV2dYRVFhZDQ3eU1BaEFfMDhfdFZQc0RrUXZ3ajAxNi1PMVVBVV9VaF91WVhJUFRUdzJ6NTRKZXAyb3p0TU9BVXphcUFSdFJhc2ZCWGlwSWdxMXhzOW5SbnRGVUM?oc=5\" target=\"_blank\" rel=\"nofollow noopener\">Toni Freixa reaviva su &#8216;guerra cerda&#8217; contra Figo: \u00abEs un hombre indigno, nos enga\u00f1\u00f3\u00bb<\/a>&nbsp;&nbsp;MARCA<\/li>\n<li><a href=\"https:\/\/news.google.com\/rss\/articles\/CBMilwFBVV95cUxPRTB4Q2VieWFHekR2UExBb3ZQY2pFT1hXUUVDQm0zRXgxRDNwemNoaUdLbkx4MWZPTmJKanZYUGVsV0o1SHl6ZTNySENMTHNXaW9MdG8xNzhBa2NWQVBBc1FtMkpVNDg2QU9TOXdFMkZoZENlY1BMV3YxOWtDQmRjLXRVd0FBRGY5VGU0ZnRENk1JM0d0VW80?oc=5\" target=\"_blank\" rel=\"nofollow noopener\">La UEFA demostr\u00f3 qui\u00e9n manda<\/a>&nbsp;&nbsp;MSN<\/li>\n<li><a href=\"https:\/\/news.google.com\/rss\/articles\/CBMiuAFBVV95cUxNTDVHMjRQeUw0czUwTXdpMnNxeFhLTW9OQkk0M2p5a2JydnpFNWdpSTJibElVWU84TUxPUnJiVlNSY294WE1RRTFONlVNUkUzanZJc1M0TlRBbUVrUXpJRFpXbWE0QUpWMTZIYkxaV1VnVjJpbGEtZnRhbk1rX192WmswVlRsUGxHU1FGX0Q0VHhrSHVkNHF0RHFHTEk4TTQwN3ViQzNQYXNHVkRpblJsYld0MHRlWnU0?oc=5\" target=\"_blank\" rel=\"nofollow noopener\">Figo vuelve al palco del Bar\u00e7a, donde coincidir\u00e1 con Gaspart: \u00abNo lo olvido y no lo saludar\u00e9\u00bb<\/a>&nbsp;&nbsp;El Confidencial<\/li>\n<\/ol>\n","protected":false},"excerpt":{"rendered":"Veinticinco a\u00f1os odiando a Luis Figo: \u00abNunca se explic\u00f3 ante la afici\u00f3n del Bar\u00e7a y fue soberbio. Es&hellip;\n","protected":false},"author":2,"featured_media":158997,"comment_status":"","ping_status":"","sticky":false,"template":"","format":"standard","meta":{"footnotes":""},"categories":[93],"tags":[168,7756,25,24,881,282,47346,23,167],"class_list":{"0":"post-158996","1":"post","2":"type-post","3":"status-publish","4":"format-standard","5":"has-post-thumbnail","7":"category-deportes","8":"tag-deportes","9":"tag-deportes-futbol","10":"tag-es","11":"tag-espana","12":"tag-fc-barcelona","13":"tag-futbol","14":"tag-luis-figo-usa-latino","15":"tag-spain","16":"tag-sports"},"share_on_mastodon":{"url":"","error":""},"_links":{"self":[{"href":"https:\/\/www.europesays.com\/es\/wp-json\/wp\/v2\/posts\/158996","targetHints":{"allow":["GET"]}}],"collection":[{"href":"https:\/\/www.europesays.com\/es\/wp-json\/wp\/v2\/posts"}],"about":[{"href":"https:\/\/www.europesays.com\/es\/wp-json\/wp\/v2\/types\/post"}],"author":[{"embeddable":true,"href":"https:\/\/www.europesays.com\/es\/wp-json\/wp\/v2\/users\/2"}],"replies":[{"embeddable":true,"href":"https:\/\/www.europesays.com\/es\/wp-json\/wp\/v2\/comments?post=158996"}],"version-history":[{"count":0,"href":"https:\/\/www.europesays.com\/es\/wp-json\/wp\/v2\/posts\/158996\/revisions"}],"wp:featuredmedia":[{"embeddable":true,"href":"https:\/\/www.europesays.com\/es\/wp-json\/wp\/v2\/media\/158997"}],"wp:attachment":[{"href":"https:\/\/www.europesays.com\/es\/wp-json\/wp\/v2\/media?parent=158996"}],"wp:term":[{"taxonomy":"category","embeddable":true,"href":"https:\/\/www.europesays.com\/es\/wp-json\/wp\/v2\/categories?post=158996"},{"taxonomy":"post_tag","embeddable":true,"href":"https:\/\/www.europesays.com\/es\/wp-json\/wp\/v2\/tags?post=158996"}],"curies":[{"name":"wp","href":"https:\/\/api.w.org\/{rel}","templated":true}]}}