{"id":158998,"date":"2025-10-06T06:31:10","date_gmt":"2025-10-06T06:31:10","guid":{"rendered":"https:\/\/www.europesays.com\/es\/158998\/"},"modified":"2025-10-06T06:31:10","modified_gmt":"2025-10-06T06:31:10","slug":"vacunar-contra-la-gripe-aviar-a-quienes-estan-mas-expuestos-al-virus-prioriza-a-trabajadores-sanitarios-y-quienes-conviven-con-animales","status":"publish","type":"post","link":"https:\/\/www.europesays.com\/es\/158998\/","title":{"rendered":"vacunar contra la gripe aviar a quienes est\u00e1n m\u00e1s expuestos al virus, prioriza a trabajadores sanitarios y quienes conviven con animales"},"content":{"rendered":"<p class=\"ei-articleAperture__BreadCrumbContainer-sc-1fibpeo-5 dtLqC ei-article-aperture-breadcrumb-container\"><a href=\"https:\/\/www.elimparcial.com\" aria-label=\"El Imparcial\" class=\"ei-articleAperture__BreadcrumbAnchor-sc-1fibpeo-6 bthIHH ei-article-aperture-breadcrumb-anchor\" rel=\"nofollow noopener\" target=\"_blank\">El Imparcial<\/a> \/ <a href=\"https:\/\/www.elimparcial.com\/mundo\" aria-label=\"Mundo\" class=\"ei-articleAperture__BreadcrumbAnchor-sc-1fibpeo-6 bthIHH ei-article-aperture-breadcrumb-anchor\" rel=\"nofollow noopener\" target=\"_blank\">Mundo<\/a> \/ <a href=\"https:\/\/www.elimparcial.com\/tags\/oms\/\" aria-label=\"OMS\" class=\"ei-articleAperture__BreadcrumbAnchor-sc-1fibpeo-6 bthIHH ei-article-aperture-breadcrumb-anchor\" rel=\"nofollow noopener\" target=\"_blank\">OMS<\/a><\/p>\n<p>La OMS pide vacunar contra la influenza A(H5) a grupos vulnerables expuestos al virus, entre ellos sanitarios y quienes conviven con animales<img alt=\"OMS lanza recomendaci\u00f3n clave: vacunar contra la gripe aviar a quienes est\u00e1n m\u00e1s expuestos al virus, prioriza a trabajadores sanitarios y quienes conviven con animales\" class=\"global-image\" decoding=\"async\" height=\"75\" src=\"https:\/\/www.europesays.com\/es\/wp-content\/uploads\/2025\/10\/KGAQZCBLJBEZHMFSH44F2CCSPE.jpg\" data-lightbox=\"https:\/\/www.europesays.com\/es\/wp-content\/uploads\/2025\/10\/KGAQZCBLJBEZHMFSH44F2CCSPE.jpg\" width=\"100\" fetchpriority=\"high\" loading=\"eager\"\/><\/p>\n<p class=\"image-meta-data__MetadataParagraph-sc-1uy1w81-0 kfSQp image-metadata\">Nueva York cierra temporalmente mercados de aves tras detectar casos de gripe aviar \/ Especial <\/p>\n<p class=\"ei-articleAperture__ByLineAuthorParagraph-sc-1fibpeo-10 cRBqZU ei-article-aperture-byline-author-paragraph\">Por <a href=\"https:\/\/www.elimparcial.com\/staff\/alejandra-liera\/\" title=\"Noticias de Alejandra Liera\" aria-label=\"Author name link\" class=\"ei-articleAperture__ByLineAuthorAnchor-sc-1fibpeo-8 lOGjW ei-article-aperture-byline-author-anchor\" rel=\"nofollow noopener\" target=\"_blank\">Alejandra Liera<\/a> \u00a0<\/p>\n<p class=\"ei-articleAperture__ByLineAuthorParagraph-sc-1fibpeo-10 cRBqZU ei-article-aperture-byline-author-paragraph\">06 de octubre 2025<\/p>\n<p>El grupo asesor de expertos en inmunizaci\u00f3n inst\u00f3 a proteger a sanitarios, personal en brotes y quienes trabajan con animales en zonas de contagio<\/p>\n<p class=\"ei-articleBody__StyledText-sc-1wmd47a-1 gXgyFY body-paragraph ei-article-body-text\">De acuerdo con informaci\u00f3n de Excelsior, la <a href=\"https:\/\/www.elimparcial.com\/tags\/oms\/\" target=\"_blank\" rel=\"noreferrer nofollow noopener\" title=\"https:\/\/www.elimparcial.com\/tags\/oms\/\"><b>Organizaci\u00f3n Mundial de la Salud (OMS)<\/b><\/a>, a trav\u00e9s de su <b>Grupo Asesor Estrat\u00e9gico de Expertos sobre Inmunizaci\u00f3n (SAGE)<\/b>, recomend\u00f3 aplicar la vacuna contra la <a href=\"https:\/\/www.elimparcial.com\/tags\/gripe-aviar\/\" target=\"_blank\" rel=\"noreferrer nofollow noopener\" title=\"https:\/\/www.elimparcial.com\/tags\/gripe-aviar\/\"><b>influenza A(H5)<\/b> o <b>gripe aviar<\/b><\/a> a grupos de <b>poblaci\u00f3n de alto riesgo<\/b> durante per\u00edodos <b>interpand\u00e9micos<\/b> y de <b>emergencia sanitaria<\/b>.<\/p>\n<p>\u00bfQui\u00e9nes deben recibir la vacuna contra la gripe aviar?<\/p>\n<p class=\"ei-articleBody__StyledText-sc-1wmd47a-1 gXgyFY body-paragraph ei-article-body-text\">Los expertos indicaron que la inmunizaci\u00f3n debe dirigirse a:<\/p>\n<ul class=\"list__StyledUnorderedList-sc-5rk09c-2 rJagZ list-unordered-list\">\n<li class=\"list__StyledListItem-sc-5rk09c-0 eKgQCy list-items\"><b>Personal de primera respuesta<\/b> en brotes de influenza zoon\u00f3tica.<\/li>\n<li class=\"list__StyledListItem-sc-5rk09c-0 eKgQCy list-items\"><b>Trabajadores de la salud<\/b> que atienden casos sospechosos o confirmados, incluidos vacunadores.<\/li>\n<li class=\"list__StyledListItem-sc-5rk09c-0 eKgQCy list-items\"><b>Personas en contacto continuo con animales o entornos<\/b> donde se han reportado infecciones.<\/li>\n<\/ul>\n<p class=\"ei-articleBody__StyledText-sc-1wmd47a-1 gXgyFY body-paragraph ei-article-body-text\">\u201c<b>La recomendaci\u00f3n busca reforzar la protecci\u00f3n de quienes est\u00e1n m\u00e1s expuestos al virus de la gripe aviar<\/b>\u201d, se\u00f1al\u00f3 la OMS.<\/p>\n<p><a aria-label=\"recommended card article link\" href=\"https:\/\/www.elimparcial.com\/mundo\/2025\/10\/04\/brote-de-sarampion-se-expande-en-estados-unidos-reporta-caida-de-tasas-de-vacunacion\/\" class=\"ei-recommendedCard__RecommendedCardAnchor-sc-1walexe-1 iRTihv ei-recommended-card-anchor\" rel=\"nofollow noopener\" target=\"_blank\"><img alt=\"Brote de sarampi\u00f3n se expande en Estados Unidos; reportan ca\u00edda de tasas de vacunaci\u00f3n \" decoding=\"async\" src=\"https:\/\/www.europesays.com\/es\/wp-content\/uploads\/2025\/10\/HHALGVFP35ATBD4GEIBVMKCAHI.jpeg\" class=\"ei-recommendedCard__RecommendedCardImg-sc-1walexe-2 dMwBkH ei-recommended-card-img\"\/><\/a>Reuniones y panorama global<img alt=\"Ni\u00f1a muere por complicaciones por gripe aviar \/ Especial\" class=\"global-image\" decoding=\"async\" height=\"75\" src=\"https:\/\/www.europesays.com\/es\/wp-content\/uploads\/2025\/10\/YDJQWTHEING7RKYLJSYQ44XJ4A.jpg\" data-lightbox=\"https:\/\/www.europesays.com\/es\/wp-content\/uploads\/2025\/10\/YDJQWTHEING7RKYLJSYQ44XJ4A.jpg\" width=\"100\" fetchpriority=\"high\" loading=\"eager\"\/><\/p>\n<p class=\"image-meta-data__MetadataParagraph-sc-1uy1w81-0 kfSQp image-metadata\">Ni\u00f1a muere por complicaciones por gripe aviar \/ Especial <\/p>\n<p class=\"ei-articleBody__StyledText-sc-1wmd47a-1 gXgyFY body-paragraph ei-article-body-text\">El anuncio se dio tras las sesiones del SAGE entre el <b>22 y 25 de septiembre<\/b>, donde se analiz\u00f3 el panorama de la inmunizaci\u00f3n mundial. Los expertos advirtieron que, aunque la cobertura de vacunaci\u00f3n se recuper\u00f3 en gran medida tras la pandemia, a\u00fan persisten <b>grandes desigualdades entre pa\u00edses<\/b>.<\/p>\n<p class=\"ei-articleBody__StyledText-sc-1wmd47a-1 gXgyFY body-paragraph ei-article-body-text\">La OMS subray\u00f3 la necesidad de fortalecer la cooperaci\u00f3n internacional bajo la <b>Agenda de Inmunizaci\u00f3n 2030 (AI2030)<\/b> para apoyar a los pa\u00edses con menos recursos y lograr <b>acciones coordinadas<\/b> en todos los niveles.<\/p>\n<p>Malaria y poliomielitis, tambi\u00e9n en la agenda<\/p>\n<p class=\"ei-articleBody__StyledText-sc-1wmd47a-1 gXgyFY body-paragraph ei-article-body-text\">El SAGE reafirm\u00f3 la necesidad de un <b>esquema de cuatro dosis<\/b> contra la <b>malaria<\/b> en zonas de transmisi\u00f3n moderada y alta. Tambi\u00e9n mostr\u00f3 preocupaci\u00f3n por la persistencia del <b>poliovirus salvaje en Pakist\u00e1n y Afganist\u00e1n<\/b>, as\u00ed como la circulaci\u00f3n del <b>cVDPV2<\/b> (poliovirus derivado de la vacuna) en \u00c1frica y Europa.<\/p>\n<p class=\"ei-articleBody__StyledText-sc-1wmd47a-1 gXgyFY body-paragraph ei-article-body-text\">Entre sus recomendaciones destac\u00f3:<\/p>\n<ul class=\"list__StyledUnorderedList-sc-5rk09c-2 rJagZ list-unordered-list\">\n<li class=\"list__StyledListItem-sc-5rk09c-0 eKgQCy list-items\">Incrementar la cobertura de vacunaci\u00f3n en ni\u00f1os no inmunizados.<\/li>\n<li class=\"list__StyledListItem-sc-5rk09c-0 eKgQCy list-items\">Ampliar el uso de la vacuna antipoliomiel\u00edtica oral tipo 2 (nOPV2).<\/li>\n<li class=\"list__StyledListItem-sc-5rk09c-0 eKgQCy list-items\">Avanzar hacia la <b>interrupci\u00f3n segura del uso de la bOPV<\/b> (vacuna oral bivalente).<\/li>\n<\/ul>\n<p>Covid-19 y tuberculosis<img alt=\"Virus respiratorio en China despierta recuerdos del inicio del Covid-19. Foto Ilustrativa.\" class=\"global-image\" decoding=\"async\" height=\"75\" src=\"https:\/\/www.europesays.com\/es\/wp-content\/uploads\/2025\/10\/X3PNCJMQVNG6FBXUXUBMHYC74Q.jpg\" data-lightbox=\"https:\/\/www.europesays.com\/es\/wp-content\/uploads\/2025\/10\/X3PNCJMQVNG6FBXUXUBMHYC74Q.jpg\" width=\"100\" fetchpriority=\"high\" loading=\"eager\"\/><\/p>\n<p class=\"image-meta-data__MetadataParagraph-sc-1uy1w81-0 kfSQp image-metadata\">Virus respiratorio en China despierta recuerdos del inicio del Covid-19. Foto Ilustrativa. <\/p>\n<p class=\"ei-articleBody__StyledText-sc-1wmd47a-1 gXgyFY body-paragraph ei-article-body-text\">En el caso del <b>Covid-19<\/b>, los expertos se\u00f1alaron la <b>disminuci\u00f3n de casos y muertes<\/b> entre 2024 y 2025, pero alertaron de la <b>baja tasa de vacunaci\u00f3n anual<\/b> fuera de pa\u00edses de altos ingresos.<\/p>\n<p class=\"ei-articleBody__StyledText-sc-1wmd47a-1 gXgyFY body-paragraph ei-article-body-text\">Sobre la <b>tuberculosis<\/b>, recordaron que existen <b>16 vacunas en desarrollo cl\u00ednico<\/b>, cinco de ellas en fase 3. Una de las m\u00e1s avanzadas, la <b>M72\/ASO1E<\/b>, podr\u00eda estar lista para 2028 si los ensayos son exitosos.<\/p>\n<p>Pr\u00f3ximos pasos<img alt=\"La Secretar\u00eda de Salud activ\u00f3 una jornada intensiva de vacunaci\u00f3n contra el sarampi\u00f3n en Chihuahua, estado que concentra el 95% de los casos del pa\u00eds. Foto ilustrativa de Pexels\" class=\"global-image\" decoding=\"async\" height=\"75\" src=\"https:\/\/www.europesays.com\/es\/wp-content\/uploads\/2025\/10\/ERE7QQUIEZCKBN7FT4K42MTURU.jpg\" data-lightbox=\"https:\/\/www.europesays.com\/es\/wp-content\/uploads\/2025\/10\/ERE7QQUIEZCKBN7FT4K42MTURU.jpg\" width=\"100\" fetchpriority=\"high\" loading=\"eager\"\/><\/p>\n<p class=\"image-meta-data__MetadataParagraph-sc-1uy1w81-0 kfSQp image-metadata\">La Secretar\u00eda de Salud activ\u00f3 una jornada intensiva de vacunaci\u00f3n contra el sarampi\u00f3n en Chihuahua, estado que concentra el 95% de los casos del pa\u00eds. Foto ilustrativa de Pexels <\/p>\n<p class=\"ei-articleBody__StyledText-sc-1wmd47a-1 gXgyFY body-paragraph ei-article-body-text\">El informe completo de recomendaciones del SAGE ser\u00e1 publicado el <b>5 de diciembre<\/b> en el <b>Registro Epidemiol\u00f3gico Semanal<\/b> de la OMS. La organizaci\u00f3n aclar\u00f3 que ese documento ser\u00e1 la versi\u00f3n definitiva.<\/p>\n<p class=\"ei-articleBody__StyledText-sc-1wmd47a-1 gXgyFY body-paragraph ei-article-body-text\"><b>Te puede interesar: <\/b><a href=\"https:\/\/www.elimparcial.com\/mexico\/2025\/09\/23\/detectan-gripe-aviar-en-gaviotas-de-playa-bagdad-tamaulipas-400-aves-muerta\/\" target=\"_blank\" rel=\"noreferrer nofollow noopener\" title=\"https:\/\/www.elimparcial.com\/mexico\/2025\/09\/23\/detectan-gripe-aviar-en-gaviotas-de-playa-bagdad-tamaulipas-400-aves-muerta\/\">Detectan gripe aviar en gaviotas de Playa Bagdad, Matamoros: 400 aves muertas<\/a><\/p>\n","protected":false},"excerpt":{"rendered":"El Imparcial \/ Mundo \/ OMS La OMS pide vacunar contra la influenza A(H5) a grupos vulnerables expuestos&hellip;\n","protected":false},"author":2,"featured_media":158999,"comment_status":"","ping_status":"","sticky":false,"template":"","format":"standard","meta":{"footnotes":""},"categories":[92],"tags":[25,24,12949,165,3572,166,23,7589],"class_list":{"0":"post-158998","1":"post","2":"type-post","3":"status-publish","4":"format-standard","5":"has-post-thumbnail","7":"category-salud","8":"tag-es","9":"tag-espana","10":"tag-gripe-aviar","11":"tag-health","12":"tag-oms","13":"tag-salud","14":"tag-spain","15":"tag-vacunacion"},"share_on_mastodon":{"url":"","error":""},"_links":{"self":[{"href":"https:\/\/www.europesays.com\/es\/wp-json\/wp\/v2\/posts\/158998","targetHints":{"allow":["GET"]}}],"collection":[{"href":"https:\/\/www.europesays.com\/es\/wp-json\/wp\/v2\/posts"}],"about":[{"href":"https:\/\/www.europesays.com\/es\/wp-json\/wp\/v2\/types\/post"}],"author":[{"embeddable":true,"href":"https:\/\/www.europesays.com\/es\/wp-json\/wp\/v2\/users\/2"}],"replies":[{"embeddable":true,"href":"https:\/\/www.europesays.com\/es\/wp-json\/wp\/v2\/comments?post=158998"}],"version-history":[{"count":0,"href":"https:\/\/www.europesays.com\/es\/wp-json\/wp\/v2\/posts\/158998\/revisions"}],"wp:featuredmedia":[{"embeddable":true,"href":"https:\/\/www.europesays.com\/es\/wp-json\/wp\/v2\/media\/158999"}],"wp:attachment":[{"href":"https:\/\/www.europesays.com\/es\/wp-json\/wp\/v2\/media?parent=158998"}],"wp:term":[{"taxonomy":"category","embeddable":true,"href":"https:\/\/www.europesays.com\/es\/wp-json\/wp\/v2\/categories?post=158998"},{"taxonomy":"post_tag","embeddable":true,"href":"https:\/\/www.europesays.com\/es\/wp-json\/wp\/v2\/tags?post=158998"}],"curies":[{"name":"wp","href":"https:\/\/api.w.org\/{rel}","templated":true}]}}