{"id":159006,"date":"2025-10-06T06:35:08","date_gmt":"2025-10-06T06:35:08","guid":{"rendered":"https:\/\/www.europesays.com\/es\/159006\/"},"modified":"2025-10-06T06:35:08","modified_gmt":"2025-10-06T06:35:08","slug":"israel-y-hamas-se-preparan-para-negociar-en-egipto-ante-un-posible-alto-el-fuego-en-gaza","status":"publish","type":"post","link":"https:\/\/www.europesays.com\/es\/159006\/","title":{"rendered":"Israel y Ham\u00e1s se preparan para negociar en Egipto ante un posible alto el fuego en Gaza"},"content":{"rendered":"<p>\n                    Publicado                 06\/10\/2025 &#8211; 7:18 CEST<br \/>\n                \u2022Ultima actualizaci\u00f3n<br \/>\n                                     7:30\n                                        <\/p>\n<p>          <img decoding=\"async\" class=\"c-ad__placeholder__logo\" src=\"https:\/\/static.euronews.com\/website\/images\/logos\/logo-euronews-stacked-outlined-72x72-grey-9.svg\" width=\"72\" height=\"72\" alt=\"\" loading=\"lazy\"\/><br \/>\n          PUBLICIDAD<\/p>\n<p>Israel y Ham\u00e1s se prepararon el lunes para unas posibles negociaciones en Egipto, mientras <strong>siguen creciendo las esperanzas sobre un posible alto el fuego<\/strong> despu\u00e9s de que el primer ministro israel\u00ed, Benjamin Netanyahu, indicara que esta semana <a href=\"https:\/\/es.euronews.com\/2025\/10\/05\/netanyahu-confia-en-la-liberacion-en-los-proximos-dias-de-todos-los-rehenes-de-gaza\" rel=\"nofollow noopener\" target=\"_blank\">podr\u00eda anunciarse un acuerdo<\/a> para la liberaci\u00f3n de rehenes. <\/p>\n<p>La delegaci\u00f3n israel\u00ed, encabezada por el principal negociador Ron Dermer, partir\u00e1 el lunes hacia las conversaciones en Sharm el-Sheikh, seg\u00fan la oficina de Netanyahu. Un funcionario egipcio dijo que la delegaci\u00f3n de Ham\u00e1s ya hab\u00eda llegado. El funcionario, que habl\u00f3 con Associated Press bajo condici\u00f3n de anonimato porque no estaba autorizado a informar a los periodistas, dijo que el enviado especial estadounidense Steve Witkoff <strong>tambi\u00e9n se unir\u00e1<\/strong> a las conversaciones.<\/p>\n<p>El Ministerio de Asuntos Exteriores egipcio declar\u00f3 que <strong>las conversaciones se centrar\u00e1n en la propuesta de intercambio de todos los rehenes restantes<\/strong> por miles de prisioneros palestinos retenidos en c\u00e1rceles israel\u00edes. El secretario de Estado estadounidense, Marco Rubio, salud\u00f3 la medida, calific\u00e1ndola de \u00ablo m\u00e1s cerca que hemos estado de conseguir la liberaci\u00f3n de todos los rehenes\u00bb.<\/p>\n<p>El martes se cumplen dos a\u00f1os de los ataques de Ham\u00e1s del 7 de octubre contra el sur de Israel, en los que <strong>murieron 1.139 personas<\/strong>, en su mayor\u00eda civiles, y se tomaron 250 rehenes. Los ataques desencadenaron <a href=\"https:\/\/es.euronews.com\/2025\/09\/18\/la-ofensiva-israeli-en-gaza-deja-mas-de-65000-muertos-y-medio-millon-de-desplazados\" rel=\"nofollow noopener\" target=\"_blank\">una feroz respuesta israel\u00ed<\/a>, que desde el 8 de octubre de 2023 registra actividad militar diaria en Gaza.<\/p>\n<p>La ofensiva israel\u00ed sobre el enclave <a href=\"https:\/\/es.euronews.com\/2025\/10\/04\/de-acuerdo-con-el-plan-de-trump-el-ejercito-israeli-pasa-a-operaciones-de-defensa-en-gaza\" rel=\"nofollow noopener\" target=\"_blank\">se ha cobrado hasta ahora la vida de m\u00e1s de 67.000 palestinos<\/a>, seg\u00fan el Ministerio de Sanidad de Gaza, dirigido por Ham\u00e1s, cuyas cifras no distinguen entre v\u00edctimas civiles y combatientes. Sin embargo, la ONU ha declarado anteriormente que m\u00e1s de <strong>dos tercios de las muertes que ha podido verificar de forma independiente eran mujeres y ni\u00f1os<\/strong>.<\/p>\n<p>Hasta el momento, <strong>unos 48 rehenes permanecen cautivos<\/strong> de Ham\u00e1s en Gaza, y se cree que unos 20 de ellos siguen con vida. El viernes, el grupo dijo que estaba dispuesto a liberar inmediatamente a todos los rehenes, de acuerdo con el plan de paz del presidente estadounidense Donald Trump, pero se\u00f1al\u00f3 que otros t\u00e9rminos requieren \u00abm\u00e1s consultas\u00bb.<\/p>\n<p>El plan de paz <a href=\"https:\/\/es.euronews.com\/2025\/09\/27\/estos-son-los-21-puntos-del-plan-de-trump-para-poner-fin-a-la-guerra-de-gaza\" rel=\"nofollow noopener\" target=\"_blank\">de 21 puntos de Donald Trump<\/a> para Gaza, presentado la semana pasada en el Despacho Oval <strong>junto a Netanyahu<\/strong>, estipulaba numerosas reformas para poner fin a la embestida contra el territorio asediado, entre las que destacaban la liberaci\u00f3n de los rehenes y la disoluci\u00f3n y desarme de Ham\u00e1s.<\/p>\n<p>El plan, seg\u00fan detall\u00f3 Trump, tambi\u00e9n buscar\u00eda <strong>el nombramiento de un gobierno provisional<\/strong> de supervisi\u00f3n en Gaza, dirigido por \u00e9l mismo y por el ex primer ministro brit\u00e1nico Tony Blair.<\/p>\n<p>Trump tambi\u00e9n se\u00f1al\u00f3 que a los miembros de Ham\u00e1s que deseen desarmarse y seguir adelante <strong>se les permitir\u00eda permanecer en Gaza<\/strong> y se les conceder\u00eda una amnist\u00eda, mientras que a otros que se opongan se les dar\u00eda un salvoconducto para salir del territorio hacia otros pa\u00edses.<\/p>\n<p>En declaraciones a &#8216;Euronews&#8217; el domingo, Netanyahu <a href=\"https:\/\/es.euronews.com\/2025\/10\/05\/exclusiva-no-alimenteis-al-cocodrilo-de-hamas-porque-vendra-a-por-vosotros-dice-netanyahu\" rel=\"nofollow noopener\" target=\"_blank\">critic\u00f3 la aceptaci\u00f3n parcial del plan de Trump<\/a> por parte del grupo con base en Gaza, subrayando que <strong>Ham\u00e1s debe aceptar todos los t\u00e9rminos<\/strong> sin demora para que la paz se materialice.<\/p>\n<p>Sin embargo, Trump adopt\u00f3 un enfoque diferente, y su Administraci\u00f3n consider\u00f3 la declaraci\u00f3n del viernes de Ham\u00e1s <strong>como una victoria<\/strong>. En un post en su propia plataforma de medios sociales &#8211; Truth Social &#8211; Trump respondi\u00f3 positivamente al anuncio del grupo.<\/p>\n<p>\u00abBas\u00e1ndome en la Declaraci\u00f3n que acaba de emitir Ham\u00e1s, <strong>creo que est\u00e1n preparados para una PAZ duradera<\/strong>\u00ab, escribi\u00f3 Trump. \u00ab\u00a1Israel debe detener inmediatamente el bombardeo de Gaza, para que podamos sacar a los Rehenes de forma segura y r\u00e1pida!\u00bb.<\/p>\n<p>Fuentes adicionales<strong> \u2022 AP<\/strong><\/p>\n","protected":false},"excerpt":{"rendered":"Publicado 06\/10\/2025 &#8211; 7:18 CEST \u2022Ultima actualizaci\u00f3n 7:30 PUBLICIDAD Israel y Ham\u00e1s se prepararon el lunes para unas&hellip;\n","protected":false},"author":2,"featured_media":159007,"comment_status":"","ping_status":"","sticky":false,"template":"","format":"standard","meta":{"footnotes":""},"categories":[42],"tags":[4163,17,18,13,14,1258,75,11,61,62,63,64,74,19,20,22027,9,10,15,16,12651,12,21,22,65,66,67],"class_list":{"0":"post-159006","1":"post","2":"type-post","3":"status-publish","4":"format-standard","5":"has-post-thumbnail","7":"category-internacional","8":"tag-alto-el-fuego","9":"tag-breaking-news","10":"tag-breakingnews","11":"tag-featured-news","12":"tag-featurednews","13":"tag-guerra-israel-hamas","14":"tag-hamas","15":"tag-headlines","16":"tag-internacional","17":"tag-international","18":"tag-international-news","19":"tag-internationalnews","20":"tag-israel","21":"tag-latest-news","22":"tag-latestnews","23":"tag-negociaciones","24":"tag-news","25":"tag-noticias","26":"tag-noticias-destacadas","27":"tag-noticiasdestacadas","28":"tag-rehenes","29":"tag-titulares","30":"tag-ultimas-noticias","31":"tag-ultimasnoticias","32":"tag-world","33":"tag-world-news","34":"tag-worldnews"},"share_on_mastodon":{"url":"","error":""},"_links":{"self":[{"href":"https:\/\/www.europesays.com\/es\/wp-json\/wp\/v2\/posts\/159006","targetHints":{"allow":["GET"]}}],"collection":[{"href":"https:\/\/www.europesays.com\/es\/wp-json\/wp\/v2\/posts"}],"about":[{"href":"https:\/\/www.europesays.com\/es\/wp-json\/wp\/v2\/types\/post"}],"author":[{"embeddable":true,"href":"https:\/\/www.europesays.com\/es\/wp-json\/wp\/v2\/users\/2"}],"replies":[{"embeddable":true,"href":"https:\/\/www.europesays.com\/es\/wp-json\/wp\/v2\/comments?post=159006"}],"version-history":[{"count":0,"href":"https:\/\/www.europesays.com\/es\/wp-json\/wp\/v2\/posts\/159006\/revisions"}],"wp:featuredmedia":[{"embeddable":true,"href":"https:\/\/www.europesays.com\/es\/wp-json\/wp\/v2\/media\/159007"}],"wp:attachment":[{"href":"https:\/\/www.europesays.com\/es\/wp-json\/wp\/v2\/media?parent=159006"}],"wp:term":[{"taxonomy":"category","embeddable":true,"href":"https:\/\/www.europesays.com\/es\/wp-json\/wp\/v2\/categories?post=159006"},{"taxonomy":"post_tag","embeddable":true,"href":"https:\/\/www.europesays.com\/es\/wp-json\/wp\/v2\/tags?post=159006"}],"curies":[{"name":"wp","href":"https:\/\/api.w.org\/{rel}","templated":true}]}}