{"id":159026,"date":"2025-10-06T07:07:08","date_gmt":"2025-10-06T07:07:08","guid":{"rendered":"https:\/\/www.europesays.com\/es\/159026\/"},"modified":"2025-10-06T07:07:08","modified_gmt":"2025-10-06T07:07:08","slug":"madrid-activa-la-cuenta-atras-del-gran-premio-de-f1-con-un-contador-en-sol-expansion","status":"publish","type":"post","link":"https:\/\/www.europesays.com\/es\/159026\/","title":{"rendered":"Madrid activa la cuenta atr\u00e1s del Gran Premio de F1 con un contador en Sol &#8211; Expansi\u00f3n"},"content":{"rendered":"<ol>\n<li><a href=\"https:\/\/news.google.com\/rss\/articles\/CBMimAFBVV95cUxQLTVfRmZKQ2FDbGZ1TUdrXzl0c2ZTY29kdXV6WWEwQnlSS2ktRTJMOEVMVW5LWTY1dXdpdjJ4NlJ4VXM0dlVHaXJHc0poNzlKcmlETV9mR3pyX250b2xlM1hkV0NrcTE1ZEN1bWlhX2dTTkNyLVFVaWRMTDB3YkEzcTJ6ZkZJdGNhRDNZM2doMVBmVURwS3RZMdIBmAFBVV95cUxQNDhzUm9vYTdaNFlwS3JxQVdvajNHRVI2T3hpV1VvNGIwYkVHVHM2VVNxWVFJRnpkZHhGemNXVC1VRnREVG1BVG5CLXRWRU9tX0RySGU0ZHFzeDBWX1hIVWFqSVAtb0NCSzBFNndtT0kwTFV5WUpzMzdMQzY2RW82RWhJRWpWVVp6LWdfc1VqNTZ0TUVyTzBJZg?oc=5\" target=\"_blank\" rel=\"nofollow noopener\">Madrid activa la cuenta atr\u00e1s del Gran Premio de F1 con un contador en Sol<\/a>&nbsp;&nbsp;Expansi\u00f3n<\/li>\n<li><a href=\"https:\/\/news.google.com\/rss\/articles\/CBMinAFBVV95cUxNQmRjbVpUTFVLb0I4UUpUYU40RmNNdTBURzdPY1VJVmtIZ0twR0c3SjY0WTRVbzhob1FEUS1uX1pYd2xjSTNoTy0ySDItU0c2eThqSTlxUzhSRk1iQ3FHQllyNXk5Nlg4WGRsS2NCNEdVMGNkX3ZNU0JxWVJmMzRhdE5ZTzNQdmo2R2VDN2tWUElKZEpXbVRfNFFEVHI?oc=5\" target=\"_blank\" rel=\"nofollow noopener\">Ya hay precios para la primera carrera de F1 en Madring en 2026<\/a>&nbsp;&nbsp;MARCA<\/li>\n<li><a href=\"https:\/\/news.google.com\/rss\/articles\/CBMi5gFBVV95cUxPTl9yLVAtM1Z1cjJLSXA1MGdUS1lwTm1YUjB5dXpZUkY1MGk0cHFQSmFUeTNXQU5zbjdtdm15V3BqaVFvbnFORGVtc0F3d1gtLUlwS29PcVJIbTFVeVhWajJoZVdfRlh2dUFMLUZVLVJaZXMyN3B1SDdXaDhKcHFTeWtZMkNCUmZlUjRrNV9JSk5CczJSeFlWZFNhVUMxM21fZ25NQ2thbTBlOHBlTDFTaVJhRG0yWm5DNUp4NmZPWV9pVVBwaVBsVHpraDdGQzVZS1hwbWl2MTRESjd0NmRVSGxYdDhidw?oc=5\" target=\"_blank\" rel=\"nofollow noopener\">Fiebre por la F1 en Madrid: entradas agotadas en 2 minutos y 235.000 personas en espera<\/a>&nbsp;&nbsp;El Confidencial<\/li>\n<li><a href=\"https:\/\/news.google.com\/rss\/articles\/CBMiqwFBVV95cUxOYjZXd1dlNWlkSDRaNkJmTnlCdWNia3dCdHFfQ0NnbjU3N1M2TTdYWkgzTDd0ekpaTWNUcGNjNFRlbHJQS1FMTWJnUEE1MF9POHp5Y3ZLV1pYa0hNOXZjUEVkcmN0ZE10aG1hQkoydWU3UGRUYkQ3dXpNbzNVem1iS3FSTjdTUzhBVnFHM1JSTVl2dzdHQk0xWlRLVGVVZnZIR21qZ2pzTG5hNkk?oc=5\" target=\"_blank\" rel=\"nofollow noopener\">F\u00f3rmula 1 en Madrid: la mayor capacidad hotelera de las citas europeas<\/a>&nbsp;&nbsp;Hosteltur<\/li>\n<li><a href=\"https:\/\/news.google.com\/rss\/articles\/CBMi-wFBVV95cUxOZ1VUZDItcGhkUTJkRnJ4ZGNfZXJ1c0NJNG1nVk90aHg4cHFVNXFuaFZlaWUzNnk4SHhTN0Uyemk3Z2ZsVWo2VS0tbVo0Z3U3X0dDTGpoX1VSckx4Zmw3NnVHWFpxQkVCbDJVOEYwdmhPc0x3eF91S1BfOHh4RFRodFpRRHB4aENvZDZqTUZuenV1VXNrVXNlRFBiNEt2UWJvVzQ5aFkxMFZwalJYclNheWVBd1dLaGJaZ3ZKbTdyZ3FDTlRremFwSGQtSjhzdkg2bU5GVDVJd1JyX1JpZUNtSmZ5RlFUa2Y4YWlxMXpKUTBHSWdGbFkzdE53QdIB-wFBVV95cUxOMWpMbHBZTURPQWo4MTk5bVp2VS1zRk9jZUp3ZUxRZ2NjaHNzeUZQZElkNVRObm5WbUpNRk9fVFdOMjkzalN6ZlljWmp4aEVqTVk2WkhhX012cE02R0VhTU1QU01qN1E2M09kRDJIcVFScUl3djhaM3QyTk9hNkE1NjJhRTdZWTJNVE41Y1NnR0NGNVFUTWVqUVJLRlFHZkcyWTZIMEZZMW5kQ19KUTdmTkVlRTh2eUMyRGVkTjc2U2o3MXZmcXZ3SkltdkpBa3c0S3hxZE9EejNnMVRxWk00UXRCZ1g4cFB5SmhKMzlLZ2huaTBKTmdrRXZJOA?oc=5\" target=\"_blank\" rel=\"nofollow noopener\">&#8216;Jugones&#8217; se sumerge en Madring: as\u00ed est\u00e1 el circuito que albergar\u00e1 el GP de Espa\u00f1a de F\u00f3rmula 1<\/a>&nbsp;&nbsp;LaSexta<\/li>\n<\/ol>\n","protected":false},"excerpt":{"rendered":"Madrid activa la cuenta atr\u00e1s del Gran Premio de F1 con un contador en Sol&nbsp;&nbsp;Expansi\u00f3n Ya hay precios&hellip;\n","protected":false},"author":2,"featured_media":159027,"comment_status":"","ping_status":"","sticky":false,"template":"","format":"standard","meta":{"footnotes":""},"categories":[270],"tags":[168,1564,42352,25,24,306,271,272,23,167],"class_list":{"0":"post-159026","1":"post","2":"type-post","3":"status-publish","4":"format-standard","5":"has-post-thumbnail","7":"category-formula-1","8":"tag-deportes","9":"tag-directivos","10":"tag-directivos-deporte-negocio","11":"tag-es","12":"tag-espana","13":"tag-f1","14":"tag-formula-1","15":"tag-formula1","16":"tag-spain","17":"tag-sports"},"share_on_mastodon":{"url":"","error":""},"_links":{"self":[{"href":"https:\/\/www.europesays.com\/es\/wp-json\/wp\/v2\/posts\/159026","targetHints":{"allow":["GET"]}}],"collection":[{"href":"https:\/\/www.europesays.com\/es\/wp-json\/wp\/v2\/posts"}],"about":[{"href":"https:\/\/www.europesays.com\/es\/wp-json\/wp\/v2\/types\/post"}],"author":[{"embeddable":true,"href":"https:\/\/www.europesays.com\/es\/wp-json\/wp\/v2\/users\/2"}],"replies":[{"embeddable":true,"href":"https:\/\/www.europesays.com\/es\/wp-json\/wp\/v2\/comments?post=159026"}],"version-history":[{"count":0,"href":"https:\/\/www.europesays.com\/es\/wp-json\/wp\/v2\/posts\/159026\/revisions"}],"wp:featuredmedia":[{"embeddable":true,"href":"https:\/\/www.europesays.com\/es\/wp-json\/wp\/v2\/media\/159027"}],"wp:attachment":[{"href":"https:\/\/www.europesays.com\/es\/wp-json\/wp\/v2\/media?parent=159026"}],"wp:term":[{"taxonomy":"category","embeddable":true,"href":"https:\/\/www.europesays.com\/es\/wp-json\/wp\/v2\/categories?post=159026"},{"taxonomy":"post_tag","embeddable":true,"href":"https:\/\/www.europesays.com\/es\/wp-json\/wp\/v2\/tags?post=159026"}],"curies":[{"name":"wp","href":"https:\/\/api.w.org\/{rel}","templated":true}]}}