{"id":159028,"date":"2025-10-06T07:15:17","date_gmt":"2025-10-06T07:15:17","guid":{"rendered":"https:\/\/www.europesays.com\/es\/159028\/"},"modified":"2025-10-06T07:15:17","modified_gmt":"2025-10-06T07:15:17","slug":"regresa-demi-lovato-a-camp-rock-como-productora-ejecutiva-%f0%9f%93%b7","status":"publish","type":"post","link":"https:\/\/www.europesays.com\/es\/159028\/","title":{"rendered":"Regresa Demi Lovato a Camp Rock como productora ejecutiva \ud83d\udcf7"},"content":{"rendered":"<p dir=\"ltr\">La franquicia juvenil Camp Rock regresa con una tercera entrega que promete revivir la magia musical que cautiv\u00f3 a toda una generaci\u00f3n. Aunque Demi Lovato no retomar\u00e1 su papel frente a las c\u00e1maras como Mitchie Torres, su participaci\u00f3n ser\u00e1 fundamental: la cantante confirm\u00f3 su rol como productora ejecutiva mediante una publicaci\u00f3n en redes sociales, donde pos\u00f3 en una silla de directora con el pie de foto: \u201cthis is me (in my producer era)\u201d.<\/p>\n<blockquote class=\"instagram-media\" style=\"background: #FFF; border: 0; border-radius: 3px; box-shadow: 0 0 1px 0 rgba(0,0,0,0.5),0 1px 10px 0 rgba(0,0,0,0.15); margin: 1px; max-width: 540px; min-width: 326px; padding: 0; width: calc(100% - 2px);\" data-instgrm-permalink=\"https:\/\/www.instagram.com\/p\/DPML-XUkS22\/?utm_source=ig_embed&amp;utm_campaign=loading\" data-instgrm-version=\"14\"><p>&#13;<br \/>\n&#13;\n<\/p><\/blockquote>\n<p dir=\"ltr\">Disney Branded Televisi\u00f3n confirm\u00f3 que Camp Rock 3 ser\u00e1 una pel\u00edcula original para Disney+ y Disney Channel, actualmente en rodaje en Vancouver desde mediados de septiembre de 2025. La historia sigue a los hermanos Gray (Shane, Nate y Jason) interpretados por los Jonas Brothers, quienes regresan al campamento para encontrar al telonero ideal para su pr\u00f3xima gira mundial. Esta b\u00fasqueda desencadena competencia entre los nuevos campistas, alianzas inesperadas, tensiones creativas y romances juveniles.<\/p>\n<p dir=\"ltr\">Lovato ha expresado su entusiasmo por mentorizar a la nueva generaci\u00f3n desde la producci\u00f3n. Su rol incluye supervisar el desarrollo narrativo, musical y creativo, garantizando que el esp\u00edritu original de Camp Rock se mantenga.<\/p>\n<p dir=\"ltr\">Junto a los Jonas Brothers (Kevin, Joe y Nick) quienes tambi\u00e9n act\u00faan como productores ejecutivos, el elenco incorpora a nuevos talentos: Liamani Segura como Sage, Malachi Barton como Fletch, Lumi Pollack como Rosie, Hudson Stone como Desi, Casey Trotter como Cliff, Brooklynn Pitts como Callie, y Ava Jean como Madison. Mar\u00eda Canals-Barrera regresa como Connie, madre de Mitchie, mientras que Sherry Cola se une como Lark, figura adulta del campamento.<\/p>\n<p dir=\"ltr\">La ausencia m\u00e1s notoria es la de Demi como Mitchie, decisi\u00f3n que tom\u00f3 para enfocarse en la producci\u00f3n y dar espacio a nuevos rostros. Tampoco se ha confirmado el regreso de personajes cl\u00e1sicos como Caitlyn (Alyson Stoner) o Tess, apuntando a una narrativa renovada.<\/p>\n<p dir=\"ltr\">El rodaje est\u00e1 a cargo de Disney Branded Televisi\u00f3n, bajo la presidencia de Ayo Davis, y se espera que Camp Rock 3 llegue al p\u00fablico en 2026.<\/p>\n<p dir=\"ltr\">Las pel\u00edculas anteriores, Camp Rock (2008) y Camp Rock 2: The Final Jam (2010), se convirtieron en grandes \u00e9xitos de Disney Channel, con himnos como \u201cThis Is Me\u201d y tramas de empoderamiento juvenil. La tercera entrega busca conectar con una nueva audiencia sin perder la esencia que la hizo ic\u00f3nica.<\/p>\n<p dir=\"ltr\"><strong>\u201cCamp Rock es una parte importante del legado de las pel\u00edculas originales de Disney Channel, con m\u00fasica inolvidable, narrativas en\u00e9rgicas y personajes que perduran en el coraz\u00f3n de los fans\u201d<\/strong>, declar\u00f3 Ayo Davis. <strong>\u201cTraerla de vuelta con Kevin, Joe, Nick y Demi es un momento que cierra un ciclo\u201d<\/strong>.<\/p>\n<blockquote class=\"instagram-media\" style=\"background: #FFF; border: 0; border-radius: 3px; box-shadow: 0 0 1px 0 rgba(0,0,0,0.5),0 1px 10px 0 rgba(0,0,0,0.15); margin: 1px; max-width: 540px; min-width: 326px; padding: 0; width: calc(100% - 2px);\" data-instgrm-permalink=\"https:\/\/www.instagram.com\/reel\/DOtj_lmD5ie\/?utm_source=ig_embed&amp;utm_campaign=loading\" data-instgrm-version=\"14\"><p>&#13;<br \/>\n&#13;\n<\/p><\/blockquote>\n<p><script async src=\"\/\/www.instagram.com\/embed.js\"><\/script><\/p>\n","protected":false},"excerpt":{"rendered":"La franquicia juvenil Camp Rock regresa con una tercera entrega que promete revivir la magia musical que cautiv\u00f3&hellip;\n","protected":false},"author":2,"featured_media":159029,"comment_status":"","ping_status":"","sticky":false,"template":"","format":"standard","meta":{"footnotes":""},"categories":[169],"tags":[6092,177,1180,146,147,25,24,176,20363,7761,3600,175,10,4286,23,159,1018],"class_list":{"0":"post-159028","1":"post","2":"type-post","3":"status-publish","4":"format-standard","5":"has-post-thumbnail","7":"category-cine","8":"tag-articulos","9":"tag-cine","10":"tag-editorial","11":"tag-entertainment","12":"tag-entretenimiento","13":"tag-es","14":"tag-espana","15":"tag-film","16":"tag-galerias","17":"tag-impacto","18":"tag-minuto-a-minuto","19":"tag-movies","20":"tag-noticias","21":"tag-reportajes","22":"tag-spain","23":"tag-tiempo","24":"tag-videos"},"share_on_mastodon":{"url":"","error":""},"_links":{"self":[{"href":"https:\/\/www.europesays.com\/es\/wp-json\/wp\/v2\/posts\/159028","targetHints":{"allow":["GET"]}}],"collection":[{"href":"https:\/\/www.europesays.com\/es\/wp-json\/wp\/v2\/posts"}],"about":[{"href":"https:\/\/www.europesays.com\/es\/wp-json\/wp\/v2\/types\/post"}],"author":[{"embeddable":true,"href":"https:\/\/www.europesays.com\/es\/wp-json\/wp\/v2\/users\/2"}],"replies":[{"embeddable":true,"href":"https:\/\/www.europesays.com\/es\/wp-json\/wp\/v2\/comments?post=159028"}],"version-history":[{"count":0,"href":"https:\/\/www.europesays.com\/es\/wp-json\/wp\/v2\/posts\/159028\/revisions"}],"wp:featuredmedia":[{"embeddable":true,"href":"https:\/\/www.europesays.com\/es\/wp-json\/wp\/v2\/media\/159029"}],"wp:attachment":[{"href":"https:\/\/www.europesays.com\/es\/wp-json\/wp\/v2\/media?parent=159028"}],"wp:term":[{"taxonomy":"category","embeddable":true,"href":"https:\/\/www.europesays.com\/es\/wp-json\/wp\/v2\/categories?post=159028"},{"taxonomy":"post_tag","embeddable":true,"href":"https:\/\/www.europesays.com\/es\/wp-json\/wp\/v2\/tags?post=159028"}],"curies":[{"name":"wp","href":"https:\/\/api.w.org\/{rel}","templated":true}]}}