{"id":159030,"date":"2025-10-06T07:16:34","date_gmt":"2025-10-06T07:16:34","guid":{"rendered":"https:\/\/www.europesays.com\/es\/159030\/"},"modified":"2025-10-06T07:16:34","modified_gmt":"2025-10-06T07:16:34","slug":"le-impide-meterse-en-el-partido-las-duras-criticas-contra-el-arbitraje-del-real-madrid-villarreal-futbol","status":"publish","type":"post","link":"https:\/\/www.europesays.com\/es\/159030\/","title":{"rendered":"\u00abLe impide meterse en el partido\u00bb: las duras cr\u00edticas contra el arbitraje del Real Madrid-Villarreal | F\u00fatbol"},"content":{"rendered":"<p>Vinicius Junior<a href=\"https:\/\/cadenaser.com\/nacional\/2025\/10\/02\/real-madrid-villarreal-en-directo-partido-de-la-jornada-8-de-laliga-ea-sports-en-vivo-cadena-ser\/\" target=\"_blank\" rel=\"nofollow noopener\" title=\"https:\/\/cadenaser.com\/nacional\/2025\/10\/02\/real-madrid-villarreal-en-directo-partido-de-la-jornada-8-de-laliga-ea-sports-en-vivo-cadena-ser\/\"> adelant\u00f3 al Real Madrid con un gol nada m\u00e1s empezar la segund<\/a>a parte del partido. El jugador brasile\u00f1o fue el mejor jugador del partido, con un doblete, un penalti y una expulsi\u00f3n provocada. Con el penalti provocado en el minuto 69 comenz\u00f3 la pol\u00e9mica, para Cuadra Fern\u00e1ndez el contacto entre Rafa Mar\u00edn y Vinicius fue suficiente para pitar penalti. \u00abPara m\u00ed tiene que ser algo m\u00e1s, es un penalti que nos hace much\u00edsimo da\u00f1o porque con 1-0 est\u00e1bamos en el partido. Solo hay que ver c\u00f3mo se tira (Vinicius), se tira con los dos pies\u2026\u201d, coment\u00f3 Santi Comesa\u00f1a a DAZN en la entrevista postpartido. <\/p>\n<p>Despu\u00e9s del penalti, el Villarreal se meti\u00f3 en el partido con un golazo de Mikautadze y se puso a un gol de empatar en el Santiago Bernab\u00e9u. Poco despu\u00e9s del gol, Santiago Mouri\u00f1o fue expulsado por doble amarilla tras una falta de Vinicius donde el jugador brasile\u00f1o se quej\u00f3 de un golpe en la cara, el cual nunca existi\u00f3. \u00abCon la expulsi\u00f3n, el \u00e1rbitro impide al Villarreal meterse en el partido\u00bb, comenta Chazarri sobre la segunda jugada pol\u00e9mica del partido. \u00abLas decisiones importantes se ha equivocado\u00bb, analiza Marcos L\u00f3pez sobre el arbitraje de hoy de Cuadra Fern\u00e1ndez. \u00abQue el CTA lo ponga esta semana\u00bb, a\u00f1ade en referencia a las jugadas pol\u00e9micas que saca el CTA todos los martes, comentando las decisiones de las intervenciones del VAR o no. <\/p>\n<p>M\u00e1s informaci\u00f3n<\/p>\n<p>\u00abNo es penalti a Vinicius, ni segunda amarilla a Mouri\u00f1o\u00bb, opina Antonio Romero sobre las dos jugadas pol\u00e9micas en las que el Real Madrid ha obtenido ventaja. \u00abEl problema de hoy es que el \u00e1rbitro es muy malo\u00bb, a\u00f1ade Romero sobre el nivel de Cuadra Fern\u00e1ndez durante el partido en el Santiago Bernab\u00e9u. <\/p>\n<p>El nuevo lateral derecho<\/p>\n<p>Federico Valverde ha vuelto a jugar de lateral derecho despu\u00e9s de la pol\u00e9mica declaraci\u00f3n y de la pasividad calentando en Almaty en Champions League. \u00abXabi Alonso manda y ha aprovechado la primera oportunidad para demostrarlo, el primer partido despu\u00e9s de la pol\u00e9mica le pone de lateral derecho\u00bb, comenta Julio Pulido sobre la jerarqu\u00eda de Xabi Alonso para gestionar el propio vestuario del Real Madrid. \u00abAqu\u00ed manda Xabi Alonso\u00bb, explica Chazarri sobre el l\u00edder del vestuario. \u00abSi dice que Valverde juega de lateral derecho, se acaba el debate\u00bb, a\u00f1ade Chazarri sobre las decisiones del entrenador del Real Madrid. <\/p>\n<p>\u00abValverde se ha equivocado, para m\u00ed gravemente, porque tiene el brazalete de capit\u00e1n sobre el enfado\u00bb, menciona Antonio Romero sobre la pasividad del jugador uruguayo el otro d\u00eda en Almaty mientras calentaba. \u00abValverde se ha equivocado, para m\u00ed gravemente, porque tiene el brazalete de capit\u00e1n sobre el enfado\u00bb, a\u00f1ade Romero sobre ese gesto. <\/p>\n<p>\u00abXabi Alonso ha dado un pu\u00f1etazo en la mesa, no est\u00e1n Carvajal ni Arnold y el mejor lateral derecho de la plantilla es Valverde\u00bb, justica Romero sobre la decisi\u00f3n del entrenador tolosarra de poner a Valverde en la defensa. \u00abSe ha ganado el derecho a decir que es mediocentro\u00bb, hace referencia el narrador habitual del Real Madrid sobre las palabras de Fede Valverde sobre jugar en el centro del campo o en el lateral. \u00abValverde se ha equivocado, para m\u00ed gravemente, porque tiene el brazalete de capit\u00e1n sobre el enfado. \u00abValverde sabe lo que le espera\u00bb, comenta Marcos L\u00f3pez sobre las veces que tendr\u00e1 que jugar en el lateral derecho el uruguayo si a si lo decide Xabi Alonso. <\/p>\n","protected":false},"excerpt":{"rendered":"Vinicius Junior adelant\u00f3 al Real Madrid con un gol nada m\u00e1s empezar la segunda parte del partido. El&hellip;\n","protected":false},"author":2,"featured_media":159031,"comment_status":"","ping_status":"","sticky":false,"template":"","format":"standard","meta":{"footnotes":""},"categories":[93],"tags":[18660,168,25,24,23,167],"class_list":{"0":"post-159030","1":"post","2":"type-post","3":"status-publish","4":"format-standard","5":"has-post-thumbnail","7":"category-deportes","8":"tag-action","9":"tag-deportes","10":"tag-es","11":"tag-espana","12":"tag-spain","13":"tag-sports"},"share_on_mastodon":{"url":"","error":""},"_links":{"self":[{"href":"https:\/\/www.europesays.com\/es\/wp-json\/wp\/v2\/posts\/159030","targetHints":{"allow":["GET"]}}],"collection":[{"href":"https:\/\/www.europesays.com\/es\/wp-json\/wp\/v2\/posts"}],"about":[{"href":"https:\/\/www.europesays.com\/es\/wp-json\/wp\/v2\/types\/post"}],"author":[{"embeddable":true,"href":"https:\/\/www.europesays.com\/es\/wp-json\/wp\/v2\/users\/2"}],"replies":[{"embeddable":true,"href":"https:\/\/www.europesays.com\/es\/wp-json\/wp\/v2\/comments?post=159030"}],"version-history":[{"count":0,"href":"https:\/\/www.europesays.com\/es\/wp-json\/wp\/v2\/posts\/159030\/revisions"}],"wp:featuredmedia":[{"embeddable":true,"href":"https:\/\/www.europesays.com\/es\/wp-json\/wp\/v2\/media\/159031"}],"wp:attachment":[{"href":"https:\/\/www.europesays.com\/es\/wp-json\/wp\/v2\/media?parent=159030"}],"wp:term":[{"taxonomy":"category","embeddable":true,"href":"https:\/\/www.europesays.com\/es\/wp-json\/wp\/v2\/categories?post=159030"},{"taxonomy":"post_tag","embeddable":true,"href":"https:\/\/www.europesays.com\/es\/wp-json\/wp\/v2\/tags?post=159030"}],"curies":[{"name":"wp","href":"https:\/\/api.w.org\/{rel}","templated":true}]}}