{"id":159051,"date":"2025-10-06T07:35:16","date_gmt":"2025-10-06T07:35:16","guid":{"rendered":"https:\/\/www.europesays.com\/es\/159051\/"},"modified":"2025-10-06T07:35:16","modified_gmt":"2025-10-06T07:35:16","slug":"andrea-manfredini-el-pasado-proyecta-sombras-tan-largas-que-a-veces-oscurecen-el-futuro-2","status":"publish","type":"post","link":"https:\/\/www.europesays.com\/es\/159051\/","title":{"rendered":"Andrea Manfredini: \u201cEl pasado proyecta sombras tan largas que a veces oscurecen el futuro\u201d"},"content":{"rendered":"<p>CASTELL\u00d3. El escritor castellonense <strong>Andrea Manfredini<\/strong> ha publicado en pocos meses dos libros. <strong>Ed\u00e9n<\/strong> (Malasartes, 2025), su primera obra completa de ciencia ficci\u00f3n, donde imagina un siglo XXII atravesado por cat\u00e1strofes clim\u00e1ticas y tensiones geopol\u00edticas: el deshielo de la Ant\u00e1rtida provoca guerras por el control del nuevo \u201cLejano Sur\u201d, los viajes a ciertos destinos se sustituyen por turismo digital y <strong>un cuarto de la poblaci\u00f3n acaba optando por emigrar a un mundo virtual creado por una IA,<\/strong> un Ed\u00e9n que replica la realidad a cambio de renunciar al cuerpo f\u00edsico.<\/p>\n<p>Mientras que en <strong>Hibakusha<\/strong> (Apache Libros, 2025), publicado tambi\u00e9n en Argentina, Manfredini participa junto a otros siete autores en un homenaje literario a los supervivientes de <strong>Hiroshima y Nagasaki<\/strong>. Fantas\u00eda oscura, ciencia ficci\u00f3n, realismo m\u00e1gico o terror se entrelazan en esta antolog\u00eda coral que revisita la memoria de las bombas at\u00f3micas ochenta a\u00f1os despu\u00e9s.<\/p>\n<p>Dos propuestas muy distintas, unidas por la misma inquietud: qu\u00e9 ocurre con la humanidad cuando llega a sus propios l\u00edmites, ya sea en la memoria de una cat\u00e1strofe nuclear o en un futuro de \u201cpara\u00edsos digitales\u201d.<\/p>\n<p><strong>-Este 2025 te ha pillado con doble publicaci\u00f3n. \u00bfQu\u00e9 sensaciones te est\u00e1 dejando este momento como escritor?<\/strong><br \/>&#13;<br \/>\n-Estoy encantado. Ed\u00e9n es mi primera obra completa de ciencia ficci\u00f3n; antes hab\u00eda escrito algunas cosas sueltas, pero era un reto que ten\u00eda ganas de afrontar. Adem\u00e1s, hacerlo con una editorial como Malasartes es algo muy especial. Estoy present\u00e1ndola en diferentes ciudades, la editorial est\u00e1 apostando por el libro y yo tengo muchas ganas de darlo a conocer. Y en el caso de Hibakusha, fue el coordinador, Alberto Ogayas, quien me contact\u00f3 para participar. Es muy gratificante que otra persona del gremio considere que tu trabajo y tu escritura tienen el nivel suficiente para estar presente en una obra as\u00ed. Adem\u00e1s, compartir espacio con autores como Roman Huarte o Jos\u00e9 A. Bonilla ha sido un lujo.<\/p>\n<p><strong>-En Ed\u00e9n planteas un futuro donde muchas personas se plantean dejar atr\u00e1s la Tierra y mudarse a un \u201cpara\u00edso digital\u201d. \u00bfQu\u00e9 te atrajo de esa idea?<\/strong><br \/>&#13;<br \/>\n-El germen del libro naci\u00f3 de todas las problem\u00e1ticas que est\u00e1bamos viviendo. Lo escrib\u00ed entre las navidades de 2024 y 2025, d\u00e1ndole vueltas a los problemas asociados a la migraci\u00f3n en Espa\u00f1a y Europa. A partir de ah\u00ed me pregunt\u00e9: \u00bfqu\u00e9 pasar\u00eda si en lugar de una migraci\u00f3n f\u00edsica pudiera existir una migraci\u00f3n digital? \u00bfA d\u00f3nde emigrar\u00edamos? \u00bfA un espacio virtual? De ah\u00ed fueron saliendo m\u00e1s preguntas, relacionadas tambi\u00e9n con la presencia cada vez m\u00e1s fuerte de los mundos digitales en los que la gente se refugia actualmente, ya sea redes sociales, comunidades de videojuegos, chats\u2026 Al final, ese espacio virtual ya existe en cierta manera. Juegos como Los Sims se est\u00e1n convirtiendo en realidades paralelas, en cierto modo, para algunas personas.<\/p>\n<p><strong>-Guerras clim\u00e1ticas, turismo digital, migraciones forzadas\u2026 \u00bfqu\u00e9 parte del presente reconocible hay detr\u00e1s de estas ideas en Ed\u00e9n?<\/strong><br \/>&#13;<br \/>\n-Hay mucho. Pensaba, por ejemplo, en los peque\u00f1os archipi\u00e9lagos del Pac\u00edfico, que corren el riesgo de desaparecer si el nivel del mar sube entre dos y cinco metros. Me imagin\u00e9 c\u00f3mo ser\u00eda, desde un punto de vista de negocio, plantear un \u201cturismo digital, es decir, recrear esos paisajes en un entorno virtual y que la gente no tuviera m\u00e1s remedio que visitarlas de esta manera. En cuanto a las guerras por los recursos, tampoco hay que irse muy lejos. India y China llevan casi un siglo peleando por los r\u00edos que nacen en la meseta del Himalaya, y de eso hablo en el primer relato. Al final, el presente me ha servido para proyectar esos conflictos hacia el futuro, dentro de un contexto de mundos virtuales y de la posibilidad de emigrar a ellos.<\/p>\n<p>&#13;<br \/>\n<img decoding=\"async\" alt=\"Ed\u00e9n\" itemprop=\"url\" src=\"https:\/\/www.europesays.com\/es\/wp-content\/uploads\/2025\/10\/articulos-1682229.jpg\" title=\"Ed\u00e9n - \"\/>&#13;<\/p>\n<p><strong>-Quien decide emigrar al mundo digital tiene que renunciar al cuerpo f\u00edsico. \u00bfQu\u00e9 te interesaba explorar ah\u00ed: la identidad, el miedo a la muerte, la b\u00fasqueda de otra vida\u2026?<\/strong><br \/>&#13;<br \/>\n-El propio t\u00edtulo ya te da una pista: hay una cierta carga religiosa o espiritual. Ed\u00e9n no deja de ser el para\u00edso de los cristianos, y por tanto s\u00ed, hay una peque\u00f1a carga espiritual. Creo que existe tanto una b\u00fasqueda de posteridad como una pregunta sobre qu\u00e9 hay en el m\u00e1s all\u00e1, o en qu\u00e9 podr\u00eda llegar a convertirse ese m\u00e1s all\u00e1. Al fin y al cabo, no podemos asegurar que exista, no podemos poner la mano en el fuego. Pero me interesaba plantear: si la tecnolog\u00eda es capaz de crear muchas cosas, \u00bfqu\u00e9 pasar\u00eda si fuera el propio ser humano quien fabricara su propio m\u00e1s all\u00e1? El cuerpo se deteriora, pero a trav\u00e9s de una plataforma digital se podr\u00eda construir otra forma de eternidad.\u00a0<\/p>\n<p>De hecho, uno de los relatos m\u00e1s espirituales de la novela aborda precisamente esa reflexi\u00f3n. El protagonista es un hombre muy mayor que habla con su nieto. El nieto quiere emigrar a ese para\u00edso digital y le pregunta por qu\u00e9 no quiere ir con ellos. Para el abuelo, la eternidad no es algo hacia adelante, sino hacia atr\u00e1s: lo eterno son las personas que ya ha perdido y que no podr\u00e1 reencontrar all\u00ed. Para \u00e9l, lo eterno es lo que ya ha pasado y sigue vivo en su memoria. Los j\u00f3venes solemos proyectar la eternidad hacia adelante, porque nos queda tiempo por vivir; en cambio, las personas mayores suelen proyectarla hacia atr\u00e1s, porque tienen menos tiempo por delante. Tambi\u00e9n lo eterno puede entenderse como lo inmutable: el pasado no cambia, y de alguna manera eso lo convierte en eterno.<\/p>\n<p>Y aunque no est\u00e1 directamente ligado al concepto de eternidad, hay otro relato con un trasfondo filos\u00f3fico que transcurre en una base lunar en el futuro. All\u00ed los habitantes se preguntan qu\u00e9 pasar\u00e1 cuando la gente en la Tierra empiece a emigrar en masa al mundo digital. La Luna no es autosuficiente y depende de la ayuda de la Tierra, as\u00ed que antes o despu\u00e9s podr\u00edan quedar desatendidos. Ese relato plantea el v\u00e9rtigo de tener que \u201cabandonar el nido\u201d: aunque vivan en la Luna, siguen dependiendo del planeta. Pero tambi\u00e9n muestra el \u00faltimo coraje que despierta al sobrevivir.<\/p>\n<p><strong>-De hecho, el \u201cpara\u00edso digital\u201d lo crea un personaje marcado por el duelo. \u00bfEra importante que el origen de algo tan futurista naciera de algo tan humano como la p\u00e9rdida?<\/strong><br \/>&#13;<br \/>\nS\u00ed. Muchas de las cosas que imagino en un contexto futurista nacen en realidad de problemas del presente y de la necesidad de buscarles soluciones. En este caso, Faraway es un visionario que ha perdido a su hija. Es una persona con muchos recursos, pero aun as\u00ed, si no tienes familia y est\u00e1s solo, la vida puede resultarte insulsa incluso a ese nivel. Puedes llegar a pensar: \u201csin mi familia no quiero seguir\u201d. De alguna manera, Faraway se propone una alternativa a s\u00ed mismo: crea ese mundo virtual para poder irse con la conciencia de su hija. En el libro existe una tecnolog\u00eda para extraer las \u201cjoyas\u201d -chips instalados en la cabeza- y trasladar esa conciencia a Ed\u00e9n. \u00c9l busca, en cierto modo, generarse su propio para\u00edso y ofrecer esa alternativa tambi\u00e9n a otras personas.<\/p>\n<p><strong>-En definitiva, m\u00e1s all\u00e1 de la trama, \u00bfqu\u00e9 es lo que te gustar\u00eda que el lector se llevara al cerrar el libro?<\/strong><br \/>&#13;<br \/>\n-Soy de esas personas a las que les encantar\u00eda que ma\u00f1ana dijeran que una luna de Saturno es perfecta para que pueda vivir gente, pero luego pienso que, por muy habitable que sea, el \u00fanico mundo realmente hecho para nosotros es este. Hemos evolucionado para que nos vaya bien aqu\u00ed, y me gustar\u00eda que los lectores valoraran la importancia de este planeta, lo perfectamente dise\u00f1ado que est\u00e1 para nosotros y lo que implicar\u00eda renunciar a \u00e9l. Tambi\u00e9n me interesa que se planteen otra cuesti\u00f3n: si la tecnolog\u00eda es capaz de generar un Ed\u00e9n virtual, un espacio id\u00edlico donde todos vivir\u00edamos bien, \u00bfpor qu\u00e9 no usarla tambi\u00e9n para mejorar nuestras condiciones en el presente? Sin caer en la ingenuidad ni ser naif, podemos aprovechar la tecnolog\u00eda para transformar el mundo real. Ese Ed\u00e9n que imagino en el libro podr\u00eda ser tambi\u00e9n un para\u00edso f\u00edsico, en el sentido de que podr\u00edamos mejorar muchas cosas aqu\u00ed y ahora.<\/p>\n<p><strong>-En Hibakusha compartes espacio con otros autores y autoras. \u00bfQu\u00e9 has querido aportar a la historia con tu relato?<\/strong><br \/>&#13;<br \/>\n-Como persona a la que le interesa mucho la historia japonesa -toda la historia en general, pero esta especialmente-, tuve claro enseguida lo que quer\u00eda aportar. Hac\u00eda tiempo que hab\u00eda le\u00eddo sobre el concepto de \u201csombras radiactivas\u201d. Las explosiones en Hiroshima liberaron tanta radiaci\u00f3n luminosa que abrasaron muros, aceras y fachadas: cualquier objeto o persona proyectaba una sombra que quedaba marcada de forma permanente en la superficie. Era como una silueta quemada por la radiaci\u00f3n.<br \/>&#13;<br \/>\nAlgunas de esas sombras eran de personas que estaban all\u00ed en ese momento: de pie, sentadas en una escalera\u2026 Me recordaban a testigos de lo sucedido. Escribir sobre eso era, de alguna forma, escribir el alma de esas personas. Quedaron cenizas, pero tambi\u00e9n qued\u00f3 su sombra.<\/p>\n<p>&#13;<br \/>\n<img decoding=\"async\" alt=\"Hibakusha\" itemprop=\"url\" src=\"https:\/\/www.europesays.com\/es\/wp-content\/uploads\/2025\/10\/articulos-1682230.jpg\" title=\"Hibakusha - \"\/>&#13;<\/p>\n<p><strong>-El libro mezcla g\u00e9neros como ciencia ficci\u00f3n, realismo m\u00e1gico o terror. \u00bfQu\u00e9 aporta lo fant\u00e1stico a la hora de hablar de una tragedia?<\/strong><br \/>&#13;<br \/>\n-A veces lo que permite es generar un poco de alivio. Nos da la posibilidad de recrearnos en hechos dur\u00edsimos pero desde una posici\u00f3n m\u00e1s ligera, aliviando la carga dram\u00e1tica que tienen. Por ejemplo, uno de los relatos habla de viajes en el tiempo: un personaje es capaz de retroceder unos instantes antes de la explosi\u00f3n y tener una \u00faltima conversaci\u00f3n con sus seres queridos. Eso te permite esquivar en parte la dureza del hecho y explorar ese dolor con un poco de distancia. Cuando a\u00f1ades elementos de realismo m\u00e1gico -como en mi caso- o de ciencia ficci\u00f3n, le das al lector un espacio distinto. Ya no lo ve tan de cerca, se pone unas \u201cgafas\u201d y entiende: esto es ficci\u00f3n. Lo que contamos es real y dur\u00edsimo, pero al presentarlo desde el g\u00e9nero fant\u00e1stico intentamos que el lector lo perciba, lo comprenda y, de alguna manera, tambi\u00e9n lo pueda disfrutar. Por eso necesitamos estos g\u00e9neros. El realismo hist\u00f3rico tambi\u00e9n puede entretener, pero suele ser m\u00e1s serio y contenido.<\/p>\n<p><strong>-En Ed\u00e9n miras a un futuro devastado; en Hibakusha vuelves a una devastaci\u00f3n del pasado. \u00bfTe interesa esa mirada al l\u00edmite de la humanidad, sea hacia atr\u00e1s o hacia delante?<\/strong><br \/>&#13;<br \/>\n-Bueno, a m\u00ed tanto mirar hacia atr\u00e1s como hacia delante es de las cosas que m\u00e1s me gustan. Suelo moverme en equilibrio entre esas dos coordenadas, porque el pasado siempre me ha interesado mucho como amante de la historia, y el futuro no nos queda otra que encararlo, no hay m\u00e1s remedio que mirarlo de frente. Es verdad que en los extremos de esas coordenadas encontramos im\u00e1genes muy representativas de lo que es el ser humano. Cuando te alejas y miras el pasado o el futuro con cierta distancia, es cuando empiezas a ver la imagen completa, y eso me resulta muy interesante. Igual que el futuro nos inquieta, el pasado tambi\u00e9n lo hace y proyecta sombras muy largas, que es de lo que hablo en mi relato. A veces esas sombras son tan largas que llegan a oscurecer el futuro, y no siempre es f\u00e1cil quit\u00e1rtelas de encima para poder avanzar.<\/p>\n<p>&#8211;<strong>\u00bfEn qu\u00e9 terreno creativo te apetece moverte ahora?<\/strong><br \/>&#13;<br \/>\n-Me gustar\u00eda much\u00edsimo seguir trabajando el g\u00e9nero fant\u00e1stico, que es el que m\u00e1s disfruto tanto leyendo como escribiendo. Ahora mismo estoy terminando de escribir mi segunda antolog\u00eda para F\u00e9nix Book, que espero poder publicar en primavera de 2026 si todo va bien. Adem\u00e1s, estoy arrancando un proyecto de c\u00f3mic junto a un ilustrador nacional. Empezamos hace apenas un mes y estamos trabajando en los primeros bocetos, definiendo los perfiles de los personajes. La idea es que para navidades de este a\u00f1o tengamos un proyecto bien definido que podamos mostrar a editoriales. No descartamos, tampoco, recurrir al crowdfunding y al apoyo de los lectores para sacarlo adelante.<\/p>\n<p>&#8211;<strong>\u00bfC\u00f3mo ves el sector literario y del c\u00f3mic desde dentro?<\/strong><br \/>&#13;<br \/>\n-Siempre ha sido complicado, y lo sigue siendo todav\u00eda hoy. Es verdad que hay un peque\u00f1o repunte, sobre todo en el c\u00f3mic, con nuevos autores que est\u00e1n apareciendo y generando inter\u00e9s, pero la sensaci\u00f3n es que todav\u00eda queda mucho por crecer. Lo ideal tampoco es que ese crecimiento venga solo por las subvenciones, porque no reflejan realmente la fuerza de la industria. Lo que de verdad puede ayudar es seguir cultivando el apoyo de los lectores. Tanto el sector del libro como el del c\u00f3mic dependen directamente del fan, del lector: sin su apoyo no sobrevivimos.\u00a0<\/p>\n<p>Ah\u00ed est\u00e1 tambi\u00e9n la dificultad: primero, que una editorial apueste por ti, porque necesita confiar en que tu propuesta ser\u00e1 rentable; y segundo, que seamos capaces de despertar ese inter\u00e9s en el p\u00fablico. Quiz\u00e1 eso pase por nuevas formas de dar a conocer nuestro trabajo, probablemente a trav\u00e9s de las redes sociales, que todav\u00eda estamos aprendiendo a manejar en este sentido. Son canales de comunicaci\u00f3n m\u00e1s \u00edntimos: si publico una saga y con el tiempo acaba llegando a un grupo de lectores en Espa\u00f1a que conectan con ella, las redes me permiten generar un v\u00ednculo m\u00e1s cercano con ellos. Y creo que esa va a ser una de las claves del sector.<\/p>\n<p>*A finales de octubre\/ principios de noviembre, Hibakusha se presentar\u00e1 en la librer\u00eda Dracs i Daus de Castell\u00f3, con presencia virtual de dos de sus autores, adem\u00e1s del mismo castellonense.<\/p>\n<p>\u00a0<\/p>\n","protected":false},"excerpt":{"rendered":"CASTELL\u00d3. El escritor castellonense Andrea Manfredini ha publicado en pocos meses dos libros. Ed\u00e9n (Malasartes, 2025), su primera&hellip;\n","protected":false},"author":2,"featured_media":158858,"comment_status":"","ping_status":"","sticky":false,"template":"","format":"standard","meta":{"footnotes":""},"categories":[172],"tags":[224,146,147,25,24,225,23],"class_list":{"0":"post-159051","1":"post","2":"type-post","3":"status-publish","4":"format-standard","5":"has-post-thumbnail","7":"category-libros","8":"tag-books","9":"tag-entertainment","10":"tag-entretenimiento","11":"tag-es","12":"tag-espana","13":"tag-libros","14":"tag-spain"},"share_on_mastodon":{"url":"","error":""},"_links":{"self":[{"href":"https:\/\/www.europesays.com\/es\/wp-json\/wp\/v2\/posts\/159051","targetHints":{"allow":["GET"]}}],"collection":[{"href":"https:\/\/www.europesays.com\/es\/wp-json\/wp\/v2\/posts"}],"about":[{"href":"https:\/\/www.europesays.com\/es\/wp-json\/wp\/v2\/types\/post"}],"author":[{"embeddable":true,"href":"https:\/\/www.europesays.com\/es\/wp-json\/wp\/v2\/users\/2"}],"replies":[{"embeddable":true,"href":"https:\/\/www.europesays.com\/es\/wp-json\/wp\/v2\/comments?post=159051"}],"version-history":[{"count":0,"href":"https:\/\/www.europesays.com\/es\/wp-json\/wp\/v2\/posts\/159051\/revisions"}],"wp:featuredmedia":[{"embeddable":true,"href":"https:\/\/www.europesays.com\/es\/wp-json\/wp\/v2\/media\/158858"}],"wp:attachment":[{"href":"https:\/\/www.europesays.com\/es\/wp-json\/wp\/v2\/media?parent=159051"}],"wp:term":[{"taxonomy":"category","embeddable":true,"href":"https:\/\/www.europesays.com\/es\/wp-json\/wp\/v2\/categories?post=159051"},{"taxonomy":"post_tag","embeddable":true,"href":"https:\/\/www.europesays.com\/es\/wp-json\/wp\/v2\/tags?post=159051"}],"curies":[{"name":"wp","href":"https:\/\/api.w.org\/{rel}","templated":true}]}}