{"id":159088,"date":"2025-10-06T08:04:08","date_gmt":"2025-10-06T08:04:08","guid":{"rendered":"https:\/\/www.europesays.com\/es\/159088\/"},"modified":"2025-10-06T08:04:08","modified_gmt":"2025-10-06T08:04:08","slug":"los-libros-y-el-jazz-de-eliane-elias-protagonistas-de-la-semana-en-majadahonda-ayuntamiento-de-majadahonda","status":"publish","type":"post","link":"https:\/\/www.europesays.com\/es\/159088\/","title":{"rendered":"Los libros y el jazz de Eliane Elias, protagonistas de la semana en Majadahonda &#8211; Ayuntamiento de Majadahonda"},"content":{"rendered":"<ul>\n<li><strong>La semana arrancar\u00e1 con una nueva sesi\u00f3n del club de lectura con la famosa obra de Jane Austen, \u201cSentido y sensibilidad\u201d como elegida para su an\u00e1lisis.<\/strong><\/li>\n<li><strong>El s\u00e1bado 11 de octubre, concierto de jazz de la pianista y cantante brasile\u00f1a Eliane Elias, ganadora de dos premios Grammy y dos Latin Grammy, en el Teatro de la Casa de la Cultura.\u00a0<\/strong><\/li>\n<\/ul>\n<p>\u00a0 \u00a0<br \/>Tras la novena edici\u00f3n de la Feria del Libro de Majadahonda, la semana cultural arranca con el club de lectura \u00abLibros con mucho cine\u00bb, una actividad que pretende acercar al p\u00fablico obras literarias y profundizar en la estrecha relaci\u00f3n que existe entre la narraci\u00f3n escrita y cinematogr\u00e1fica. La primera sesi\u00f3n del nuevo ciclo comienza este lunes, 6 de octubre, con la proyecci\u00f3n en los Cines Zoco de la pel\u00edcula \u201cSentido y sensibilidad\u201d, dirigida por Ang Lee en 1995, y posterior coloquio. Las entradas pueden adquirirse en las taquillas del cine.\u00a0<\/p>\n<p>Un d\u00eda despu\u00e9s, el martes 7 de octubre, el club de lectura comentar\u00e1 la obra escrita por Jane Austen en 1811, en la Sala Polivalente de la Biblioteca Municipal \u201cFrancisco Umbral\u201d (C\/ Las Norias, 39). La inscripci\u00f3n a este encuentro puede realizarse de forma telef\u00f3nica llamando al 916349419, por correo electr\u00f3nico <a href=\"https:\/\/www.majadahonda.org\/noticias\/-\/asset_publisher\/1vDv8dGUJ8Ho\/content\/mailto:bibliotecafranciscoumbral@majadahonda.org\" rel=\"nofollow noopener\" target=\"_blank\">bibliotecafranciscoumbral@majadahonda.org <\/a>o presencialmente en la biblioteca.\u00a0<\/p>\n<p>El mi\u00e9rcoles 8 de octubre, presentaci\u00f3n del libro \u00abDe otra luz y otros mares\u00bb, el \u00faltimo libro de poemas de Juan Manuel G\u00f3mez Tirado, licenciado en Filolog\u00eda por la Universidad Complutense y con una larga carrera como profesor de lat\u00edn y griego. La presentaci\u00f3n correr\u00e1 a cargo de Jos\u00e9 Mar\u00eda Echazarreta Arzac y ser\u00e1 a partir de las 19 horas en la Sala Polivalente de la Biblioteca Municipal, con acceso libre hasta completar aforo.<\/p>\n<p>\u201cLa hora del cuento\u201d, con Elena Octavia, es la actividad programada para el jueves 9 de octubre en la Sala Polivalente de la Biblioteca Municipal. Es la historia del se\u00f1or Lucas y su perro Canica, por quien ser\u00e1 capaz de hacer cualquier cosa. Este cuento, sobre la amistad y el cuidado, est\u00e1 escrito por la escritora sueca Eva Lindstr\u00f6m, dirigido a ni\u00f1os a partir de los 4 a\u00f1os. El cuentacuentos comenzar\u00e1 a las 18 horas. Para participar, es necesario inscribirse, a partir de este lunes, presencialmente en la biblioteca o por tel\u00e9fono. Es imprescindible tener el carnet de usuario de la biblioteca.\u00a0<\/p>\n<p>La semana cultural terminar\u00e1 el s\u00e1bado 11 de octubre con un concierto de jazz de Eliane Elias, pianista, cantante, compositora y arreglista galardonada con numerosos premios Grammy. Elias tiene un estilo musical propio, con un sonido \u00fanico y reconocible que fusiona sus ra\u00edces brasile\u00f1as con el virtuosismo instrumental del jazz. El concierto comenzar\u00e1 a las 20 horas en el Teatro de la Casa de la Cultura \u201cCarmen Conde\u201d (Plaza de Col\u00f3n, s\/n). El precio de las localidades es de 15 euros en la planta baja y de 12 en la planta alta. Pueden adquirirse a trav\u00e9s de este enlace: <a href=\"https:\/\/www.giglon.com\/todos?idEvent=eliane-elias-majadahonda\" rel=\"nofollow noopener\" target=\"_blank\">https:\/\/www.giglon.com\/todos?idEvent=eliane-elias-majadahonda<\/a><\/p>\n","protected":false},"excerpt":{"rendered":"La semana arrancar\u00e1 con una nueva sesi\u00f3n del club de lectura con la famosa obra de Jane Austen,&hellip;\n","protected":false},"author":2,"featured_media":159089,"comment_status":"","ping_status":"","sticky":false,"template":"","format":"standard","meta":{"footnotes":""},"categories":[91],"tags":[209,146,147,25,24,45696,45698,45697,23],"class_list":{"0":"post-159088","1":"post","2":"type-post","3":"status-publish","4":"format-standard","5":"has-post-thumbnail","7":"category-entretenimiento","8":"tag-cultura","9":"tag-entertainment","10":"tag-entretenimiento","11":"tag-es","12":"tag-espana","13":"tag-majadahonda","14":"tag-noticias-ayuntamiento-de-majadahonda","15":"tag-noticias-de-majadahonda","16":"tag-spain"},"share_on_mastodon":{"url":"","error":""},"_links":{"self":[{"href":"https:\/\/www.europesays.com\/es\/wp-json\/wp\/v2\/posts\/159088","targetHints":{"allow":["GET"]}}],"collection":[{"href":"https:\/\/www.europesays.com\/es\/wp-json\/wp\/v2\/posts"}],"about":[{"href":"https:\/\/www.europesays.com\/es\/wp-json\/wp\/v2\/types\/post"}],"author":[{"embeddable":true,"href":"https:\/\/www.europesays.com\/es\/wp-json\/wp\/v2\/users\/2"}],"replies":[{"embeddable":true,"href":"https:\/\/www.europesays.com\/es\/wp-json\/wp\/v2\/comments?post=159088"}],"version-history":[{"count":0,"href":"https:\/\/www.europesays.com\/es\/wp-json\/wp\/v2\/posts\/159088\/revisions"}],"wp:featuredmedia":[{"embeddable":true,"href":"https:\/\/www.europesays.com\/es\/wp-json\/wp\/v2\/media\/159089"}],"wp:attachment":[{"href":"https:\/\/www.europesays.com\/es\/wp-json\/wp\/v2\/media?parent=159088"}],"wp:term":[{"taxonomy":"category","embeddable":true,"href":"https:\/\/www.europesays.com\/es\/wp-json\/wp\/v2\/categories?post=159088"},{"taxonomy":"post_tag","embeddable":true,"href":"https:\/\/www.europesays.com\/es\/wp-json\/wp\/v2\/tags?post=159088"}],"curies":[{"name":"wp","href":"https:\/\/api.w.org\/{rel}","templated":true}]}}