{"id":159110,"date":"2025-10-06T08:21:08","date_gmt":"2025-10-06T08:21:08","guid":{"rendered":"https:\/\/www.europesays.com\/es\/159110\/"},"modified":"2025-10-06T08:21:08","modified_gmt":"2025-10-06T08:21:08","slug":"libros-con-el-sello-hecho-por-humanos","status":"publish","type":"post","link":"https:\/\/www.europesays.com\/es\/159110\/","title":{"rendered":"Libros con el sello \u201checho por humanos\u201d"},"content":{"rendered":"<p data-gtm-element-container=\"modulo-texto-link\" class=\"paragraph\">Y si acabamos teniendo libros con el sello \u201checho por humanos\u201d? La IA preocupa a toda la sociedad y, desde luego, al sector editorial. En Estados Unidos se usa ya de manera masiva la inteligencia artificial en el mundo de los libros para traducir, ilustrar, para producir audiolibros a quintales&#8230; y, sin duda, para escribir. En Espa\u00f1a, por ahora, no es as\u00ed, aunque las editoriales ya se han protegido por si acaso, explica el editor de Tusquets Juan Cerezo, con cl\u00e1usulas en los contratos contra los libros escritos con IA, igual que est\u00e1n protegidos por cl\u00e1usulas contra el plagio. Cerezo ha sido uno de los participantes en el Coloquio de Editores Europeos de las Conversaciones Literarias de Formentor, que ha reunido a decenas de editores en Aranjuez.<\/p>\n<p data-gtm-element-container=\"modulo-texto-link\" class=\"paragraph\">\u201cNos hemos dado cuenta de que nos est\u00e1 llamando una sirena. Una sirena que dice \u2018ven a m\u00ed, soy inteligente, soy artificial, soy guap\u00edsima, soy sexy, nunca me quejar\u00e9, crear\u00e9 libros sin que necesites autores, no tendr\u00e1s que soportar a los autores nunca m\u00e1s, los traducir\u00e9 sin que necesites traductores, los editar\u00e9, los ilustrar\u00e9, maquetar\u00e9, promocionar\u00e9 sin costes de personas porque lo har\u00e9 todo y lo har\u00e9 en pocos segundos\u2019. Y ah\u00ed estamos, como Ulises, vamos a sus brazos o nos atamos al m\u00e1stil del barco para resistir\u201d, resumi\u00f3 la periodista Berna Gonz\u00e1lez Harbour, que present\u00f3 ayer las conclusiones del encuentro.<\/p>\n<p>La pol\u00e9mica por \u2018El odio\u2019, sobre el asesino Jos\u00e9 Bret\u00f3n, muestra que el libro sigue siendo trascendente<\/p>\n<p data-gtm-element-container=\"modulo-texto-link\" class=\"paragraph\">Un encuentro en el que jugando con la divisi\u00f3n de Umberto Eco, hubo apocal\u00edpticos y desintegrados: los que temen a la IA y creen que la de editor debe ser una tarea artesanal, que el editor es a\u00fan una especie de custodio medieval del libro, como se\u00f1al\u00f3 Claudia Casanova, de \u00c1tico de los Libros, o los que reclamaron reconocer, como el joven editor Jochen Vivallo, de Los Tres Editores, que nuestras vidas son ya fragmentarias, que somos lectores y editores fragmentarios y que hay que ser optimistas sobre lo que viene: \u00e9l comenz\u00f3 leyendo Harry Potter y ahora es editor.<\/p>\n<p data-gtm-element-container=\"modulo-texto-link\" class=\"paragraph\">Entre ambos, los datos: la lectura en el tiempo libre, se constat\u00f3, est\u00e1 descendiendo agudamente en numerosos pa\u00edses occidentales, aunque en Espa\u00f1a se da un peque\u00f1o milagro en sentido contrario en la \u00faltima d\u00e9cada. Se suma a ello un descenso de la capacidad de concentraci\u00f3n y de comprensi\u00f3n de textos complejos en un mundo de atenci\u00f3n fragmentada.<\/p>\n<p data-gtm-element-container=\"modulo-texto-link\" class=\"paragraph\">En ese contexto, los reunidos apostaron por la primac\u00eda irrenunciable del editor, por las sorpresas que pueden dar las nuevas generaciones y por estar atentos a los cambios de sensibilidad social, como ha demostrado la enorme pol\u00e9mica por El odio , de Luisg\u00e9 Mart\u00edn, sobre el asesino Jos\u00e9 Bret\u00f3n, una pol\u00e9mica monumental que ha mostrado que el libro sigue siendo trascendente para la sociedad y puede cambiar hasta leyes. Ante el futuro, en el debate se barajaron etiquetas como \u201cLibro libre de IA\u201d o \u201cLibro hecho por humanos\u201d, igual que ya llevan sellos ecol\u00f3gicos. Y Gianluca Foglia, director editorial de Feltrinelli, apunt\u00f3 en el mundo de la edici\u00f3n dos esperanzas de futuro: \u201cQue haya un autor detr\u00e1s, alguien que comparta una experiencia humana, y que haya imprevisibilidad, lo contrario de lo que quiere el mundo de la IA, que quiere saberlo y controlarlo todo\u201d.<\/p>\n","protected":false},"excerpt":{"rendered":"Y si acabamos teniendo libros con el sello \u201checho por humanos\u201d? La IA preocupa a toda la sociedad&hellip;\n","protected":false},"author":2,"featured_media":159111,"comment_status":"","ping_status":"","sticky":false,"template":"","format":"standard","meta":{"footnotes":""},"categories":[172],"tags":[224,146,147,25,24,225,23],"class_list":{"0":"post-159110","1":"post","2":"type-post","3":"status-publish","4":"format-standard","5":"has-post-thumbnail","7":"category-libros","8":"tag-books","9":"tag-entertainment","10":"tag-entretenimiento","11":"tag-es","12":"tag-espana","13":"tag-libros","14":"tag-spain"},"share_on_mastodon":{"url":"","error":""},"_links":{"self":[{"href":"https:\/\/www.europesays.com\/es\/wp-json\/wp\/v2\/posts\/159110","targetHints":{"allow":["GET"]}}],"collection":[{"href":"https:\/\/www.europesays.com\/es\/wp-json\/wp\/v2\/posts"}],"about":[{"href":"https:\/\/www.europesays.com\/es\/wp-json\/wp\/v2\/types\/post"}],"author":[{"embeddable":true,"href":"https:\/\/www.europesays.com\/es\/wp-json\/wp\/v2\/users\/2"}],"replies":[{"embeddable":true,"href":"https:\/\/www.europesays.com\/es\/wp-json\/wp\/v2\/comments?post=159110"}],"version-history":[{"count":0,"href":"https:\/\/www.europesays.com\/es\/wp-json\/wp\/v2\/posts\/159110\/revisions"}],"wp:featuredmedia":[{"embeddable":true,"href":"https:\/\/www.europesays.com\/es\/wp-json\/wp\/v2\/media\/159111"}],"wp:attachment":[{"href":"https:\/\/www.europesays.com\/es\/wp-json\/wp\/v2\/media?parent=159110"}],"wp:term":[{"taxonomy":"category","embeddable":true,"href":"https:\/\/www.europesays.com\/es\/wp-json\/wp\/v2\/categories?post=159110"},{"taxonomy":"post_tag","embeddable":true,"href":"https:\/\/www.europesays.com\/es\/wp-json\/wp\/v2\/tags?post=159110"}],"curies":[{"name":"wp","href":"https:\/\/api.w.org\/{rel}","templated":true}]}}