{"id":159112,"date":"2025-10-06T08:22:23","date_gmt":"2025-10-06T08:22:23","guid":{"rendered":"https:\/\/www.europesays.com\/es\/159112\/"},"modified":"2025-10-06T08:22:23","modified_gmt":"2025-10-06T08:22:23","slug":"la-leccion-que-noemi-galera-dio-en-operacion-triunfo-2018-y-que-vuelve-a-ser-necesaria-siete-anos-despues","status":"publish","type":"post","link":"https:\/\/www.europesays.com\/es\/159112\/","title":{"rendered":"La lecci\u00f3n que Noem\u00ed Galera dio en \u2018Operaci\u00f3n Triunfo 2018\u2019 y que vuelve a ser necesaria siete a\u00f1os despu\u00e9s"},"content":{"rendered":"<p class=\"paragraph\" id=\"paragraph_1\">En <strong>Operaci\u00f3n Triunfo<\/strong><strong> los concursantes, en teor\u00eda, aman la m\u00fasica<\/strong>. Muchos esperan al entrar en la conocida academia labrarse una extensa y exitosa carrera en la que se graben discos, se hagan giras, y lluevan los premios y los reconocimientos. Sin embargo, <a href=\"https:\/\/www.elespanol.com\/bluper\/20210519\/operacion-triunfo-cumple-posibles-opciones-tve-celebrarlo\/582192793_0.html?utm_cmp_rs=linksinline\" rel=\"nofollow noopener\" target=\"_blank\">casi 25 a\u00f1os despu\u00e9s del estreno de la primera edici\u00f3n<\/a>, sabemos que eso <strong>sucede en casos muy contados<\/strong>.<\/p>\n<p class=\"paragraph\" id=\"paragraph_2\">Este lunes, OT celebra su segunda gala, la primera en la que habr\u00e1 expulsi\u00f3n. Y uno de los que est\u00e1 en la cuerda floja es<strong> Iv\u00e1n Rojo<\/strong>, un joven que ya ha calado entre el p\u00fablico, y no para bien precisamente. <strong>Su comportamiento no est\u00e1 gustando a Noem\u00ed Galera<\/strong>, directora de la academia, que <a href=\"https:\/\/www.elespanol.com\/bluper\/20250925\/noemi-galera-lamenta-polemico-comportamiento-ivan-rojo-operacion-triunfo-no-vamos-bien\/1003743940666_0.html?utm_cmp_rs=linksinline\" rel=\"nofollow noopener\" target=\"_blank\">no le ve aprovechar las ense\u00f1anzas<\/a>.<\/p>\n<p class=\"paragraph\" id=\"paragraph_3\">\u201cSi se va el lunes, se dar\u00e1 cuenta de que ha desaprovechado una oportunidad estupenda\u201d, afirm\u00f3 Galera en Conexi\u00f3n OT, lamentando que tenga la cabeza m\u00e1s fuera de la academia que dentro. Tanto es as\u00ed que \u00e9l ya se ve un \u00eddolo en su ciudad natal. <strong>\u201c<\/strong><strong>Lo tengo clar\u00edsimo. Tiene que estar Valladolid revuelta, voy a llegar y va a ser eso s<\/strong><strong>u<\/strong><strong>perguay\u201d<\/strong>, ha llegado a afirmar el joven.<\/p>\n<p><img loading=\"lazy\" decoding=\"async\" alt=\"Pedro Ruiz y Risto Mejide en 'Todo es mentira'.\" height=\"180\" src=\"https:\/\/www.europesays.com\/es\/wp-content\/uploads\/2025\/10\/1003743938110_258945164_320x180.jpg\" width=\"320\" data-lazy-status=\"processed\" data-lazy-info=\"remove loading item 1\"\/><\/p>\n<p class=\"paragraph\" id=\"paragraph_4\">Iv\u00e1n, y qui\u00e9n sabe si algunos compa\u00f1eros m\u00e1s, necesita poner los pies en el suelo, y saber que est\u00e1 <strong>solo en la l\u00ednea de salida de una carrera musical. Y si la tiene, y no se ve obligado a abandonarla<\/strong>, como tantos y tantos compa\u00f1eros de ediciones anteriores, que tras diversos esfuerzos no pudieron recoger frutos. <\/p>\n<p class=\"paragraph\" id=\"paragraph_5\"><strong>En el a\u00f1o 2018, Noem\u00ed Galera vio esa falta de compromiso que ahora siente en Iv\u00e1n en los concursantes que entonces habitaban la academia<\/strong>. Chicos que, como \u00e9l, ten\u00edan la cabeza fuera, y pensaban en la gira que dar\u00edan al salir, cuando todo acabase. Y entonces, la directora dio una lecci\u00f3n magistral que ser\u00eda casi de visionado obligatorio de edici\u00f3n en edici\u00f3n.<\/p>\n<p>                                                            Noem\u00ed Galera &#8211; Bronca OT<\/p>\n<p class=\"paragraph\" id=\"paragraph_6\">Galera entonces le dijo a los chicos que el concurso les garantiza grabar un disco a la semana, pero que una vez salgan, a ver qui\u00e9n consigue grabar otro. <strong>\u201cP<\/strong><strong>orque a lo mejor sal\u00eds y no os conoce nadie, ni siquiera a los que est\u00e9n aqu\u00ed tres meses\u201d<\/strong>, advirti\u00f3.<\/p>\n<p class=\"paragraph\" id=\"paragraph_7\">Les record\u00f3 que el p\u00fablico ve c\u00f3mo se comportan, incluido los productores musicales, y que quiz\u00e1 un productor, al percibir falta de compromiso, deciden no grabar un \u00e1lbum con cualquiera de ellos. Que puede haber firmas de discos, pero que igual nadie acude a ellas.<\/p>\n<p><img decoding=\"async\" alt=\"Noem\u00ed Galera Manu Guix en 'OT 2025'.\" height=\"180\" loading=\"lazy\" width=\"320\" data-lazy-status=\"processed\" id=\"2fe7f1af03\" src=\"https:\/\/www.elespanol.com\/bluper\/20250929\/leccion-noemi-galera-dio-operacion-triunfo-vuelve-necesaria-anos-despues\/[\" https:=\"\" data-lazy-info=\"changed src\"\/><\/p>\n<p class=\"paragraph\" id=\"paragraph_8\">\u201cY si hay 2.000 personas, nos quieren mucho, pero cuando salgamos quiz\u00e1 hay cien. La tele tiene algo bueno: llegas a la casa de la gente muy r\u00e1pido y nos conoce todo el mundo. Pero tambi\u00e9n tiene algo malo: cuando se pagan estos focos,<strong> en <\/strong><strong>15<\/strong><strong> d\u00edas nadie sabe qui\u00e9n eres<\/strong>\u201d, sentenciaba Galera.<\/p>\n<p class=\"paragraph\" id=\"paragraph_9\">\u201cA compa\u00f1eros vuestros ya no los est\u00e1n viendo. Aprovechadlo. <strong>Nadie os asegura que haya una gira. \u00a1Qu\u00e9 gira!\u201d, <\/strong>recrimin\u00f3, valorando que los participantes de la edici\u00f3n anterior tuvieron suerte, pero que ellos, igual, no podr\u00edan llenar un Bernab\u00e9u. Unas palabras que fueron prof\u00e9ticas, pues varios conciertos fueron cancelados de la gira de Famous y compa\u00f1\u00eda, <a href=\"https:\/\/www.elespanol.com\/bluper\/television\/20190810\/cancelado-ultimo-concierto-gira-ot\/420458637_0.html?utm_cmp_rs=linksinline\" rel=\"nofollow noopener\" target=\"_blank\">incluido el \u00faltimo previsto<\/a>.<\/p>\n<p class=\"paragraph\" id=\"paragraph_10\">El tiempo ha demostrado la gran verdad que escond\u00eda esa lecci\u00f3n de Noem\u00ed. <strong>Dave Zulueta o Carlos Right, de esa edici\u00f3n 2018, ya han abandonado su carrera en la m\u00fasica. <\/strong>El tiempo ha demostrado que ni siquiera ganar el talent show es una garant\u00eda para hacer giras y sacar discos (o singles), y la prueba la tenemos en Naiara, ganadora del \u00faltimo OT, y que solo ha lanzado varios sencillos sin mucha repercusi\u00f3n.<\/p>\n<p class=\"paragraph\" id=\"paragraph_11\">Si echamos la vista atr\u00e1s, podemos recordar c\u00f3mo incluso artistas que pasaron por Operaci\u00f3n Triunfo y fueron a Eurovisi\u00f3n (y quedaron bien) como <strong>Ram\u00f3n del Castillo<\/strong> acabaron por tirar la toalla en una industria muy competitiva. Y eso que su Para llenarme de ti se bail\u00f3 en aquel verano de 2004.<\/p>\n<p><img decoding=\"async\" alt=\"Iv\u00e1n Rojo y Claudia Arenas, los dos primeros nominados de Operaci\u00f3n Triunfo 2025\" data-imgm=\"true\" height=\"180\" loading=\"lazy\"  src=\"https:\/\/www.europesays.com\/es\/wp-content\/uploads\/2025\/10\/1003743936595_258916710_1024x576.jpg\"  width=\"320\"\/><\/p>\n<p>                                                            Iv\u00e1n Rojo y Claudia Arenas, los dos primeros nominados de Operaci\u00f3n Triunfo 2025<\/p>\n<p>                    Fotograf\u00eda: Operaci\u00f3n Triunfo 2025.<\/p>\n<p class=\"paragraph\" id=\"paragraph_12\">El detalle de creerse ya una celebridad local no ha sido el \u00fanico patinazo que Iv\u00e1n ha cometido estos d\u00edas en el concurso. Tambi\u00e9n <strong>ha criticado el uso de lenguas cooficiales en Espa\u00f1a<\/strong>. Sus compa\u00f1eros Max y Tino, catal\u00e1n y gallego respectivamente, defendieron\u00a0que se hablase mallorqu\u00edn, que es considerado una variante del catal\u00e1n, \u00abal mismo nivel que el castellano\u00bb. Pero para Iv\u00e1n\u00a0<strong>\u201c<\/strong>es una lengua cooficial, no es una lengua oficial<strong>\u201d<\/strong>.<\/p>\n<p class=\"paragraph\" id=\"paragraph_13\">Una charla que ha generado mucha controversia en los espectadores. Iv\u00e1n demuestra s\u00ed no conocer la historia del programa, si no, quiz\u00e1 recordar\u00eda las cr\u00edticas que despert\u00f3 <strong>Eli en OT 2020 cuando asegur\u00f3 que el vasco era \u201cfeo\u201d,<\/strong> la misma semana que estaba nominada. Sali\u00f3 e<a href=\"https:\/\/www.elespanol.com\/bluper\/television\/20200203\/ot-eli-expulsada-mayor-porcentaje-historia-formato\/464705049_0.html?utm_cmp_rs=linksinline\" rel=\"nofollow noopener\" target=\"_blank\">xpulsada con el mayor porcentaje de la historia del formato, como curiosidad.<\/a><\/p>\n<p class=\"paragraph\" id=\"paragraph_14\">Por todo esto, <strong>Operaci\u00f3n Triunfo<\/strong><strong> quiz\u00e1 deber\u00eda incluir en sus clases una secci\u00f3n hemeroteca<\/strong>, donde se recojan todas las lecciones importantes que han ido compartiendo con los alumnos de la academia, tanto docentes y directores como invitados.<\/p>\n<p class=\"paragraph\" id=\"paragraph_15\">Y es que, desde su primera temporada, muchos han sido los cantantes (m\u00e1s o menos) consagrados que <strong>pasaron por la academia para pasar un rato con los chicos y, de paso, regalarle algunos consejos<\/strong>. Algunos que causan revuelo, como aquello que dijo Christian Castro sobre pr\u00e1cticas que pueden hacerte bajar varios tonos si las llevas a cabo antes de subirte a un concierto. Y otras que valen su peso en oro.<\/p>\n<p class=\"paragraph\" id=\"paragraph_16\">En ese sentido, destaca <strong>M\u00f3nica Naranjo<\/strong> cuando charl\u00f3 con los concursantes del primer a\u00f1o. Entonces recomend\u00f3 a los triunfitos que se alejasen de la prensa rosa, y que hab\u00edan entrado en una jungla en la que solo aguantar\u00edan los m\u00e1s fuertes. Sus palabras eran tan duras que lleg\u00f3 a pedir perd\u00f3n por pintar todo <strong>\u201ctan sumamente oscuro, pero es que si os lo pintara m\u00e1s bonito os mentir\u00eda\u201d.<\/strong><\/p>\n<p class=\"paragraph\" id=\"paragraph_17\">Y lo m\u00e1s jugoso fue cuando habl\u00f3 de lo que pasar\u00eda fuera de la academia: \u201cEn el momento que salg\u00e1is de aqu\u00ed, todos vais a tener oportunidades de todo tipo, todos, algunas muy jugosas. <strong>Os recomiendo un buen abogado antes que un m\u00e1nager<\/strong>, pero un abogado siempre especializado en lo que son temas art\u00edsticos, que los hay\u201d.<\/p>\n","protected":false},"excerpt":{"rendered":"En Operaci\u00f3n Triunfo los concursantes, en teor\u00eda, aman la m\u00fasica. Muchos esperan al entrar en la conocida academia&hellip;\n","protected":false},"author":2,"featured_media":159113,"comment_status":"","ping_status":"","sticky":false,"template":"","format":"standard","meta":{"footnotes":""},"categories":[171],"tags":[1535,146,147,25,24,222,23,807,214],"class_list":{"0":"post-159112","1":"post","2":"type-post","3":"status-publish","4":"format-standard","5":"has-post-thumbnail","7":"category-tv","8":"tag-bluper","9":"tag-entertainment","10":"tag-entretenimiento","11":"tag-es","12":"tag-espana","13":"tag-operacion-triunfo","14":"tag-spain","15":"tag-television","16":"tag-tv"},"share_on_mastodon":{"url":"","error":""},"_links":{"self":[{"href":"https:\/\/www.europesays.com\/es\/wp-json\/wp\/v2\/posts\/159112","targetHints":{"allow":["GET"]}}],"collection":[{"href":"https:\/\/www.europesays.com\/es\/wp-json\/wp\/v2\/posts"}],"about":[{"href":"https:\/\/www.europesays.com\/es\/wp-json\/wp\/v2\/types\/post"}],"author":[{"embeddable":true,"href":"https:\/\/www.europesays.com\/es\/wp-json\/wp\/v2\/users\/2"}],"replies":[{"embeddable":true,"href":"https:\/\/www.europesays.com\/es\/wp-json\/wp\/v2\/comments?post=159112"}],"version-history":[{"count":0,"href":"https:\/\/www.europesays.com\/es\/wp-json\/wp\/v2\/posts\/159112\/revisions"}],"wp:featuredmedia":[{"embeddable":true,"href":"https:\/\/www.europesays.com\/es\/wp-json\/wp\/v2\/media\/159113"}],"wp:attachment":[{"href":"https:\/\/www.europesays.com\/es\/wp-json\/wp\/v2\/media?parent=159112"}],"wp:term":[{"taxonomy":"category","embeddable":true,"href":"https:\/\/www.europesays.com\/es\/wp-json\/wp\/v2\/categories?post=159112"},{"taxonomy":"post_tag","embeddable":true,"href":"https:\/\/www.europesays.com\/es\/wp-json\/wp\/v2\/tags?post=159112"}],"curies":[{"name":"wp","href":"https:\/\/api.w.org\/{rel}","templated":true}]}}