{"id":159116,"date":"2025-10-06T08:24:21","date_gmt":"2025-10-06T08:24:21","guid":{"rendered":"https:\/\/www.europesays.com\/es\/159116\/"},"modified":"2025-10-06T08:24:21","modified_gmt":"2025-10-06T08:24:21","slug":"como-es-vivir-con-una-rara-enfermedad-que-impide-sentir-miedo-le-mostramos-todas-las-peliculas-de-terror-que-pudimos-encontrar","status":"publish","type":"post","link":"https:\/\/www.europesays.com\/es\/159116\/","title":{"rendered":"C\u00f3mo es vivir con una rara enfermedad que impide sentir miedo: \u2018Le mostramos todas las pel\u00edculas de terror que pudimos encontrar\u2019"},"content":{"rendered":"<p>Jasmin Fox-Skelly &#8211; BBC Future<\/p>\n<p><b>Imagina saltar de un avi\u00f3n y no sentir nada. Ni adrenalina ni latidos card\u00edacos acelerados.<\/b><\/p>\n<p>Esa es la realidad de Jordy Cernik, un brit\u00e1nico al que le extirparon las gl\u00e1ndulas suprarrenales para reducir la ansiedad causada por el s\u00edndrome de Cushing, una enfermedad rara que se produce cuando las gl\u00e1ndulas suprarrenales producen demasiado cortisol, la hormona del estr\u00e9s.<\/p>\n<p>El tratamiento funcion\u00f3 demasiado bien. Jordy dej\u00f3 de sentir ansiedad, pero algo estaba mal.<\/p>\n<p>En un viaje a Disneylandia en 2012, se subi\u00f3 a una monta\u00f1a rusa y se dio cuenta de que no sent\u00eda miedo. As\u00ed que sigui\u00f3.<\/p>\n<p>Salt\u00f3 en paraca\u00eddas desde un avi\u00f3n, se lanz\u00f3 en tirolesa desde el puente Tyne en Newcastle, Inglaterra, y descendi\u00f3 en rapel por el edificio Shard en Londres, todo ello sin sentir la m\u00e1s m\u00ednima aceleraci\u00f3n del pulso.<\/p>\n<p>La experiencia de Cernik es poco com\u00fan, pero no \u00fanica.<\/p>\n<p>Quiz\u00e1s le resulte familiar a quienes viven con la enfermedad de Urbach-Wiethe (tambi\u00e9n conocida como proteinosis lipoidea), un trastorno gen\u00e9tico tan rara que solo unas 400 personas han sido diagnosticadas.<\/p>\n<p>Una famosa paciente con Urbach-Wieth, conocida como SM, ha sido sometida a estudios cient\u00edficos en la Universidad de Iowa, Estados Unidos, desde mediados de la d\u00e9cada de 1980.<\/p>\n<p>A principios de la d\u00e9cada de 2000, Justin Feinstein era estudiante de posgrado cuando se uni\u00f3 al equipo y comenz\u00f3 a buscar maneras de asustar a SM.<\/p>\n<p>\u201cLe mostramos todas las pel\u00edculas de terror que pudimos encontrar\u201d, dice Feinstein, ahora neuropsic\u00f3logo cl\u00ednico en el Colectivo de Investigaci\u00f3n de Flotaci\u00f3n, que promueve la Terapia de Estimulaci\u00f3n Ambiental Reducida por Flotaci\u00f3n como tratamiento para el dolor, el estr\u00e9s, la ansiedad y afecciones relacionadas.<\/p>\n<p><a data-lightbox=\"image-11\" href=\"https:\/\/www.prensa.com\/resizer\/v2\/OM7OW2DLQ5CB5AKJCJJUZCTDUA.jpg?auth=c75c81da98d2c885055a2b6d8c73acc8d9d5f917525830c9a8c227c472e77ce0&amp;width=1200\" alt=\"C\u00f3mo es vivir con una rara enfermedad que impide sentir miedo: \u2018Le mostramos todas las pel\u00edculas de terror que pudimos encontrar\u2019\" data-title=\"El estudio de personas con am\u00edgdalas da\u00f1adas mostr\u00f3 que no todos los miedos son iguales. \/ Getty Images\" style=\"aspect-ratio:1280 \/ 720;display:block\" rel=\"nofollow noopener\" target=\"_blank\"><img src=\"https:\/\/www.europesays.com\/es\/wp-content\/uploads\/2025\/10\/OM7OW2DLQ5CB5AKJCJJUZCTDUA.jpg\" alt=\"C\u00f3mo es vivir con una rara enfermedad que impide sentir miedo: \u2018Le mostramos todas las pel\u00edculas de terror que pudimos encontrar\u2019\" class=\"global-image\" decoding=\"async\"  style=\"aspect-ratio:1280 \/ 720\"  fetchpriority=\"low\" loading=\"lazy\"\/>El estudio de personas con am\u00edgdalas da\u00f1adas mostr\u00f3 que no todos los miedos son iguales. \/ Getty Images<\/a><\/p>\n<p>Pero ni \u201cEl proyecto de la bruja de Blair\u201d ni \u201cAracnofobia\u201d ni El Resplandor\u00bb ni \u201cEl silencio de los inocentes\u201d le provocaron miedo. Ni siquiera una visita al Sanatorio de Waverley Hills, una espeluznante casa embrujada, surti\u00f3 efectos.<\/p>\n<p>\u201cLa expusimos a amenazas reales como serpientes y ara\u00f1as. Pero no solo mostr\u00f3 una marcada falta de miedo, sino que no pudo evitar acercarse a ellas\u201d, explica Feinstein.<\/p>\n<p>Y agrega: \u201cTen\u00eda una curiosidad casi abrumadora por querer tocar e interactuar con las diferentes criaturas\u201d.<\/p>\n<p>La enfermedad de Urbach-Wiethe est\u00e1 causada por una \u00fanica mutaci\u00f3n en el gen ECM1, que se encuentra en el cromosoma 1.<\/p>\n<p>El ECM1 es una de las muchas prote\u00ednas cruciales para el mantenimiento de la matriz extracelular (ECM en sus siglas en ingl\u00e9s), una red de soporte que mantiene las c\u00e9lulas y los tejidos en su lugar.<\/p>\n<p>Cuando el ECM1 se da\u00f1a, el calcio y el col\u00e1geno comienzan a acumularse, causando la muerte celular.<\/p>\n<p>Una parte del cuerpo que parece ser particularmente vulnerable a este proceso es la am\u00edgdala, una regi\u00f3n del cerebro con forma de almendra que desde hace tiempo se cree que desempe\u00f1a un papel en el procesamiento del miedo.<\/p>\n<p>En el caso de SM, la paciente dej\u00f3 de sentir miedo cuando la enfermedad de Urbach-Wiethe destruy\u00f3 su am\u00edgdala.<\/p>\n<p>\u201cLo notable es que es espec\u00edfico del miedo: su capacidad para procesar otros tipos de emociones est\u00e1 pr\u00e1cticamente intacta, ya sea felicidad, ira o tristeza\u201d, afirma Feinstein.<\/p>\n<p>Diferentes tipos de miedo<\/p>\n<p>Sin embargo, la historia es en realidad m\u00e1s compleja. Y es que la am\u00edgdala puede desempe\u00f1ar un papel m\u00e1s importante en ciertos tipos de miedo que en otros.<\/p>\n<p>Por ejemplo, parece ser crucial para el condicionamiento del miedo. Experimentos con roedores muestran que los animales que experimentan una descarga el\u00e9ctrica inmediatamente despu\u00e9s de un ruido aprenden a quedarse paralizados cuando se les presenta solo el ruido.<\/p>\n<p>Sin embargo, aunque SM sabe que no debe tocar una sart\u00e9n caliente reci\u00e9n salida del horno, no puede ser condicionada por el miedo; es decir, no experimenta un latido card\u00edaco acelerado ni una descarga de adrenalina cuando se le presenta un est\u00edmulo que previamente se ha asociado con dolor.<\/p>\n<p>SM tampoco puede reconocer las expresiones faciales de miedo de los dem\u00e1s, aunque s\u00ed puede distinguir expresiones de alegr\u00eda y tristeza.<\/p>\n<p>Es extremadamente sociable y amigable, pero al mismo tiempo tiene dificultades para reconocer y evitar situaciones peligrosas, lo que la ha llevado a ser amenazada con cuchillo y pistola en m\u00e1s de una ocasi\u00f3n.<\/p>\n<p><a data-lightbox=\"image-27\" href=\"https:\/\/www.prensa.com\/resizer\/v2\/HXGLIIFD4JGCVIHVQZAUFCHVSA.jpg?auth=dbe2ca5ba039a7c43f6ee0d63813bdbc4638e54a7ca59e8af935ecd0377bd48a&amp;width=1200\" alt=\"C\u00f3mo es vivir con una rara enfermedad que impide sentir miedo: \u2018Le mostramos todas las pel\u00edculas de terror que pudimos encontrar\u2019\" data-title=\"A menudo nos dan nervios las experiencias que percibimos como peligrosas, pero aquellos con am\u00edgdalas da\u00f1adas no se sienten as\u00ed. \/ Getty Images\" style=\"aspect-ratio:1280 \/ 720;display:block\" rel=\"nofollow noopener\" target=\"_blank\"><img src=\"https:\/\/www.europesays.com\/es\/wp-content\/uploads\/2025\/10\/HXGLIIFD4JGCVIHVQZAUFCHVSA.jpg\" alt=\"C\u00f3mo es vivir con una rara enfermedad que impide sentir miedo: \u2018Le mostramos todas las pel\u00edculas de terror que pudimos encontrar\u2019\" class=\"global-image\" decoding=\"async\"  style=\"aspect-ratio:1280 \/ 720\"  fetchpriority=\"low\" loading=\"lazy\"\/>A menudo nos dan nervios las experiencias que percibimos como peligrosas, pero aquellos con am\u00edgdalas da\u00f1adas no se sienten as\u00ed. \/ Getty Images<\/a><\/p>\n<p>\u201cElla tiende a acercarse a personas que deber\u00eda evitar y se ha metido en bastantes problemas debido a su incapacidad para percibir a las personas en quien se puede confiar\u201d, afirma Feinstein.<\/p>\n<p>En un estudio los investigadores pidieron a una desconocida que se acercara a SM, quien indic\u00f3 la distancia a la que se sent\u00eda m\u00e1s c\u00f3moda.<\/p>\n<p>Su distancia preferida era de 0,34 m, casi la mitad de la de otros voluntarios, lo que sugiere que se siente inusualmente c\u00f3moda con la gente en su espacio personal.<\/p>\n<p>\u201cEn esa situaci\u00f3n, SM y otras personas con da\u00f1o en la am\u00edgdala se enfrentan cara a cara con individuos relativamente desconocidos, algo que los participantes del grupo de control con la am\u00edgdala intacta pr\u00e1cticamente nunca har\u00edan\u201d, explica Alexander Shackman, profesor de psicolog\u00eda de la Universidad de Maryland, EUA.<\/p>\n<p>El hallazgo sugiere que la am\u00edgdala podr\u00eda desempe\u00f1ar un papel en la organizaci\u00f3n de nuestra respuesta al mundo social.<\/p>\n<p>Sin embargo, hay algunos tipos de miedo que parecen ocurrir independientemente de la am\u00edgdala.<\/p>\n<p>Amenaza externa versus amenaza interna<\/p>\n<p>En un experimento, Feinstein y sus colegas le pidieron a SM que inhalara di\u00f3xido de carbono, lo cual provoca una sensaci\u00f3n de miedo y asfixia en algunas personas.<\/p>\n<p>Los cient\u00edficos esperaban que reaccionara sin miedo, pero para su sorpresa, entr\u00f3 en p\u00e1nico.<\/p>\n<p>Otros dos pacientes tambi\u00e9n con da\u00f1o en la am\u00edgdala experimentaron un miedo intenso durante el experimento.<\/p>\n<p>\u201cEn el caso de SM, le provoc\u00f3 un ataque de p\u00e1nico\u201d, dice Feinstein. \u201cFue el miedo m\u00e1s intenso que hab\u00eda sentido en toda su vida adulta\u201d.<\/p>\n<p>Este hallazgo impuls\u00f3 a Feinstein a una b\u00fasqueda que dur\u00f3 una d\u00e9cada para descubrir la verdad sobre el papel de la am\u00edgdala en el miedo.<\/p>\n<p>Encontr\u00f3 que existen dos v\u00edas diferentes para el miedo en el cerebro, seg\u00fan si la amenaza es externa o interna.<\/p>\n<p><a data-lightbox=\"image-41\" href=\"https:\/\/www.prensa.com\/resizer\/v2\/L4736PEUJVB7TMBOGZYBSZMAPA.jpg?auth=3912a96bee7ecd4658c03b9f192fc0cace43f91244cd23b04216f3dd83676e08&amp;width=1200\" alt=\"C\u00f3mo es vivir con una rara enfermedad que impide sentir miedo: \u2018Le mostramos todas las pel\u00edculas de terror que pudimos encontrar\u2019\" data-title=\"Jordy Cernik salt\u00f3 en paraca\u00eddas desde un avi\u00f3n sin sentir la m\u00e1s m\u00ednima aceleraci\u00f3n del pulso. \/ Getty Images\" style=\"aspect-ratio:1280 \/ 720;display:block\" rel=\"nofollow noopener\" target=\"_blank\"><img src=\"https:\/\/www.europesays.com\/es\/wp-content\/uploads\/2025\/10\/L4736PEUJVB7TMBOGZYBSZMAPA.jpg\" alt=\"C\u00f3mo es vivir con una rara enfermedad que impide sentir miedo: \u2018Le mostramos todas las pel\u00edculas de terror que pudimos encontrar\u2019\" class=\"global-image\" decoding=\"async\"  style=\"aspect-ratio:1280 \/ 720\"  fetchpriority=\"low\" loading=\"lazy\"\/>Jordy Cernik salt\u00f3 en paraca\u00eddas desde un avi\u00f3n sin sentir la m\u00e1s m\u00ednima aceleraci\u00f3n del pulso. \/ Getty Images<\/a><\/p>\n<p>Ante amenazas externas, la am\u00edgdala act\u00faa como un director de orquesta, dirigiendo las dem\u00e1s partes del cerebro y del cuerpo para que produzcan una respuesta.<\/p>\n<p>Primero recibe informaci\u00f3n de las \u00e1reas cerebrales que procesan la visi\u00f3n, el olfato, el gusto y la audici\u00f3n.<\/p>\n<p>Si la am\u00edgdala detecta una amenaza, como la aproximaci\u00f3n de un ladr\u00f3n, una serpiente o un oso, env\u00eda mensajes al hipot\u00e1lamo, una regi\u00f3n justo por encima de la nuca.<\/p>\n<p>El hipot\u00e1lamo se comunica entonces con la gl\u00e1ndula pituitaria, que a su vez induce a las gl\u00e1ndulas suprarrenales a liberar cortisol y adrenalina al torrente sangu\u00edneo.<\/p>\n<p>\u201cEsto provocar\u00e1 un aumento de la frecuencia card\u00edaca y de la presi\u00f3n arterial, y se manifestar\u00e1n todos los s\u00edntomas cl\u00e1sicos de \u2018lucha o huida\u2019 propios de una respuesta al miedo\u201d, se\u00f1ala Feinstein.<\/p>\n<p>Sin embargo, ante amenazas internas, como la detecci\u00f3n de niveles elevados de CO2 en la sangre, el cerebro gestiona la situaci\u00f3n de forma diferente.<\/p>\n<p>El cuerpo interpreta los altos niveles de CO2 como una se\u00f1al de asfixia inminente, ya que no existen sensores de ox\u00edgeno en el cerebro.<\/p>\n<p>La investigaci\u00f3n de Feinstein demostr\u00f3 que es el tronco encef\u00e1lico, una regi\u00f3n que regula funciones corporales inconscientes como la respiraci\u00f3n, la que detecta el aumento de CO2 e inicia la sensaci\u00f3n de p\u00e1nico.<\/p>\n<p>La am\u00edgdala frena esta respuesta, previniendo el miedo; por eso que los pacientes como SM, que carecen de am\u00edgdala, presentan una respuesta tan exagerada. Sin embargo, los cient\u00edficos a\u00fan desconocen por qu\u00e9 la am\u00edgdala se comporta de esta manera.<\/p>\n<p>\u201cEs un resultado cient\u00edfico muy significativo, porque nos ense\u00f1a que la am\u00edgdala no es crucial para todas las formas de miedo, ansiedad y p\u00e1nico\u201d, afirma Shackman.<\/p>\n<p>\u201cParece ser crucial para orquestar el miedo en respuesta a amenazas externas, como el asaltante, la serpiente, la ara\u00f1a o los monstruos que saltan de la casa embrujada, pero no parece ser responsable de desencadenar una fuerte sensaci\u00f3n de p\u00e1nico en respuesta a este desencadenante m\u00e1s interno\u201d.<\/p>\n<p>La importancia evolutiva del miedo<\/p>\n<p>SM es solo una persona, por lo que los hallazgos cient\u00edficos basados en su experiencia no necesariamente ser\u00e1n v\u00e1lidos para el resto.<\/p>\n<p>Lo singular de su caso es que su enfermedad destruy\u00f3 casi por completo su am\u00edgdala, dejando intactas otras regiones.<\/p>\n<p>Pero las personas pueden responder al mismo tipo de lesi\u00f3n cerebral de diferentes maneras. Y la edad a la que se produce el da\u00f1o cerebral tambi\u00e9n puede influir en la recuperaci\u00f3n de una persona.<\/p>\n<p>Sin embargo, la notable historia de SM pone de manifiesto por qu\u00e9 desarrollamos el miedo en primer lugar.<\/p>\n<p>Todos los vertebrados, incluyendo mam\u00edferos, aves, reptiles, anfibios y peces, poseen una am\u00edgdala, y esta es claramente una gran ayuda para la supervivencia.<\/p>\n<p>\u201cCuando se da\u00f1a la am\u00edgdala y se devuelve al animal a la naturaleza, este suele morir en cuesti\u00f3n de horas o d\u00edas\u201d, afirma Feinstein. \u201cY eso se debe a que, sin este circuito esencial para desenvolverse en el mundo exterior, estos animales se exponen a situaciones peligrosas\u201d.<\/p>\n<p>Pero la paciente SM ha logrado vivir m\u00e1s de medio siglo sin su am\u00edgdala, a pesar de haberse enfrentado a riesgos.<\/p>\n<p>\u201cUna de las preguntas que su caso plantea, en mi opini\u00f3n, es si esta emoci\u00f3n primaria del miedo podr\u00eda no ser necesaria en la vida moderna\u201d, indica Feinstein.<\/p>\n<p>\u201cPuede causar m\u00e1s da\u00f1o que beneficio, especialmente en las sociedades occidentales, donde muchas de nuestras necesidades b\u00e1sicas de supervivencia est\u00e1n cubiertas, pero estamos viendo niveles de estr\u00e9s y trastornos relacionados con la ansiedad que, en realidad, est\u00e1n muy por encima del l\u00edmite de lo normal\u201d.<\/p>\n<p>Este art\u00edculo es de BBC Future. Puedes leer la versi\u00f3n original en ingl\u00e9s<a href=\"https:\/\/www.bbc.co.uk\/future\/article\/20250924-the-rare-disease-that-stops-us-feeling-fear?xtor=AL-73-%5Bpartner%5D-%5Bprensa.com%5D-%5Blink%5D-%5Bmundo%5D-%5Bbizdev%5D-%5Bisapi%5D\" rel=\"nofollow noopener\" target=\"_blank\"> aqu\u00ed.<\/a><\/p>\n<p><a href=\"https:\/\/www.bbc.com\/mundo?xtor=AL-73-%5Bpartner%5D-%5Bprensa.com%5D-%5Blink%5D-%5Bmundo%5D-%5Bbizdev%5D-%5Bisapi%5D\" rel=\"nofollow noopener\" target=\"_blank\">Haz clic aqu\u00ed <\/a>para leer m\u00e1s historias de BBC News Mundo.<\/p>\n<p><a href=\"https:\/\/www.bbc.com\/mundo\/send\/u184973209?xtor=AL-73-%5Bpartner%5D-%5Bprensa.com%5D-%5Blink%5D-%5Bmundo%5D-%5Bbizdev%5D-%5Bisapi%5D\" rel=\"nofollow noopener\" target=\"_blank\">Suscr\u00edbete aqu\u00ed<\/a> a nuestro nuevo newsletter para recibir cada viernes una selecci\u00f3n de nuestro mejor contenido de la semana.<\/p>\n<p>Tambi\u00e9n puedes seguirnos en <a rel=\"external nofollow noopener\" href=\"https:\/\/www.youtube.com\/user\/BBCMundo\" target=\"_blank\">YouTube<\/a>, <a rel=\"external nofollow noopener\" href=\"https:\/\/www.instagram.com\/bbcmundo\/\" target=\"_blank\">Instagram<\/a>, <a rel=\"external nofollow noopener\" href=\"https:\/\/www.tiktok.com\/@bbcnewsmundo\" target=\"_blank\">TikTok<\/a>, <a rel=\"external nofollow\" href=\"https:\/\/x.com\/bbcmundo\">X<\/a>, <a rel=\"external nofollow noopener\" href=\"https:\/\/www.facebook.com\/BBCnewsMundo\" target=\"_blank\">Facebook <\/a>y en nuestro <a rel=\"external nofollow noopener\" href=\"https:\/\/www.whatsapp.com\/channel\/0029VaUm1Ss3WHTbgIXrjw3D\" target=\"_blank\">canal de WhatsApp<\/a>.<\/p>\n<p>Y recuerda que puedes recibir notificaciones en nuestra app. Descarga la \u00faltima versi\u00f3n y act\u00edvalas.<\/p>\n<p><img decoding=\"async\" src=\"https:\/\/www.europesays.com\/es\/wp-content\/uploads\/2025\/10\/https:\/\/author-service-images-sandbox-us-east-1.publishing.aws.arc.pub\/corprensa\/7541cdc3-da68-40a0-.png\"\/><script async src=\"\/\/www.instagram.com\/embed.js\"><\/script><script async src=\"\/\/www.tiktok.com\/embed.js\"><\/script><\/p>\n","protected":false},"excerpt":{"rendered":"Jasmin Fox-Skelly &#8211; BBC Future Imagina saltar de un avi\u00f3n y no sentir nada. Ni adrenalina ni latidos&hellip;\n","protected":false},"author":2,"featured_media":159117,"comment_status":"","ping_status":"","sticky":false,"template":"","format":"standard","meta":{"footnotes":""},"categories":[169],"tags":[177,146,147,25,24,176,175,166,23],"class_list":{"0":"post-159116","1":"post","2":"type-post","3":"status-publish","4":"format-standard","5":"has-post-thumbnail","7":"category-cine","8":"tag-cine","9":"tag-entertainment","10":"tag-entretenimiento","11":"tag-es","12":"tag-espana","13":"tag-film","14":"tag-movies","15":"tag-salud","16":"tag-spain"},"share_on_mastodon":{"url":"","error":""},"_links":{"self":[{"href":"https:\/\/www.europesays.com\/es\/wp-json\/wp\/v2\/posts\/159116","targetHints":{"allow":["GET"]}}],"collection":[{"href":"https:\/\/www.europesays.com\/es\/wp-json\/wp\/v2\/posts"}],"about":[{"href":"https:\/\/www.europesays.com\/es\/wp-json\/wp\/v2\/types\/post"}],"author":[{"embeddable":true,"href":"https:\/\/www.europesays.com\/es\/wp-json\/wp\/v2\/users\/2"}],"replies":[{"embeddable":true,"href":"https:\/\/www.europesays.com\/es\/wp-json\/wp\/v2\/comments?post=159116"}],"version-history":[{"count":0,"href":"https:\/\/www.europesays.com\/es\/wp-json\/wp\/v2\/posts\/159116\/revisions"}],"wp:featuredmedia":[{"embeddable":true,"href":"https:\/\/www.europesays.com\/es\/wp-json\/wp\/v2\/media\/159117"}],"wp:attachment":[{"href":"https:\/\/www.europesays.com\/es\/wp-json\/wp\/v2\/media?parent=159116"}],"wp:term":[{"taxonomy":"category","embeddable":true,"href":"https:\/\/www.europesays.com\/es\/wp-json\/wp\/v2\/categories?post=159116"},{"taxonomy":"post_tag","embeddable":true,"href":"https:\/\/www.europesays.com\/es\/wp-json\/wp\/v2\/tags?post=159116"}],"curies":[{"name":"wp","href":"https:\/\/api.w.org\/{rel}","templated":true}]}}