{"id":159150,"date":"2025-10-06T08:50:14","date_gmt":"2025-10-06T08:50:14","guid":{"rendered":"https:\/\/www.europesays.com\/es\/159150\/"},"modified":"2025-10-06T08:50:14","modified_gmt":"2025-10-06T08:50:14","slug":"raquel-congosto-presenta-su-primera-novela-amiga-mia","status":"publish","type":"post","link":"https:\/\/www.europesays.com\/es\/159150\/","title":{"rendered":"Raquel Congosto presenta su primera novela, \u00abAmiga m\u00eda\u00bb"},"content":{"rendered":"<p>El viernes, 10 de octubre a las 19:00 h., la <strong>Librer\u00eda Gil <\/strong>acoge la presentaci\u00f3n de \u201c<strong>Amiga m\u00eda\u201d, de Raquel Congosto<\/strong>. La autora estar\u00e1 acompa\u00f1ada por <strong>Ana Lav\u00edn<\/strong>. (Editorial Blackie Books)<\/p>\n<p>Han pasado seis a\u00f1os y yo a\u00fan vivo donde viv\u00edamos. En la misma casa. Conoc\u00ed a Pablo y tuvimos a Matilda. Ahora los tres dormimos en el que fue tu dormitorio, el de las pelusas.<\/p>\n<p>Dos amigas dejan de ser amigas. Esta es la historia de la <strong>cicatriz<\/strong> que queda en una de ellas.<\/p>\n<p>Raquel Congosto (Madrid, 1978) siempre quiso ser escritora pero acab\u00f3 siendo muchas otras cosas. Su madre siempre le dec\u00eda que naci\u00f3 con los ojos abiertos, seguramente pretend\u00eda expresar algo as\u00ed como que naci\u00f3 con una tremenda curiosidad, pero esa imagen de ella misma saliendo de su madre con los ojos abiertos es algo que a\u00fan le resulta perturbador. \u201cAmiga m\u00eda\u201d es su primera novela.<\/p>\n","protected":false},"excerpt":{"rendered":"El viernes, 10 de octubre a las 19:00 h., la Librer\u00eda Gil acoge la presentaci\u00f3n de \u201cAmiga m\u00eda\u201d,&hellip;\n","protected":false},"author":2,"featured_media":159151,"comment_status":"","ping_status":"","sticky":false,"template":"","format":"standard","meta":{"footnotes":""},"categories":[91],"tags":[146,147,25,24,23],"class_list":{"0":"post-159150","1":"post","2":"type-post","3":"status-publish","4":"format-standard","5":"has-post-thumbnail","7":"category-entretenimiento","8":"tag-entertainment","9":"tag-entretenimiento","10":"tag-es","11":"tag-espana","12":"tag-spain"},"share_on_mastodon":{"url":"","error":""},"_links":{"self":[{"href":"https:\/\/www.europesays.com\/es\/wp-json\/wp\/v2\/posts\/159150","targetHints":{"allow":["GET"]}}],"collection":[{"href":"https:\/\/www.europesays.com\/es\/wp-json\/wp\/v2\/posts"}],"about":[{"href":"https:\/\/www.europesays.com\/es\/wp-json\/wp\/v2\/types\/post"}],"author":[{"embeddable":true,"href":"https:\/\/www.europesays.com\/es\/wp-json\/wp\/v2\/users\/2"}],"replies":[{"embeddable":true,"href":"https:\/\/www.europesays.com\/es\/wp-json\/wp\/v2\/comments?post=159150"}],"version-history":[{"count":0,"href":"https:\/\/www.europesays.com\/es\/wp-json\/wp\/v2\/posts\/159150\/revisions"}],"wp:featuredmedia":[{"embeddable":true,"href":"https:\/\/www.europesays.com\/es\/wp-json\/wp\/v2\/media\/159151"}],"wp:attachment":[{"href":"https:\/\/www.europesays.com\/es\/wp-json\/wp\/v2\/media?parent=159150"}],"wp:term":[{"taxonomy":"category","embeddable":true,"href":"https:\/\/www.europesays.com\/es\/wp-json\/wp\/v2\/categories?post=159150"},{"taxonomy":"post_tag","embeddable":true,"href":"https:\/\/www.europesays.com\/es\/wp-json\/wp\/v2\/tags?post=159150"}],"curies":[{"name":"wp","href":"https:\/\/api.w.org\/{rel}","templated":true}]}}