{"id":159214,"date":"2025-10-06T09:52:10","date_gmt":"2025-10-06T09:52:10","guid":{"rendered":"https:\/\/www.europesays.com\/es\/159214\/"},"modified":"2025-10-06T09:52:10","modified_gmt":"2025-10-06T09:52:10","slug":"bad-bunny-listo-para-su-regreso-como-anfitrion-en-saturday-night-live","status":"publish","type":"post","link":"https:\/\/www.europesays.com\/es\/159214\/","title":{"rendered":"Bad Bunny listo para su regreso como anfitri\u00f3n en Saturday Night Live"},"content":{"rendered":"<p class=\"paragraph larva \/\/ lrv-u-margin-lr-auto  lrv-a-font-body-m   \">\n\t<a rel=\"noreferrer noopener nofollow\" target=\"_blank\" href=\"https:\/\/www.billboard.com\/artist\/bad-bunny\/\">Bad Bunny<\/a> siempre es bienvenido en el 30 Rock\u2026 pero hay un l\u00edmite. En un divertido video promocional previo a su aparici\u00f3n en Saturday Night Live este fin de semana, el superastro puertorrique\u00f1o pone a prueba los l\u00edmites de la hospitalidad del elenco.<\/p>\n<p class=\"paragraph larva \/\/ lrv-u-margin-lr-auto  lrv-a-font-body-m   \">\n\tPublicado el mi\u00e9rcoles (1 de octubre), el clip comienza con Marcello Hernandez comentando lo \u201ccool\u201d que es que Bad Bunny regrese para presentar el programa por segunda vez. \u201cSiento que ha estado aqu\u00ed mucho \u00faltimamente\u201d, responde Sarah Sherman. \u201c\u00bfCrees que ya se est\u00e1 sintiendo demasiado c\u00f3modo con nosotros?\u201d<\/p>\n<p class=\"paragraph larva \/\/ lrv-u-margin-lr-auto  lrv-a-font-body-m   \">\n\tEl video luego muestra a Benito usando el cepillo de dientes de Jane Wickline a pesar de tener dolor de garganta y llamando a Ben Marshall un t\u00e9rmino despectivo como broma, as\u00ed que probablemente sea seguro decir que el m\u00fasico se siente c\u00f3modo en el set, quiz\u00e1s demasiado c\u00f3modo. En un momento, le informa a la nueva integrante del elenco, Veronika Slowikowska, que su \u201camigo, su beb\u00e9, su perro\u201d se quedar\u00e1n a dormir en su casa.<\/p>\n<p class=\"paragraph larva \/\/ lrv-u-margin-lr-auto  lrv-a-font-body-m   \">\n\t\u201cLiteralmente hoy es mi primer d\u00eda\u201d, responde ella, visiblemente nerviosa.<\/p>\n<p class=\"paragraph larva \/\/ lrv-u-margin-lr-auto  lrv-a-font-body-m   \">\n\tEl clip llega tres d\u00edas antes de que Bad Bunny sea el anfitri\u00f3n del primer episodio de la temporada 51 de SNL, con Doja Cat confirmada como la invitada musical. La estrella latina ya hab\u00eda sido presentador en octubre de 2023 y ha actuado en la serie en varias ocasiones.<\/p>\n<p class=\"paragraph larva \/\/ lrv-u-margin-lr-auto  lrv-a-font-body-m   \">\n\tLa pr\u00f3xima aparici\u00f3n de Bad Bunny en SNL es solo uno de varios grandes momentos en su carrera esta semana. El domingo (28 de septiembre), se anunci\u00f3 que <a href=\"https:\/\/www.billboard.com\/espanol\/noticias\/bad-bunny-encabeza-show-medio-tiempo-super-bowl-2026-1236077546\/\" rel=\"nofollow noopener\" target=\"_blank\">Benito ser\u00e1 el acto principal<\/a> del espect\u00e1culo de medio tiempo del Super Bowl 2026, seis a\u00f1os despu\u00e9s de haber acompa\u00f1ado a Jennifer Lopez y Shakira durante su presentaci\u00f3n en el gran evento en 2020.<\/p>\n<p class=\"paragraph larva \/\/ lrv-u-margin-lr-auto  lrv-a-font-body-m   \">\n\tTambi\u00e9n el mi\u00e9rcoles, Billboard revel\u00f3 que Bad Bunny es nuestra m\u00e1s reciente <a href=\"https:\/\/www.billboard.com\/espanol\/musica\/bad-bunny-entrevista-residente-conciertos-pr-sorpresa-portada-1236080023\/\" rel=\"nofollow noopener\" target=\"_blank\">portada global<\/a>. En su entrevista con Residente para la historia, Bad Bunny habl\u00f3 sobre c\u00f3mo sus presentaciones en vivo alimentan la cultura puertorrique\u00f1a mientras esta alcanza una audiencia global.<\/p>\n<p class=\"paragraph larva \/\/ lrv-u-margin-lr-auto  lrv-a-font-body-m   \">\n\t\u201cEso no se roba, eso no se compra\u201d, dijo. \u201cEso es de las cosas que m\u00e1s me llena. Y es algo que es parte del prop\u00f3sito, pero es algo que tambi\u00e9n sale por lo que he hecho de coraz\u00f3n. Cuando yo veo que aqu\u00ed hab\u00edan desde chamaquitos, j\u00f3venes, adultos, ancianos de 80, de 90 a\u00f1os, sinti\u00e9ndose joven, como que visti\u00e9ndose\u00a0cool, y a cada l\u00ednea o\u00a0punchline\u00a0alusivo a la puertorrique\u00f1idad y al orgullo de lo que es ser de aqu\u00ed. Todo eso me llena un mont\u00f3n\u201d.\u00a0\u00a0<\/p>\n<p class=\"paragraph larva \/\/ lrv-u-margin-lr-auto  lrv-a-font-body-m   \">\n\tMira el nuevo video promocional de Bad Bunny para SNL arriba.<\/p>\n<p><a href=\"https:\/\/ubpass.co\/billboard\" target=\"_blank\" rel=\"noopener noreferrer nofollow\"><br \/><img decoding=\"async\" src=\"https:\/\/www.europesays.com\/es\/wp-content\/uploads\/2025\/09\/2HpFicp.png\" alt=\"Billboard VIP Pass\" style=\"max-width: 100%;height: auto\"\/><br \/><\/a><\/p>\n","protected":false},"excerpt":{"rendered":"Bad Bunny siempre es bienvenido en el 30 Rock\u2026 pero hay un l\u00edmite. En un divertido video promocional&hellip;\n","protected":false},"author":2,"featured_media":159215,"comment_status":"","ping_status":"","sticky":false,"template":"","format":"standard","meta":{"footnotes":""},"categories":[174],"tags":[255,146,147,25,24,256,9834,47376,23],"class_list":{"0":"post-159214","1":"post","2":"type-post","3":"status-publish","4":"format-standard","5":"has-post-thumbnail","7":"category-famosos","8":"tag-celebrities","9":"tag-entertainment","10":"tag-entretenimiento","11":"tag-es","12":"tag-espana","13":"tag-famosos","14":"tag-genre-espau00f1ol","15":"tag-snl-espanol","16":"tag-spain"},"share_on_mastodon":{"url":"","error":""},"_links":{"self":[{"href":"https:\/\/www.europesays.com\/es\/wp-json\/wp\/v2\/posts\/159214","targetHints":{"allow":["GET"]}}],"collection":[{"href":"https:\/\/www.europesays.com\/es\/wp-json\/wp\/v2\/posts"}],"about":[{"href":"https:\/\/www.europesays.com\/es\/wp-json\/wp\/v2\/types\/post"}],"author":[{"embeddable":true,"href":"https:\/\/www.europesays.com\/es\/wp-json\/wp\/v2\/users\/2"}],"replies":[{"embeddable":true,"href":"https:\/\/www.europesays.com\/es\/wp-json\/wp\/v2\/comments?post=159214"}],"version-history":[{"count":0,"href":"https:\/\/www.europesays.com\/es\/wp-json\/wp\/v2\/posts\/159214\/revisions"}],"wp:featuredmedia":[{"embeddable":true,"href":"https:\/\/www.europesays.com\/es\/wp-json\/wp\/v2\/media\/159215"}],"wp:attachment":[{"href":"https:\/\/www.europesays.com\/es\/wp-json\/wp\/v2\/media?parent=159214"}],"wp:term":[{"taxonomy":"category","embeddable":true,"href":"https:\/\/www.europesays.com\/es\/wp-json\/wp\/v2\/categories?post=159214"},{"taxonomy":"post_tag","embeddable":true,"href":"https:\/\/www.europesays.com\/es\/wp-json\/wp\/v2\/tags?post=159214"}],"curies":[{"name":"wp","href":"https:\/\/api.w.org\/{rel}","templated":true}]}}