{"id":159216,"date":"2025-10-06T09:54:13","date_gmt":"2025-10-06T09:54:13","guid":{"rendered":"https:\/\/www.europesays.com\/es\/159216\/"},"modified":"2025-10-06T09:54:13","modified_gmt":"2025-10-06T09:54:13","slug":"se-publica-en-nuestro-pais-un-nuevo-libro-sobre-pearl-jam","status":"publish","type":"post","link":"https:\/\/www.europesays.com\/es\/159216\/","title":{"rendered":"Se publica en nuestro pa\u00eds un nuevo libro sobre Pearl Jam"},"content":{"rendered":"<p>                    Se publica en nuestro pa\u00eds un nuevo libro sobre <a href=\"http:\/\/www.mondosonoro.com\/artistas-musica\/pearl-jam\" rel=\"nofollow noopener\" target=\"_blank\"><strong>Pearl Jam<\/strong><\/a>, aunque, como bien reza su t\u00edtulo, no se trata de una biograf\u00eda al uso, sino que la autora, <strong>Marta Terrasa<\/strong>, analiza y revisita algunos momentos de la trayectoria del grupo estadounidense a trav\u00e9s de su propia experiencia como fan.<\/p>\n<p>Marta Terrasa ha escrito y escribe en diversos medios de comunicaci\u00f3n \u2013entre ellos el nuestro\u2013 y es autora de varios libros \u2013destacando el exitoso <strong>\u201cWinter In July\u00bb<\/strong>, sobre sus dos a\u00f1os de vida en Australia\u2013, a los que desde ya mismo se suma <strong>\u00abEste no es otro libro de Pearl Jam\u00bb<\/strong>, que acaba de publicar la editorial<strong> Silex.<\/strong><\/p>\n<p>Marta Terrasa huye de las biograf\u00edas habituales de artistas \u2013si eso es lo que buscas, existen otras y muy recomendables en castellano\u2013 para sumergirse en distintos aspectos que la han marcado como seguidora de Pearl Jam, contagi\u00e1ndonos de su excitaci\u00f3n y compartiendo algunos viajes period\u00edsticos compartidos con otros periodistas, fans, estudiosos, m\u00fasicos o amigos. As\u00ed, descubriremos la verdad sobre asuntos tan particulares como \u2013por poner un ejemplo\u2013 las clases que Eddie Vedder recibi\u00f3 de guitarra espa\u00f1ola de la mano de un m\u00fasico island\u00e9s o las experiencias de quienes han seguido a la banda durante decenas de conciertos alrededor del mundo,<\/p>\n<p>Terrasa se sumerge en conversaciones, trabajos universitarios, charlas con amistades, podcasts, memorabilia, entrevistas con expertos y fans, e incluso en sus propios diarios personales hasta redondear un libro sobre Pearl Jam que no es el libro que imaginas. Si eres un aut\u00e9ntico seguidor de la banda lo pasar\u00e1s m\u00e1s que bien con todo lo que la autora nos explica (desde como conoci\u00f3 la m\u00fasica de la banda a como estuvo a punto de entrevistarles apenas unas horas antes de casarse); si no lo eres, descubrir\u00e1s una forma distinta de enfrentarse a la m\u00fasica de un grupo como a la experiencia de escribir un libro sobre m\u00fasica desde una \u00f3ptima muy personal.<\/p>\n<p>Puedes hacerte con el libro en tiendas f\u00edsicos, tiendas online o en breve en la propia <a href=\"http:\/\/www.silexediciones.com\" rel=\"nofollow noopener\" target=\"_blank\"><strong>editorial S\u00edlex<\/strong><\/a>.<\/p>\n<p><a href=\"https:\/\/www.mondosonoro.com\/entra-en-club-mondo\/\" rel=\"nofollow noopener\" target=\"_blank\"><img decoding=\"async\" class=\"alignnone size-full wp-image-311390\" src=\"https:\/\/www.europesays.com\/es\/wp-content\/uploads\/2025\/08\/BannerClubMondo.png\" alt=\"\" width=\"100%\" height=\"167\"  \/><\/a><\/p>\n","protected":false},"excerpt":{"rendered":"Se publica en nuestro pa\u00eds un nuevo libro sobre Pearl Jam, aunque, como bien reza su t\u00edtulo, no&hellip;\n","protected":false},"author":2,"featured_media":159217,"comment_status":"","ping_status":"","sticky":false,"template":"","format":"standard","meta":{"footnotes":""},"categories":[172],"tags":[224,146,147,25,24,225,23],"class_list":{"0":"post-159216","1":"post","2":"type-post","3":"status-publish","4":"format-standard","5":"has-post-thumbnail","7":"category-libros","8":"tag-books","9":"tag-entertainment","10":"tag-entretenimiento","11":"tag-es","12":"tag-espana","13":"tag-libros","14":"tag-spain"},"share_on_mastodon":{"url":"","error":""},"_links":{"self":[{"href":"https:\/\/www.europesays.com\/es\/wp-json\/wp\/v2\/posts\/159216","targetHints":{"allow":["GET"]}}],"collection":[{"href":"https:\/\/www.europesays.com\/es\/wp-json\/wp\/v2\/posts"}],"about":[{"href":"https:\/\/www.europesays.com\/es\/wp-json\/wp\/v2\/types\/post"}],"author":[{"embeddable":true,"href":"https:\/\/www.europesays.com\/es\/wp-json\/wp\/v2\/users\/2"}],"replies":[{"embeddable":true,"href":"https:\/\/www.europesays.com\/es\/wp-json\/wp\/v2\/comments?post=159216"}],"version-history":[{"count":0,"href":"https:\/\/www.europesays.com\/es\/wp-json\/wp\/v2\/posts\/159216\/revisions"}],"wp:featuredmedia":[{"embeddable":true,"href":"https:\/\/www.europesays.com\/es\/wp-json\/wp\/v2\/media\/159217"}],"wp:attachment":[{"href":"https:\/\/www.europesays.com\/es\/wp-json\/wp\/v2\/media?parent=159216"}],"wp:term":[{"taxonomy":"category","embeddable":true,"href":"https:\/\/www.europesays.com\/es\/wp-json\/wp\/v2\/categories?post=159216"},{"taxonomy":"post_tag","embeddable":true,"href":"https:\/\/www.europesays.com\/es\/wp-json\/wp\/v2\/tags?post=159216"}],"curies":[{"name":"wp","href":"https:\/\/api.w.org\/{rel}","templated":true}]}}