{"id":159218,"date":"2025-10-06T09:55:17","date_gmt":"2025-10-06T09:55:17","guid":{"rendered":"https:\/\/www.europesays.com\/es\/159218\/"},"modified":"2025-10-06T09:55:17","modified_gmt":"2025-10-06T09:55:17","slug":"adios-a-los-clasicos-modernos-la-sitcom-gay-de-matt-bomer-cancelada-tras-una-sola-temporada","status":"publish","type":"post","link":"https:\/\/www.europesays.com\/es\/159218\/","title":{"rendered":"Adi\u00f3s a los &#8216;Cl\u00e1sicos modernos&#8217;: La sitcom gay de Matt Bomer, cancelada tras una sola temporada"},"content":{"rendered":"<p>Ya es oficial: &#8216;<a href=\"https:\/\/www.ecartelera.com\/series\/mid-century-modern\/\" rel=\"nofollow noopener\" target=\"_blank\">Cl\u00e1sicos modernos<\/a>&#8216; no ser\u00e1 un cl\u00e1sico. La comedia original de Hulu, estrenada en Espa\u00f1a a trav\u00e9s de Disney+, <b>ha sido cancelada tras una sola temporada<\/b>, dejando su historia inacabada y su potencial sin explorar.<\/p>\n<p>La serie, cuyo t\u00edtulo original en ingl\u00e9s es &#8216;Mid-Century Modern&#8217;, ven\u00eda avalada por tres grandes nombres de la televisi\u00f3n, el d\u00fao formado por David Kohan y Max Mutchnick, creadores de &#8216;<a href=\"https:\/\/www.ecartelera.com\/series\/will-y-grace\/\" rel=\"nofollow noopener\" target=\"_blank\">Will y Grace<\/a>&#8216;, y el todopoderoso productor <a href=\"https:\/\/www.ecartelera.com\/personas\/ryan-murphy\/\" rel=\"nofollow noopener\" target=\"_blank\">Ryan Murphy<\/a>. Su estreno en Estados Unidos se produjo el 28 de marzo, <b>llegando un poco m\u00e1s tarde, el 18 de abril, a Espa\u00f1a<\/b>.<\/p>\n<p>Tr\u00e1iler V.O. &#8216;Cl\u00e1sicos modernos&#8217;<\/p>\n<p><video id=\"vid-35461\" class=\"video-js vjs-default-skin\" data-title=\"Tr\u00e1iler V.O. 'Cl\u00e1sicos modernos'\" poster=\"https:\/\/www.ecartelera.com\/images\/videos\/35400\/f35461.jpg\" controls=\"\" preload=\"auto\" width=\"640\" height=\"360\" playsinline=\"\" data-vtt=\"\/\/v1.ecartelera.com\/video\/35400\/35461_sprite.vtt\" data-stream=\"1\">El navegador no soporta el tag de v\u00eddeo.<\/video><\/p>\n<p>X<\/p>\n<p>Desde entonces no hab\u00edamos tenido ninguna noticia sobre ella por parte de Hulu y Disney, lo que hac\u00eda temer por su futuro. Ahora, medio a\u00f1o despu\u00e9s, se confirma lo que ya era una obviedad. Ha sido Mutchnick, cocreador de la serie, quien <b>ha anunciado la cancelaci\u00f3n a sus fans a trav\u00e9s de Instagram<\/b>.<\/p>\n<blockquote class=\"instagram-media\" data-instgrm-captioned=\"\" data-instgrm-permalink=\"https:\/\/www.instagram.com\/p\/DPMrvs8kj0A\/?utm_source=ig_embed&amp;utm_campaign=loading\" data-instgrm-version=\"14\" style=\" background:#FFF; border:0; border-radius:3px; box-shadow:0 0 1px 0 rgba(0,0,0,0.5),0 1px 10px 0 rgba(0,0,0,0.15); margin: 1px; max-width:540px; min-width:326px; padding:0; width:99.375%; width:-webkit-calc(100% - 2px); width:calc(100% - 2px);\"\/>\n<blockquote><p>\u00abDiez episodios geniales&#8230; No fueron suficientes. Pero nos encant\u00f3 hacer cada uno de ellos. <b>Vamos a echar de menos nuestra serie tan especial<\/b>. Gracias a todos los que la visteis\u00bb.<\/p><\/blockquote>\n<p>&#8216;Cl\u00e1sicos modernos&#8217; es una comedia de situaci\u00f3n a la vieja usanza, con formato multi-c\u00e1mara y risas enlatadas. La serie fue publicitada como <b>&#8216;<a href=\"https:\/\/www.ecartelera.com\/series\/las-chicas-de-oro\/\" rel=\"nofollow noopener\" target=\"_blank\">Las chicas de oro<\/a>&#8216; gay, debido a su premisa, inspirada en la ic\u00f3nica serie de los 80<\/b>. En ella, <a href=\"https:\/\/www.ecartelera.com\/personas\/nathan-lane\/\" rel=\"nofollow noopener\" target=\"_blank\">Nathan Lane<\/a>, <a href=\"https:\/\/www.ecartelera.com\/personas\/matthew-bomer\/\" rel=\"nofollow noopener\" target=\"_blank\">Matt Bomer<\/a> y Nathan Lee Graham interpretan a tres amigos gay de cierta edad que deciden vivir juntos en Palm Springs, con <a href=\"https:\/\/www.ecartelera.com\/personas\/linda-lavin\/\" rel=\"nofollow noopener\" target=\"_blank\">Linda Lavin<\/a> como la cuarta en discordia (la Sophia Petrillo del grupo).<\/p>\n<p>\t\t\t\t\t\t\t<img decoding=\"async\" loading=\"lazy\" src=\"https:\/\/www.europesays.com\/es\/wp-content\/uploads\/2025\/10\/244443_adios-a-los-clasicos-modernos-la-sitcom-gay-de-.jpg\" alt=\"Nathan Lane, Matt Bomer y Nathan Lee Graham\" width=\"1200\" height=\"705\"\/>\t<\/p>\n<p>\t\t\t\t\t\tNathan Lane, Matt Bomer y Nathan Lee Graham (Disney+)<\/p>\n<p>El legendario James Burrows (&#8216;<a href=\"https:\/\/www.ecartelera.com\/series\/friends\/\" rel=\"nofollow noopener\" target=\"_blank\">Friends<\/a>&#8216;, &#8216;Will y Grace&#8217;) fue el director director de sus diez episodios, que contaron con estrellas invitadas como <a href=\"https:\/\/www.ecartelera.com\/personas\/pamela-adlon\/\" rel=\"nofollow noopener\" target=\"_blank\">Pamela Adlon<\/a>, <a href=\"https:\/\/www.ecartelera.com\/personas\/richard-kind\/\" rel=\"nofollow noopener\" target=\"_blank\">Richard Kind<\/a>,  <a href=\"https:\/\/www.ecartelera.com\/personas\/zane-phillips\/\" rel=\"nofollow noopener\" target=\"_blank\">Zane Phillips<\/a>, <a href=\"https:\/\/www.ecartelera.com\/personas\/billie-lourd\/\" rel=\"nofollow noopener\" target=\"_blank\">Billie Lourd<\/a>, <a href=\"https:\/\/www.ecartelera.com\/personas\/rhea-perlman\/\" rel=\"nofollow noopener\" target=\"_blank\">Rhea Perlman<\/a> o <a href=\"https:\/\/www.ecartelera.com\/personas\/jesse-tyler-ferguson\/\" rel=\"nofollow noopener\" target=\"_blank\">Jesse Tyler Ferguson<\/a>. &#8216;Cl\u00e1sicos modernos&#8217; estren\u00f3 su primera temporada de golpe y recibi\u00f3 cr\u00edticas positivas, pero <b>no logr\u00f3 encontrar a su p\u00fablico, lo que la acab\u00f3 condenando al olvido televisivo<\/b>.<\/p>\n<p>Hulu no publica datos de audiencia, aunque se cree que esta ser\u00eda la principal raz\u00f3n de la cancelaci\u00f3n, ya que seg\u00fan <a target=\"_blank\" href=\"https:\/\/variety.com\/2025\/tv\/news\/mid-century-modern-canceled-hulu-1236534428\/\" rel=\"nofollow noopener\">Variety<\/a>, la serie <b>no apareci\u00f3 en el top 10 de las series m\u00e1s vistas de streaming<\/b> en Estados Unidos ni en su semana de estreno, ni en las posteriores. <\/p>\n<p>La muerte de Linda Lavin<\/p>\n<p>La producci\u00f3n de &#8216;Cl\u00e1sicos modernos&#8217; sufri\u00f3 un duro golpe con la muerte en diciembre de 2024 de Linda Lavin, que interpretaba a Sybil Schneiderman, la madre del personaje de Nathan Lane (Bunny). El rodaje de la temporada todav\u00eda no hab\u00eda finalizado, lo que <b>oblig\u00f3 a pausarla para reescribir los guiones de los episodios finales<\/b>.<\/p>\n<p>\t\t\t\t\t\t\t<img decoding=\"async\" loading=\"lazy\" src=\"https:\/\/www.europesays.com\/es\/wp-content\/uploads\/2025\/10\/244442_adios-a-los-clasicos-modernos-la-sitcom-gay-de-.jpg\" alt=\"El reparto principal de 'Cl\u00e1sicos modernos'\" width=\"1200\" height=\"676\"\/>\t<\/p>\n<p>\t\t\t\t\t\tEl reparto principal de &#8216;Cl\u00e1sicos modernos&#8217; (Disney+)<\/p>\n<p>En la serie, Sybil muere repentinamente de un ataque al coraz\u00f3n en el pen\u00faltimo episodio de la temporada, que se usa como homenaje a la actriz a trav\u00e9s de un precioso paneg\u00edrico. En el cap\u00edtulo final, un salto de cinco meses nos desvela a los tres amigos siguiendo adelante con sus vidas con optimismo. <b>Lavin recibi\u00f3 una nominaci\u00f3n p\u00f3stuma a Mejor Actriz Secundaria de Comedia en los Gotham TV Awards 2025<\/b>.<\/p>\n<p>&#8216;Cl\u00e1sicos modernos&#8217; est\u00e1 <b>disponible al completo en Disney+<\/b>.<\/p>\n<p><script async src=\"\/\/www.instagram.com\/embed.js\"><\/script><\/p>\n","protected":false},"excerpt":{"rendered":"Ya es oficial: &#8216;Cl\u00e1sicos modernos&#8216; no ser\u00e1 un cl\u00e1sico. La comedia original de Hulu, estrenada en Espa\u00f1a a&hellip;\n","protected":false},"author":2,"featured_media":159219,"comment_status":"","ping_status":"","sticky":false,"template":"","format":"standard","meta":{"footnotes":""},"categories":[171],"tags":[1014,1015,1013,177,1011,146,147,25,24,782,1019,1016,753,1012,23,1017,214,1018],"class_list":{"0":"post-159218","1":"post","2":"type-post","3":"status-publish","4":"format-standard","5":"has-post-thumbnail","7":"category-tv","8":"tag-actores","9":"tag-actrices","10":"tag-cartelera","11":"tag-cine","12":"tag-ecartelera","13":"tag-entertainment","14":"tag-entretenimiento","15":"tag-es","16":"tag-espana","17":"tag-estrellas","18":"tag-fotogramas","19":"tag-fotos","20":"tag-peliculas","21":"tag-pelis","22":"tag-spain","23":"tag-trailers","24":"tag-tv","25":"tag-videos"},"share_on_mastodon":{"url":"","error":""},"_links":{"self":[{"href":"https:\/\/www.europesays.com\/es\/wp-json\/wp\/v2\/posts\/159218","targetHints":{"allow":["GET"]}}],"collection":[{"href":"https:\/\/www.europesays.com\/es\/wp-json\/wp\/v2\/posts"}],"about":[{"href":"https:\/\/www.europesays.com\/es\/wp-json\/wp\/v2\/types\/post"}],"author":[{"embeddable":true,"href":"https:\/\/www.europesays.com\/es\/wp-json\/wp\/v2\/users\/2"}],"replies":[{"embeddable":true,"href":"https:\/\/www.europesays.com\/es\/wp-json\/wp\/v2\/comments?post=159218"}],"version-history":[{"count":0,"href":"https:\/\/www.europesays.com\/es\/wp-json\/wp\/v2\/posts\/159218\/revisions"}],"wp:featuredmedia":[{"embeddable":true,"href":"https:\/\/www.europesays.com\/es\/wp-json\/wp\/v2\/media\/159219"}],"wp:attachment":[{"href":"https:\/\/www.europesays.com\/es\/wp-json\/wp\/v2\/media?parent=159218"}],"wp:term":[{"taxonomy":"category","embeddable":true,"href":"https:\/\/www.europesays.com\/es\/wp-json\/wp\/v2\/categories?post=159218"},{"taxonomy":"post_tag","embeddable":true,"href":"https:\/\/www.europesays.com\/es\/wp-json\/wp\/v2\/tags?post=159218"}],"curies":[{"name":"wp","href":"https:\/\/api.w.org\/{rel}","templated":true}]}}