{"id":159224,"date":"2025-10-06T10:00:21","date_gmt":"2025-10-06T10:00:21","guid":{"rendered":"https:\/\/www.europesays.com\/es\/159224\/"},"modified":"2025-10-06T10:00:21","modified_gmt":"2025-10-06T10:00:21","slug":"entradas-orquestra-de-cambra-catalana-en-teatros-del-canal","status":"publish","type":"post","link":"https:\/\/www.europesays.com\/es\/159224\/","title":{"rendered":"Entradas Orquestra de Cambra Catalana en Teatros del Canal"},"content":{"rendered":"<p>La Orquestra de Cambra Catalana reanuda la relaci\u00f3n con la Asociaci\u00f3n Madrile\u00f1a de Compositores en el Festival COMA\u201925, agradeciendo la oportunidad de estrenar obras nuevas y trabajar de manera intensa con los art\u00edfices de la m\u00fasica de nuestro tiempo; haciendo realidad uno de los principales objetivos de la formaci\u00f3n: interpretar y colaborar en la difusi\u00f3n de la m\u00fasica contempor\u00e1nea.<\/p>\n<p>Fundada por Joan P\u00e0mies en 1986, ha colaborado con solistas noveles del pa\u00eds y con artistas consagrados, brindando la oportunidad a los j\u00f3venes int\u00e9rpretes de actuar junto a los profesionales de prestigio. Su repertorio abarca todas las \u00e9pocas y compositores y lleva la m\u00fasica a todos los segmentos de la poblaci\u00f3n, accediendo a espacios de proximidad de los ciudadanos. Ha ofrecido m\u00e1s de 700 conciertos, actuando en los principales auditorios, ciclos y festivales de m\u00fasica de Espa\u00f1a. Tambi\u00e9n en Albania, Francia, Italia, Polonia, Rep\u00fablica Checa, Argentina, Chile, M\u00e9xico, Uruguay, L\u00edbano, T\u00fanez y China. Ha colaborado con solistas del prestigio de Nicanor Zabaleta, Montserrat Cervera, Le\u00f3n Ara, R\u00e9gis Pasquier, Evelyne Dubourg, Montserrat Torrent o Enrica Guarini y tambi\u00e9n con int\u00e9rpretes relevantes del panorama actual. La han dirigido entre otros Mihail Angelov, Mar\u00e7al Gols, Lucien Jean Baptiste, Yukio Kithara, Milen Nachev, Roit Feldenkrais, Gerard Pastor y Xavier Pag\u00e8s-Corella. Ha grabado para las radios y televisiones de Espa\u00f1a, Francia, Argentina, M\u00e9xico y T\u00fanez. Tiene grabados siete CD con m\u00fasica in\u00e9dita. En 2024 grab\u00f3 para Nexus la obra de Ramon Paus, X\u00e0fec de Llum i Tenebra, publicada en Spotify. Est\u00e1 amparada en la asociaci\u00f3n que lleva su nombre y cuenta con el apoyo de la Generalitat de Catalunya, el Ayuntamiento de Barcelona, la Diputaci\u00f3n de Barcelona, el Instituto Ramon Llull y AIE.<\/p>\n<p>ORQUESTRA DE CAMBRA CATALANA<br \/>Orquesta de cuerda<br \/>Stanislav Stepanek, concertino<br \/>Nat\u00e0lia Borysiuk, C\u00e8lia Molina, Mireia Puigmal, viol\u00edn primero<br \/>Barbara Wincor, Clara Agust\u00ed, Roger Gich, Joan Sancho, viol\u00edn segundo<br \/>Marta Sed\u00f3, Joaquim Badia, Cristina Rodr\u00edguez, viola<br \/>Zsolt Tottzer, Jonathan Cottle, violonchelo<br \/>Rafael Esteve, contrabajo<br \/>Teresa Espuny, gerente<br \/>Joan P\u00e0mies, director<br \/>Yuval Gotlibovitch, viola solista<\/p>\n<p>PROGRAMA<br \/>Manuel T\u00e9var (1980)<br \/>Sinfonietta Spehera, op. 29*<\/p>\n<p>David Ruiz Molina (1979)<br \/>Angels*<\/p>\n<p>Manuel Seco de Arpe (1958)<br \/>Space X*<\/p>\n<p>Juan Carlos Torres Ochoa (1967)<br \/>Floraciones*<\/p>\n<p>Ram\u00f3n Pa\u00fas (1956)<br \/>Lluvia Sosiego*<\/p>\n<p>*Estreno absoluto<\/p>\n<p><a class=\"boton-pdf\" href=\"https:\/\/cdn.teatroscanal.com\/wp-content\/uploads\/2025\/10\/ROGRAMA_CANAL_COMA_CAMBRA.pdf\" target=\"_blank\" rel=\"noopener nofollow\">\u00a0Programa<\/a><\/p>\n","protected":false},"excerpt":{"rendered":"La Orquestra de Cambra Catalana reanuda la relaci\u00f3n con la Asociaci\u00f3n Madrile\u00f1a de Compositores en el Festival COMA\u201925,&hellip;\n","protected":false},"author":2,"featured_media":159225,"comment_status":"","ping_status":"","sticky":false,"template":"","format":"standard","meta":{"footnotes":""},"categories":[91],"tags":[47382,146,47383,147,25,24,205,47381,23],"class_list":{"0":"post-159224","1":"post","2":"type-post","3":"status-publish","4":"format-standard","5":"has-post-thumbnail","7":"category-entretenimiento","8":"tag-comprar-entradas","9":"tag-entertainment","10":"tag-entradas-de-orquestra-de-cambra-catalana","11":"tag-entretenimiento","12":"tag-es","13":"tag-espana","14":"tag-madrid","15":"tag-orquestra-de-cambra-catalana","16":"tag-spain"},"share_on_mastodon":{"url":"","error":""},"_links":{"self":[{"href":"https:\/\/www.europesays.com\/es\/wp-json\/wp\/v2\/posts\/159224","targetHints":{"allow":["GET"]}}],"collection":[{"href":"https:\/\/www.europesays.com\/es\/wp-json\/wp\/v2\/posts"}],"about":[{"href":"https:\/\/www.europesays.com\/es\/wp-json\/wp\/v2\/types\/post"}],"author":[{"embeddable":true,"href":"https:\/\/www.europesays.com\/es\/wp-json\/wp\/v2\/users\/2"}],"replies":[{"embeddable":true,"href":"https:\/\/www.europesays.com\/es\/wp-json\/wp\/v2\/comments?post=159224"}],"version-history":[{"count":0,"href":"https:\/\/www.europesays.com\/es\/wp-json\/wp\/v2\/posts\/159224\/revisions"}],"wp:featuredmedia":[{"embeddable":true,"href":"https:\/\/www.europesays.com\/es\/wp-json\/wp\/v2\/media\/159225"}],"wp:attachment":[{"href":"https:\/\/www.europesays.com\/es\/wp-json\/wp\/v2\/media?parent=159224"}],"wp:term":[{"taxonomy":"category","embeddable":true,"href":"https:\/\/www.europesays.com\/es\/wp-json\/wp\/v2\/categories?post=159224"},{"taxonomy":"post_tag","embeddable":true,"href":"https:\/\/www.europesays.com\/es\/wp-json\/wp\/v2\/tags?post=159224"}],"curies":[{"name":"wp","href":"https:\/\/api.w.org\/{rel}","templated":true}]}}