{"id":159254,"date":"2025-10-06T10:26:08","date_gmt":"2025-10-06T10:26:08","guid":{"rendered":"https:\/\/www.europesays.com\/es\/159254\/"},"modified":"2025-10-06T10:26:08","modified_gmt":"2025-10-06T10:26:08","slug":"sebastien-lecornu-presenta-su-dimision-como-primer-ministro-de-francia-horas-despues-de-presentar-el-nuevo-gobierno-internacional","status":"publish","type":"post","link":"https:\/\/www.europesays.com\/es\/159254\/","title":{"rendered":"S\u00e9bastien Lecornu presenta su dimisi\u00f3n como primer ministro de Francia horas despu\u00e9s de presentar el nuevo gobierno | Internacional"},"content":{"rendered":"<p class=\"loc\">Madrid<\/p>\n<p><a href=\"https:\/\/cadenaser.com\/nacional\/2025\/09\/09\/macron-nombra-a-sebastien-lecornu-como-nuevo-primer-ministro-en-francia-cadena-ser\/\" target=\"_blank\" rel=\"noreferrer nofollow noopener\" title=\"https:\/\/cadenaser.com\/nacional\/2025\/09\/09\/macron-nombra-a-sebastien-lecornu-como-nuevo-primer-ministro-en-francia-cadena-ser\/\">S\u00e9bastien Lecornu<\/a> ha presentado por sorpresa su dimisi\u00f3n como primer ministro de Francia justo horas despu\u00e9s de que el presidente franc\u00e9s, Emmanuel Macron, <a href=\"https:\/\/cadenaser.com\/nacional\/2025\/10\/05\/lecornu-oficializa-el-nuevo-gobierno-frances-un-ejecutivo-macronista-sin-los-cambios-esperados-por-la-oposicion-cadena-ser\/\" target=\"_blank\" rel=\"noreferrer nofollow noopener\" title=\"https:\/\/cadenaser.com\/nacional\/2025\/10\/05\/lecornu-oficializa-el-nuevo-gobierno-frances-un-ejecutivo-macronista-sin-los-cambios-esperados-por-la-oposicion-cadena-ser\/\">nombrara el nuevo gobierno<\/a>.<\/p>\n<p>Lecornu no llevaba ni un mes en el cargo y durante ese tiempo ha estado encadenando consultas para conformar el equipo ejecutivo que le acompa\u00f1ar\u00eda. Cuando present\u00f3 ese nuevo gobierno este domingo, las cr\u00edticas no tardaron en llegar, al repetirse muchas de las caras que ya estaban en el gobierno anterior. <\/p>\n<p>Pero las cr\u00edticas no solo llegaron desde la oposici\u00f3n. Bruno Retailleau, reelegido ministro del Interior, se arrepinti\u00f3 poco despu\u00e9s de conocer el resto de nombres del gobierno y dejaba en la red social X un duro mensaje que ha desencadenado la dimisi\u00f3n de Lecornu: \u00abLa composici\u00f3n del Gobierno no refleja la ruptura prometida. Dada la situaci\u00f3n pol\u00edtica creada por este anuncio, convoco al comit\u00e9 estrat\u00e9gico republicano ma\u00f1ana por la ma\u00f1ana\u00bb, en referencia a este lunes.<\/p>\n<blockquote class=\"twitter-tweet\">\n<p lang=\"fr\" dir=\"ltr\">La composition du Gouvernement ne refl\u00e8te pas la rupture promise. <\/p>\n<p>Devant la situation politique cr\u00e9\u00e9e par cette annonce, je convoque demain matin le comit\u00e9 strat\u00e9gique des R\u00e9publicains.<\/p>\n<p>\u2014 Bruno Retailleau (@BrunoRetailleau) <a href=\"https:\/\/twitter.com\/BrunoRetailleau\/status\/1974918032603644215?ref_src=twsrc%5Etfw\" rel=\"nofollow noopener\" target=\"_blank\">October 5, 2025<\/a><\/p><\/blockquote>\n<p>Las tres razones para dimitir<\/p>\n<p>El primer ministro saliente franc\u00e9s, S\u00e9bastien Lecornu, manifest\u00f3 este lunes que \u00abno se puede ser primer ministro cuando no se dan las condiciones\u00bb para gobernar, deplor\u00f3 los \u00abapetitos partidistas\u00bb que han llevado a su dimisi\u00f3n y pidi\u00f3 \u00abborrar ciertos egos\u00bb.<\/p>\n<p>\u00abSer primer ministro es una tarea dif\u00edcil, sin duda a\u00fan m\u00e1s dif\u00edcil en estos momentos. Pero no se puede ser primer ministro cuando no se dan las condiciones\u00bb para gobernar, dijo Lecornu en una declaraci\u00f3n p\u00fablica para explicar las razones que le han llevado a renunciar al puesto pocas horas despu\u00e9s de nombrar su gabinete.<\/p>\n<p>El primer ministro saliente afirm\u00f3 en su declaraci\u00f3n desde Matignon (sede del gobierno) que hab\u00eda \u00abintentado construir una v\u00eda (&#8230;) en temas que anteriormente hab\u00edan estado bloqueados\u00bb, como el seguro de desempleo y la Seguridad Social, para \u00abreinstaurar la gesti\u00f3n conjunta\u00bb con los interlocutores sociales y \u00abconstruir una hoja de ruta\u00bb para sacar al pa\u00eds de la crisis. <\/p>\n<p>Lecornu enumer\u00f3 tres razones que le impiden seguir siendo jefe de Gobierno. En primer lugar, cit\u00f3 el hecho de que los partidos pol\u00edticos \u00aben ocasiones fingieron ignorar el cambio, la profunda ruptura que representaba no aplicar el Art\u00edculo 49.3 de la Constituci\u00f3n\u00bb, que permite adoptar leyes sin el acuerdo del Parlamento, y que, seg\u00fan \u00e9l, desbarataba el \u00abpretexto para la censura previa\u00bb en la Asamblea Nacional.<\/p>\n<p>Deplor\u00f3, en segundo lugar, que \u00ablos partidos pol\u00edticos siguen adoptando una postura como si todos tuvieran mayor\u00eda absoluta en la Asamblea Nacional\u00bb.<\/p>\n<p>El pol\u00edtico macronista asegur\u00f3 que durante las tres semanas de negociaciones que mantuvo con todo el arco parlamentario estuvo \u00abcerca\u00bb de lograr un acuerdo, que las \u00abl\u00edneas rojas se estaban volviendo naranjas y, a veces, verdes\u00bb, y que \u00e9l \u00abestaba dispuesto a ceder, pero cada partido pol\u00edtico quiere que el otro adopte su plataforma completa\u00bb, lament\u00f3. <\/p>\n<p>En este sentido, record\u00f3 que \u00ablos acuerdos no son lo mismo que los compromisos\u00bb y para que se lleven a cabo es necesario \u00abcambiar nuestra mentalidad y no querer implementar todo el proyecto y programa\u00bb de cada partido. <\/p>\n<p>En tercer lugar, \u00abla composici\u00f3n del gobierno dentro del n\u00facleo com\u00fan (los partidos de centro y derecha que componen el gobierno) no fue fluida\u00bb, reconoci\u00f3.<\/p>\n<p>Esas tensiones provocaron \u00abel resurgimiento de algunos deseos partidistas, a veces relacionados (&#8230;) con las pr\u00f3ximas elecciones presidenciales\u00bb de 2027, apunt\u00f3 Lecornu.<\/p>\n<p>La fractura del parlamento y la poca \u00abmodestia\u00bb<\/p>\n<p>El primer ministro dimisionario termin\u00f3 su alocuci\u00f3n con un mensaje \u00abesperanzador y optimista\u00bb al pueblo franc\u00e9s: \u00abSe necesitar\u00eda poco para que funcionara\u00bb un Gobierno pero para eso hay que ser \u00abm\u00e1s desinteresado\u00bb, \u00abquiz\u00e1s tambi\u00e9n un poco modestos a veces\u00bb y \u00abtener en cuenta el inter\u00e9s general\u00bb. <\/p>\n<p>\u00abEl principio mismo de construir un compromiso entre partidos pol\u00edticos es poder combinar l\u00edneas verdes y tener en cuenta un cierto n\u00famero de l\u00edneas rojas, pero no podemos estar en ambos extremos, y algunos partidos pol\u00edticos de la oposici\u00f3n lo han entendido, y me gustar\u00eda agradec\u00e9rselo ahora\u00bb, continu\u00f3. <\/p>\n<p>Lecornu insisti\u00f3 en que, pese al fracturado mapa parlamentario (con tres bloques pr\u00e1cticamente con el mismo peso), las fuerzas pol\u00edticas deber\u00edan \u00abser capaces de avanzar, al menos para que quienes quieren encontrar un camino para el pa\u00eds puedan avanzar\u00bb. <\/p>\n<p>Lecornu present\u00f3 este lunes la dimisi\u00f3n de su Gobierno al presidente franc\u00e9s, Emmanuel Macron, apenas 13 horas despu\u00e9s del anuncio de su gabinete, en un nuevo giro in\u00e9dito de la crisis pol\u00edtica que vive el pa\u00eds. Esa dimisi\u00f3n fue aceptada por el jefe del Estado, lo que abre las puertas a diferentes escenarios, incluida la convocatoria de elecciones anticipadas.<\/p>\n<p>Ante este escenario de inestabilidad, Macron tiene dos posibilidades: nombrar un nuevo primer ministro o hacer lo que no ha querido afrontar hasta ahora, disolver la asamblea y volver a convocar elecciones, como le pide la oposici\u00f3n.<\/p>\n<p><script async src=\"https:\/\/platform.twitter.com\/widgets.js\" charset=\"utf-8\"><\/script><\/p>\n","protected":false},"excerpt":{"rendered":"Madrid S\u00e9bastien Lecornu ha presentado por sorpresa su dimisi\u00f3n como primer ministro de Francia justo horas despu\u00e9s de&hellip;\n","protected":false},"author":2,"featured_media":159255,"comment_status":"","ping_status":"","sticky":false,"template":"","format":"standard","meta":{"footnotes":""},"categories":[42],"tags":[17,18,13,14,4437,11,61,62,63,64,19,20,9,10,15,16,88,12,21,22,65,66,67],"class_list":{"0":"post-159254","1":"post","2":"type-post","3":"status-publish","4":"format-standard","5":"has-post-thumbnail","7":"category-internacional","8":"tag-breaking-news","9":"tag-breakingnews","10":"tag-featured-news","11":"tag-featurednews","12":"tag-government","13":"tag-headlines","14":"tag-internacional","15":"tag-international","16":"tag-international-news","17":"tag-internationalnews","18":"tag-latest-news","19":"tag-latestnews","20":"tag-news","21":"tag-noticias","22":"tag-noticias-destacadas","23":"tag-noticiasdestacadas","24":"tag-politics","25":"tag-titulares","26":"tag-ultimas-noticias","27":"tag-ultimasnoticias","28":"tag-world","29":"tag-world-news","30":"tag-worldnews"},"share_on_mastodon":{"url":"","error":""},"_links":{"self":[{"href":"https:\/\/www.europesays.com\/es\/wp-json\/wp\/v2\/posts\/159254","targetHints":{"allow":["GET"]}}],"collection":[{"href":"https:\/\/www.europesays.com\/es\/wp-json\/wp\/v2\/posts"}],"about":[{"href":"https:\/\/www.europesays.com\/es\/wp-json\/wp\/v2\/types\/post"}],"author":[{"embeddable":true,"href":"https:\/\/www.europesays.com\/es\/wp-json\/wp\/v2\/users\/2"}],"replies":[{"embeddable":true,"href":"https:\/\/www.europesays.com\/es\/wp-json\/wp\/v2\/comments?post=159254"}],"version-history":[{"count":0,"href":"https:\/\/www.europesays.com\/es\/wp-json\/wp\/v2\/posts\/159254\/revisions"}],"wp:featuredmedia":[{"embeddable":true,"href":"https:\/\/www.europesays.com\/es\/wp-json\/wp\/v2\/media\/159255"}],"wp:attachment":[{"href":"https:\/\/www.europesays.com\/es\/wp-json\/wp\/v2\/media?parent=159254"}],"wp:term":[{"taxonomy":"category","embeddable":true,"href":"https:\/\/www.europesays.com\/es\/wp-json\/wp\/v2\/categories?post=159254"},{"taxonomy":"post_tag","embeddable":true,"href":"https:\/\/www.europesays.com\/es\/wp-json\/wp\/v2\/tags?post=159254"}],"curies":[{"name":"wp","href":"https:\/\/api.w.org\/{rel}","templated":true}]}}