{"id":159266,"date":"2025-10-06T10:38:07","date_gmt":"2025-10-06T10:38:07","guid":{"rendered":"https:\/\/www.europesays.com\/es\/159266\/"},"modified":"2025-10-06T10:38:07","modified_gmt":"2025-10-06T10:38:07","slug":"kiko-rivera-cura-las-penas-en-un-casoplon-con-sala-de-cine-y-piscina-mientras-irene-rosales-negocia-su-vuelta-a-la-television","status":"publish","type":"post","link":"https:\/\/www.europesays.com\/es\/159266\/","title":{"rendered":"Kiko Rivera cura las penas en un casopl\u00f3n con sala de cine y piscina mientras Irene Rosales negocia su vuelta a la televisi\u00f3n"},"content":{"rendered":"<p><img loading=\"lazy\" decoding=\"async\" src=\"https:\/\/www.europesays.com\/es\/wp-content\/uploads\/2025\/09\/100x100_informalia-logo.jpg\" itemtype=\"\/\/schema.org\/ImageObject\" itemprop=\"url\" alt=\"Informalia\" width=\"64\" height=\"64\" pinger-seen=\"true\"\/><\/p>\n<p>Tras <a href=\"https:\/\/www.eleconomista.es\/informalia\/famosos\/noticias\/13538954\/09\/25\/kiko-rivera-e-irene-rosales-aparecen-juntos-como-padres-ejemplares-para-llevar-a-sus-ninas-al-colegio.html\" title=\"Kiko Rivera e Irene Rosales aparecen juntos tras separarse y lo hacen por un importante motivo: sus hijas, lo primero\" rel=\"nofollow noopener\" target=\"_blank\">nueve a\u00f1os de matrimonio y dos hijas en com\u00fan<\/a>, <b>Kiko Rivera e Irene Rosales se centran en rehacer su vida tras su separaci\u00f3n<\/b>. Y es que mientras la modelo planea volver de forma inminente a la televisi\u00f3n, el hijo de Isabel Pantoja y Paquirri ya ha establecido su vida en una impresionante vivienda valorada en m\u00e1s de 600.000 euros. Ubicada en una de las zonas m\u00e1s exclusivas de Sevilla, es pr\u00f3xima al domicilio familiar que el DJ abandon\u00f3 hace pocas semanas para empezar de cero.<\/p>\n<p>El nuevo hogar del hermano de Isa Pantoja, valorado en <b>600.000 euros<\/b>, cuenta con 398 metros cuadrados que han sido construidos en una parcela de 780. \u00abHe intentado buscar una casa para que mis hijos la disfruten. Que tenga todas las necesidades para ellos y que sientan tambi\u00e9n la casa como su nuevo hogar. Eso es lo principal\u00bb, ha explicado el m\u00fasico a la revista Semana.<\/p>\n<p>La inmueble se caracteriza por tener, en la zona exterior, <b>un gran jard\u00edn con piscina y un acogedor porche para descansar<\/b>. Adem\u00e1s, cuenta con seis dormitorios, cinco ba\u00f1os y un sal\u00f3n comedor que se divide en dos alturas y que presenta una chimenea de dise\u00f1o. La cocina presenta una mezcla entre la madera y el m\u00e1rmol oscuro.<\/p>\n<p>                            <img decoding=\"async\" src=\"https:\/\/www.europesays.com\/es\/wp-content\/uploads\/2025\/10\/revistassemanas.jpeg\" loading=\"lazy\"\/><\/p>\n<p>La lujosa casa tiene adem\u00e1s <b>una suite con un gran vestidor, un cine y una &#8216;habitaci\u00f3n del ocio&#8217; <\/b>que probablemente acoger\u00e1 los directos que el primo de Anabel Pantoja emite en streaming. Cabe decir, no obstante, que no ha decidido todav\u00eda si esta ser\u00e1 su hogar definitivo. El tiempo dir\u00e1.<\/p>\n<p>Desde la citada revista informan que se anim\u00f3 a instalarse en este inmueble porque inclu\u00eda la posibilidad de alquiler con opci\u00f3n a compra. Las condiciones hipotecarias son muy atractivas. <b>Se encuentra situada a solo diez minutos de la casa donde Rosales vive con las peque\u00f1as Ana y Carlota<\/b>.<\/p>\n<p>El regreso de Irene Rosales a la televisi\u00f3n<\/p>\n<p>Seg\u00fan Poco pasa TV, Irene <a href=\"https:\/\/www.eleconomista.es\/informalia\/television\/noticias\/13571129\/09\/25\/irene-rosales-vuelve-a-la-tele-un-mes-despues-de-anunciar-su-separacion-de-kiko-rivera-todos-los-detalles.html\" title=\"Irene Rosales vuelve a la tele un mes despu\u00e9s de anunciar su separaci\u00f3n de Kiko Rivera: todos los detalles\" rel=\"nofollow noopener\" target=\"_blank\">acudir\u00e1 pr\u00f3ximamente como invitada al programa Bailando con las estrellas<\/a>, donde coincidir\u00e1 con Anabel Pantoja, la prima de Kiko, con la que siempre han mantenido muy buena relaci\u00f3n. Por el momento, Irene no se ha pronunciado al respecto pero s\u00ed ha compartido un mensaje en Instagram: \u00abEnfocada en lo que s\u00ed hay, en lo que s\u00ed tengo, en lo que s\u00ed soy, en los que s\u00ed est\u00e1n\u00bb. Se trata de un primer paso, un acercamiento a la cadena de Fuencarral en la que ya trabaj\u00f3 Irene (Viva la vida en 2021 y Fiesta en 2024) y <b>podr\u00eda recuperarla con una nueva colaboraci\u00f3n o incluso con una entrevista De Viernes, donde le pagar\u00edan una jugosa cifra<\/b>.<\/p>\n<p><a href=\"https:\/\/www.eleconomista.es\/informalia\/famosos\/noticias\/13528085\/09\/25\/irene-rosales-negocia-su-primera-exclusiva-tras-separarse-de-kiko-rivera-por-una-cantidad-millonaria-infidelidades-y-humillaciones.html\" title=\"Irene Rosales negocia su primera exclusiva tras separarse de Kiko Rivera por una cantidad millonaria: infidelidades y humillaciones\" rel=\"nofollow noopener\" target=\"_blank\">Desde Informalia tambi\u00e9n contamos a principios de septiembre que Irene negociaba<\/a> a brazo partido con revistas y televisiones <b>para hablar y posar a cambio de una cantidad millonaria<\/b>. Aunque se neg\u00f3 a participar De Viernes, fuentes de toda solvencia nos informaron que la modelo ya hab\u00eda \u00abvendido\u00bb a una revista su exclusiva por una cantidad de seis cifras.<\/p>\n<p>WhatsApp<a href=\"https:\/\/api.whatsapp.com\/send?text=https:\/\/www.eleconomista.es\/informalia\/famosos\/noticias\/13572155\/10\/25\/kiko-rivera-cura-las-penas-en-un-casoplon-con-sala-de-cine-y-piscina-mientras-irene-rosales-negocia-su-vuelta-a-la-television.html?utm_source%3Dwhatsapp%26utm_medium%3Dshare_button&amp;id=1648118629957_whatsapp\" target=\"_blank\" data-action=\"share\/whatsapp\/share\" aria-label=\"Compartir en Whatsapp\" rel=\"nofollow noopener\"><\/a>Facebook<a id=\"fb-share\" href=\"#\" target=\"_blank\" rel=\"noopener noreferrer\" aria-label=\"Compartir en Facebook\"><\/a>Twitter<a href=\"https:\/\/twitter.com\/share?text=Kiko+Rivera+cura+las+penas+en+un+casopl%C3%B3n+con+sala+de+cine+y+piscina+mientras+Irene+Rosales+negocia+su+vuelta+a+la+televisi%C3%B3n&amp;url=https:\/\/www.eleconomista.es\/informalia\/famosos\/noticias\/13572155\/10\/25\/kiko-rivera-cura-las-penas-en-un-casoplon-con-sala-de-cine-y-piscina-mientras-irene-rosales-negocia-su-vuelta-a-la-television.html&amp;via=Informalia&amp;id=1648118839245_twitter\" target=\"_blank\" aria-label=\"Compartir en Twitter\" rel=\"nofollow noopener\"><\/a>Linkedin<a onclick=\"return abrirLinkedin();\" href=\"https:\/\/www.linkedin.com\/shareArticle?text=Kiko+Rivera+cura+las+penas+en+un+casopl%C3%B3n+con+sala+de+cine+y+piscina+mientras+Irene+Rosales+negocia+su+vuelta+a+la+televisi%C3%B3n&amp;url=https:\/\/www.eleconomista.es\/informalia\/famosos\/noticias\/13572155\/10\/25\/kiko-rivera-cura-las-penas-en-un-casoplon-con-sala-de-cine-y-piscina-mientras-irene-rosales-negocia-su-vuelta-a-la-television.html&amp;mini=true\" target=\"_blank\" aria-label=\"Compartir en linkedin\" rel=\"nofollow noopener\"><\/a>Beloud<a href=\"https:\/\/beloud.com\/share?text=Kiko+Rivera+cura+las+penas+en+un+casopl%C3%B3n+con+sala+de+cine+y+piscina+mientras+Irene+Rosales+negocia+su+vuelta+a+la+televisi%C3%B3n&amp;url=https:\/\/www.eleconomista.es\/informalia\/famosos\/noticias\/13572155\/10\/25\/kiko-rivera-cura-las-penas-en-un-casoplon-con-sala-de-cine-y-piscina-mientras-irene-rosales-negocia-su-vuelta-a-la-television.html&amp;via=Informalia&amp;id=1648118839245_beloud\" target=\"_blank\" aria-label=\"Compartir en beloud\" rel=\"nofollow noopener\"><\/a>Bluesky<a href=\"https:\/\/bsky.app\/intent\/compose?text=https:\/\/bsky.app\/intent\/compose?text=https:\/\/www.eleconomista.es\/informalia\/famosos\/noticias\/13572155\/10\/25\/kiko-rivera-cura-las-penas-en-un-casoplon-con-sala-de-cine-y-piscina-mientras-irene-rosales-negocia-su-vuelta-a-la-television.html&amp;url=https:\/\/www.eleconomista.es\/informalia\/famosos\/noticias\/13572155\/10\/25\/kiko-rivera-cura-las-penas-en-un-casoplon-con-sala-de-cine-y-piscina-mientras-irene-rosales-negocia-su-vuelta-a-la-television.html&amp;via=elEconomistaes&amp;id=1648118839245_bluesky\" target=\"_blank\" aria-label=\"Compartir en bluesky\" rel=\"nofollow noopener\"><\/a><\/p>\n<p><script async src=\"https:\/\/platform.twitter.com\/widgets.js\" charset=\"utf-8\"><\/script><\/p>\n","protected":false},"excerpt":{"rendered":"Tras nueve a\u00f1os de matrimonio y dos hijas en com\u00fan, Kiko Rivera e Irene Rosales se centran en&hellip;\n","protected":false},"author":2,"featured_media":159267,"comment_status":"","ping_status":"","sticky":false,"template":"","format":"standard","meta":{"footnotes":""},"categories":[174],"tags":[255,146,147,25,24,256,260,23],"class_list":{"0":"post-159266","1":"post","2":"type-post","3":"status-publish","4":"format-standard","5":"has-post-thumbnail","7":"category-famosos","8":"tag-celebrities","9":"tag-entertainment","10":"tag-entretenimiento","11":"tag-es","12":"tag-espana","13":"tag-famosos","14":"tag-gente","15":"tag-spain"},"share_on_mastodon":{"url":"","error":""},"_links":{"self":[{"href":"https:\/\/www.europesays.com\/es\/wp-json\/wp\/v2\/posts\/159266","targetHints":{"allow":["GET"]}}],"collection":[{"href":"https:\/\/www.europesays.com\/es\/wp-json\/wp\/v2\/posts"}],"about":[{"href":"https:\/\/www.europesays.com\/es\/wp-json\/wp\/v2\/types\/post"}],"author":[{"embeddable":true,"href":"https:\/\/www.europesays.com\/es\/wp-json\/wp\/v2\/users\/2"}],"replies":[{"embeddable":true,"href":"https:\/\/www.europesays.com\/es\/wp-json\/wp\/v2\/comments?post=159266"}],"version-history":[{"count":0,"href":"https:\/\/www.europesays.com\/es\/wp-json\/wp\/v2\/posts\/159266\/revisions"}],"wp:featuredmedia":[{"embeddable":true,"href":"https:\/\/www.europesays.com\/es\/wp-json\/wp\/v2\/media\/159267"}],"wp:attachment":[{"href":"https:\/\/www.europesays.com\/es\/wp-json\/wp\/v2\/media?parent=159266"}],"wp:term":[{"taxonomy":"category","embeddable":true,"href":"https:\/\/www.europesays.com\/es\/wp-json\/wp\/v2\/categories?post=159266"},{"taxonomy":"post_tag","embeddable":true,"href":"https:\/\/www.europesays.com\/es\/wp-json\/wp\/v2\/tags?post=159266"}],"curies":[{"name":"wp","href":"https:\/\/api.w.org\/{rel}","templated":true}]}}