{"id":159310,"date":"2025-10-06T11:16:08","date_gmt":"2025-10-06T11:16:08","guid":{"rendered":"https:\/\/www.europesays.com\/es\/159310\/"},"modified":"2025-10-06T11:16:08","modified_gmt":"2025-10-06T11:16:08","slug":"el-viamed-bm-san-fernando-vence-en-valverde-del-camino-y-se-pone-el-traje-de-lider","status":"publish","type":"post","link":"https:\/\/www.europesays.com\/es\/159310\/","title":{"rendered":"El Viamed Bm San Fernando vence en Valverde del Camino y se pone el traje de l\u00edder"},"content":{"rendered":"<p><strong>Segunda victoria<\/strong> y <strong>liderato del Viamed<\/strong> en Liga, tras traerse la <strong>victoria de tierras onubenses<\/strong> en un choque donde los isle\u00f1os desbordaron a los locales en un segundo tiempo muy brillante. Tras unos primeros 30 minutos,\u00a0donde las fuerzas estuvieron m\u00e1s igualadas, el conjunto de Antonio Baro realiz\u00f3 un primoroso segundo periodo, en donde la defensa fue el factor clave que permiti\u00f3 ganar con holgura a un rival muy correosos en su cancha. El <strong>marcador final<\/strong> fue de 31-43 para los de La Isla.<\/p>\n<p><strong>Primeros minutos del partido<\/strong> muy igualados, con dos equipos m\u00e1s acertados en <strong>defensa<\/strong> que en ver porter\u00eda contraria, 3-4 en el 10. Poco a poco y con el paso de los minutos, ambos conjuntos\u00a0empezaron a ver puerta con m\u00e1s facilidad, los <strong>ataques estaban m\u00e1s acertados<\/strong> con los locales basando gran parte de su juego en los lanzamientos exteriores, mientras los isle\u00f1os trabajaban m\u00e1s el juego de pase y de buscar el espacio libre. <strong>El Viamed<\/strong> empez\u00f3 a tener un mayor <strong>dominio del juego<\/strong> y en el marcador, 11-15 en el 23, aunque en los minutos finales de este primer periodo el conjunto valverde\u00f1o redujo las diferencias a dos goles, 17-19, con el que se lleg\u00f3 al <strong>periodo de descanso<\/strong>.<\/p>\n<p><strong>Segundo tiempo<\/strong><\/p>\n<p>En la reanudaci\u00f3n los <strong>isle\u00f1os salieron pronto<\/strong> a resolver el choque y con una <strong>excelente defensa<\/strong> maniataron totalmente el juego ofensivo de los locales, que se estrellaban una y otra vez contra el muro visitante. Las buenas acciones defensivas permit\u00edan el robo de varios balones que propiciaban <strong>r\u00e1pidos contrataques<\/strong> que culminaban siempre con \u00e9xito. As\u00ed poco a poco la <strong>ventaja isle\u00f1a<\/strong> fue creciendo hasta el 23-31 del 45.<\/p>\n<p>A parte del <strong>buen trabajo en defensa<\/strong>, <strong>el Viamed supo atacar<\/strong> muy bien en est\u00e1tico con los <strong>centrales Relinque y Braojos<\/strong> convirti\u00e9ndose en un quebradero de cabeza para la <strong>defensa local<\/strong>, que no sab\u00eda c\u00f3mo pararlos. Los locales estaban fuera del partido y solamente <strong>Campos, autor de 12 goles<\/strong>, manten\u00eda a flote a su equipo.<\/p>\n<p>El paso de los minutos incrementaba el <strong>dominio visitante<\/strong>, as\u00ed como su <strong>renta de goles<\/strong>, con un <strong>Bm\u00a0Valverde<\/strong> ya entregado en los instantes finales, hasta el 31-43 de la finalizaci\u00f3n.<\/p>\n<p>Otra victoria para el <strong>Viamed<\/strong>, que la <strong>pr\u00f3xima jornada<\/strong> recibe en casa al <strong>Bm\u00a0Lauro<\/strong>, en un partido que se jugar\u00e1 en el Manuel Prado el s\u00e1bado 18 de octubre a las 18:30 horas.<\/p>\n<p><strong>FICHA T\u00c9CNICA: Bm Valverde, 31 Viamed Bm San Fernando, 43<\/strong><\/p>\n<p><b>Bm Valverde:\u00a0<\/b>P\u00e9rez, Moya (1), Batanero (2), Fern\u00e1ndez (6), L\u00f3pez (2), M\u00e9ndez, Campos (12), Acedo (1), Otis, Cabeza (1), J. Dom\u00ednguez, A. Dom\u00ednguez (4), Mora, Reyes (1), M\u00e1rquez (1) y Barranco.<\/p>\n<p><strong>Bm San Fernando: <\/strong>Alejandro Mor\u00f3n, Mario Jerez (1), Guillermo Carrero (3), \u00c1lvaro Braojos (8), Fran L\u00f3pez (4), Jos\u00e9 A. L\u00f3pez, Jos\u00e9 Fern\u00e1ndez (1), Diego Relinque (9), \u00c1ngel Guisado, Ram\u00f3n Bandera (1), Alberto Rey (2), Alfredo Castillo (6), Jos\u00e9 L. Mora (1), Dani P\u00e9rez (2), Alberto Relucio y Dar\u00edo Mart\u00edn (5).<\/p>\n<p><strong>Marcador:<\/strong> m.5 (1-0); m.10 (3-4); m.15 (6-8); m.20 (10-11); m.25 (12-16); Descanso (17-19); m.35 (18-23); m.40 (21-27); m.45 (23-31); m.50 (24-34); m.55 (27-39); Final (31-43).<\/p>\n<p><strong>\u00c1rbitros:<\/strong> Garc\u00eda y Sevillano.<\/p>\n<p><strong>Incidencias:<\/strong> Segunda jornada de la 2\u00aa Divisi\u00f3n Nacional. Jugado en el pabell\u00f3n municipal Daniel Romero de Valverde del Camino.<\/p>\n","protected":false},"excerpt":{"rendered":"Segunda victoria y liderato del Viamed en Liga, tras traerse la victoria de tierras onubenses en un choque&hellip;\n","protected":false},"author":2,"featured_media":159311,"comment_status":"","ping_status":"","sticky":false,"template":"","format":"standard","meta":{"footnotes":""},"categories":[278],"tags":[376,168,25,24,375,1905,23,167],"class_list":{"0":"post-159310","1":"post","2":"type-post","3":"status-publish","4":"format-standard","5":"has-post-thumbnail","7":"category-balonmano","8":"tag-balonmano","9":"tag-deportes","10":"tag-es","11":"tag-espana","12":"tag-handball","13":"tag-san-fernando","14":"tag-spain","15":"tag-sports"},"share_on_mastodon":{"url":"","error":""},"_links":{"self":[{"href":"https:\/\/www.europesays.com\/es\/wp-json\/wp\/v2\/posts\/159310","targetHints":{"allow":["GET"]}}],"collection":[{"href":"https:\/\/www.europesays.com\/es\/wp-json\/wp\/v2\/posts"}],"about":[{"href":"https:\/\/www.europesays.com\/es\/wp-json\/wp\/v2\/types\/post"}],"author":[{"embeddable":true,"href":"https:\/\/www.europesays.com\/es\/wp-json\/wp\/v2\/users\/2"}],"replies":[{"embeddable":true,"href":"https:\/\/www.europesays.com\/es\/wp-json\/wp\/v2\/comments?post=159310"}],"version-history":[{"count":0,"href":"https:\/\/www.europesays.com\/es\/wp-json\/wp\/v2\/posts\/159310\/revisions"}],"wp:featuredmedia":[{"embeddable":true,"href":"https:\/\/www.europesays.com\/es\/wp-json\/wp\/v2\/media\/159311"}],"wp:attachment":[{"href":"https:\/\/www.europesays.com\/es\/wp-json\/wp\/v2\/media?parent=159310"}],"wp:term":[{"taxonomy":"category","embeddable":true,"href":"https:\/\/www.europesays.com\/es\/wp-json\/wp\/v2\/categories?post=159310"},{"taxonomy":"post_tag","embeddable":true,"href":"https:\/\/www.europesays.com\/es\/wp-json\/wp\/v2\/tags?post=159310"}],"curies":[{"name":"wp","href":"https:\/\/api.w.org\/{rel}","templated":true}]}}