{"id":159312,"date":"2025-10-06T11:22:13","date_gmt":"2025-10-06T11:22:13","guid":{"rendered":"https:\/\/www.europesays.com\/es\/159312\/"},"modified":"2025-10-06T11:22:13","modified_gmt":"2025-10-06T11:22:13","slug":"lo-de-hoy-no-es-muy-de-mclaren-f1","status":"publish","type":"post","link":"https:\/\/www.europesays.com\/es\/159312\/","title":{"rendered":"Lo de hoy no es muy de McLaren F1"},"content":{"rendered":"<p data-journey-content=\"true\" data-node-id=\"3\" class=\"css-6wxqfj emevuu60\">A inicios de temporada, el equipo McLaren dej\u00f3 claro que, con el potencial de Oscar Piastri y Lando Norris en pista, ambos ten\u00edan libertad para poder pelear el campeonato de pilotos. Aunque eso s\u00ed, ten\u00edan que seguir una serie de normas con tal de evitar que ambos terminaran accident\u00e1ndose en pista, <a href=\"https:\/\/www.caranddriver.com\/es\/formula-1\/a67949681\/oscar-piastri-papaya-rules-lando-norris-gp-azerbaiyan-debatido-mclaren\/\" target=\"_blank\" data-vars-ga-outbound-link=\"https:\/\/www.caranddriver.com\/es\/formula-1\/a67949681\/oscar-piastri-papaya-rules-lando-norris-gp-azerbaiyan-debatido-mclaren\/\" data-vars-ga-ux-element=\"Hyperlink\" data-vars-ga-call-to-action=\"las famosas \u2018papaya rules\u2019\" data-node-id=\"3.1\" class=\"body-link css-168zq96 emevuu60\" rel=\"nofollow noopener\">las famosas \u2018papaya rules\u2019<\/a>. Con el paso de las carreras y la igualdad en el mundial, la cosa se ha ido apretando entre ambos integrantes de la parrilla, llegando a chocarse en el GP de Canad\u00e1. <\/p>\n<p>Oscar Piastri asegura que la acci\u00f3n fue \u201cinjusta\u201d<\/p>\n<p data-journey-content=\"true\" data-node-id=\"7\" class=\"css-6wxqfj emevuu60\">M\u00e1s tarde, en el GP de Italia, se volvi\u00f3 a tener en pista otra pol\u00e9mica que involucraba a los dos pilotos papaya, <strong data-node-id=\"7.1\">donde Oscar Piastri tuvo que devolverse la posici\u00f3n a Lando Norris tras una mala parada del equipo.<\/strong> Y llegados el GP de Singapur, la distancia entre los dos se ve\u00eda reducida a tan s\u00f3lo una carrera de distancia, por lo que sab\u00edan que salir de Marina Bay con el liderato podr\u00eda ser importante de cara al resto de carreras de la temporada.<\/p>\n<p data-journey-content=\"true\" data-node-id=\"9\" class=\"css-6wxqfj emevuu60\">Sin embargo, durante la salida, Lando Norris trat\u00f3 de hacer una maniobra de adelantamiento a su compa\u00f1ero de equipo, en la que sufri\u00f3 un peque\u00f1o <a href=\"https:\/\/www.caranddriver.com\/es\/formula-1\/a68811920\/helmut-marko-temblar-oscar-piastri-mclaren-f1-max-verstappen-rb21\/\" target=\"_blank\" data-vars-ga-outbound-link=\"https:\/\/www.caranddriver.com\/es\/formula-1\/a68811920\/helmut-marko-temblar-oscar-piastri-mclaren-f1-max-verstappen-rb21\/\" data-vars-ga-ux-element=\"Hyperlink\" data-vars-ga-call-to-action=\"trallazo al tener delante a Max Verstappen\" data-node-id=\"9.1\" class=\"body-link css-168zq96 emevuu60\" rel=\"nofollow noopener\">trallazo al tener delante a Max Verstappen<\/a> y que, como consecuencia, termin\u00f3 toc\u00e1ndose con su compa\u00f1ero de equipo. <strong data-node-id=\"9.3\">Esto hizo que Oscar Piastri lanzara mensajes por radio como \u201cesto no es muy de McLaren\u201d, \u201cesto pasa por no tener reglas claras\u201d<\/strong> \u201co esto es injusto, si Norris tiene que evitar otro coche chocando contra su compa\u00f1ero de equipo, entonces es una mierda de esquivada\u201d.<\/p>\n<p><img draggable=\"true\" alt=\"oscar piastri y lando norris f1\" title=\"Oscar Piastri y Lando Norris F1\" loading=\"lazy\" width=\"3000\" height=\"1999\" decoding=\"async\" data-nimg=\"1\" style=\"color:transparent;width:100%;height:auto;\"   src=\"https:\/\/www.europesays.com\/es\/wp-content\/uploads\/2025\/10\/gettyimages-2239346049-68e2961d5defd.jpg\" class=\"css-0 e1g79fud0\"\/><a target=\"_blank\" rel=\"noopener nofollow\" data-theme-key=\"base-link\" href=\"https:\/\/pinterest.com\/pin\/create\/button\/?url=https:\/\/www.caranddriver.com\/es\/formula-1\/a68833288\/oscar-piastri-accidente-lando-norris-gp-singapur-hoy-no-mclaren-f1\/&amp;description=&amp;media=https:\/\/hips.hearstapps.com\/hmg-prod\/images\/gettyimages-2239346049-68e2961d5defd.jpg?resize=1600:*\" class=\"pinterest css-on9hn5 e1c1bym14\"><img decoding=\"async\" data-dynamic-svg=\"true\" src=\"https:\/\/www.caranddriver.com\/_assets\/design-tokens\/fre\/static\/icons\/social\/pinterest.e8cf655.svg?primary=%2523ffffff\" loading=\"lazy\" data-testid=\"dynamic-svg-base\" height=\"auto\" width=\"auto\" alt=\"pinterest\" class=\"css-4lml0h e1mlxuuw1\"\/><\/a><\/p>\n<p>Bryn Lennon<\/p>\n<p data-journey-content=\"true\" data-node-id=\"14\" class=\"css-6wxqfj emevuu60\">\u201cNecesito ver m\u00e1s repeticiones para saber exactamente lo que pas\u00f3. Obviamente, creo que lo principal es que los dos coches se tocan y eso nunca es lo que queremos. <strong data-node-id=\"14.1\">Lo mirar\u00e9 con m\u00e1s detalle y llegar\u00e9 a una conclusi\u00f3n\u201d<\/strong>, dec\u00eda el piloto de McLaren.<\/p>\n<p data-journey-content=\"true\" data-node-id=\"16\" class=\"css-6wxqfj emevuu60\">\u201cCreo que en el momento, obviamente, es la primera vuelta, las tensiones son altas. Obviamente se nos anima a compartir nuestras opiniones sobre lo sucedido. Yo lo hice. <strong data-node-id=\"16.1\">Estoy seguro de que lo discutiremos m\u00e1s despu\u00e9s<\/strong>\u201d, prosigui\u00f3.<\/p>\n<p data-journey-content=\"true\" data-node-id=\"18\" class=\"css-6wxqfj emevuu60\">\u201cCreo que la mayor\u00eda de mis comentarios fueron sobre dos vueltas de 62. No s\u00e9. Tal vez se retras\u00f3 m\u00e1s en la televisi\u00f3n. Not\u00e9 que una vez que entr\u00e9 en mi ritmo un poco m\u00e1s tarde en el primer stint, <strong data-node-id=\"18.1\">not\u00e9 que el ritmo era bastante bueno. Simplemente no ten\u00eda la posici\u00f3n en pista para hacer nada<\/strong>\u201d, concluy\u00f3 <a href=\"https:\/\/www.caranddriver.com\/es\/formula-1\/pilotos\/a39573053\/oscar-piastri\/\" target=\"_blank\" data-vars-ga-outbound-link=\"https:\/\/www.caranddriver.com\/es\/formula-1\/pilotos\/a39573053\/oscar-piastri\/\" data-vars-ga-ux-element=\"Hyperlink\" data-vars-ga-call-to-action=\"Oscar Piastri. \" data-node-id=\"18.3\" class=\"body-link css-168zq96 emevuu60\" rel=\"nofollow noopener\">Oscar Piastri. <\/a><\/p>\n<p data-journey-content=\"true\" data-node-id=\"20\" class=\"css-6wxqfj emevuu60\">Es as\u00ed como el piloto de McLaren ha querido explicar su accidente con Lando Norris en el GP de Singapur, donde los papaya se han proclamado por 2\u00aa vez consecutiva campeones del mundo. <\/p>\n<p>Contenidos relacionados<\/p>\n","protected":false},"excerpt":{"rendered":"A inicios de temporada, el equipo McLaren dej\u00f3 claro que, con el potencial de Oscar Piastri y Lando&hellip;\n","protected":false},"author":2,"featured_media":159313,"comment_status":"","ping_status":"","sticky":false,"template":"","format":"standard","meta":{"footnotes":""},"categories":[270],"tags":[4240,47398,168,4242,25,24,306,271,272,4241,47397,23,167],"class_list":{"0":"post-159312","1":"post","2":"type-post","3":"status-publish","4":"format-standard","5":"has-post-thumbnail","7":"category-formula-1","8":"tag-content-type-news","9":"tag-contentid-541b70c5-518d-477b-a875-0684db818511","10":"tag-deportes","11":"tag-displaytype-standard-article","12":"tag-es","13":"tag-espana","14":"tag-f1","15":"tag-formula-1","16":"tag-formula1","17":"tag-locale-es","18":"tag-shorttitle-oscar-piastri-lanza-un-dardo-a-lando-norris","19":"tag-spain","20":"tag-sports"},"share_on_mastodon":{"url":"","error":""},"_links":{"self":[{"href":"https:\/\/www.europesays.com\/es\/wp-json\/wp\/v2\/posts\/159312","targetHints":{"allow":["GET"]}}],"collection":[{"href":"https:\/\/www.europesays.com\/es\/wp-json\/wp\/v2\/posts"}],"about":[{"href":"https:\/\/www.europesays.com\/es\/wp-json\/wp\/v2\/types\/post"}],"author":[{"embeddable":true,"href":"https:\/\/www.europesays.com\/es\/wp-json\/wp\/v2\/users\/2"}],"replies":[{"embeddable":true,"href":"https:\/\/www.europesays.com\/es\/wp-json\/wp\/v2\/comments?post=159312"}],"version-history":[{"count":0,"href":"https:\/\/www.europesays.com\/es\/wp-json\/wp\/v2\/posts\/159312\/revisions"}],"wp:featuredmedia":[{"embeddable":true,"href":"https:\/\/www.europesays.com\/es\/wp-json\/wp\/v2\/media\/159313"}],"wp:attachment":[{"href":"https:\/\/www.europesays.com\/es\/wp-json\/wp\/v2\/media?parent=159312"}],"wp:term":[{"taxonomy":"category","embeddable":true,"href":"https:\/\/www.europesays.com\/es\/wp-json\/wp\/v2\/categories?post=159312"},{"taxonomy":"post_tag","embeddable":true,"href":"https:\/\/www.europesays.com\/es\/wp-json\/wp\/v2\/tags?post=159312"}],"curies":[{"name":"wp","href":"https:\/\/api.w.org\/{rel}","templated":true}]}}