{"id":159314,"date":"2025-10-06T11:25:09","date_gmt":"2025-10-06T11:25:09","guid":{"rendered":"https:\/\/www.europesays.com\/es\/159314\/"},"modified":"2025-10-06T11:25:09","modified_gmt":"2025-10-06T11:25:09","slug":"la-adiccion-te-ensena-mucho","status":"publish","type":"post","link":"https:\/\/www.europesays.com\/es\/159314\/","title":{"rendered":"\u00abLa adicci\u00f3n te ense\u00f1a mucho\u00bb"},"content":{"rendered":"<p>01\/10\/2025<br \/>\n<br \/><strong><br \/>\nActualizado a las 11:07h.<br \/>\n<\/strong><\/p>\n<p class=\"voc-p\" style=\"\">Tras su magn\u00edfica actuaci\u00f3n en los premios <a href=\"https:\/\/www.abc.es\/noticias\/mtv-video-music-awards\/\" target=\"_blank\" data-voc-vtm-id=\"in-text-traffic\" title=\"MTV VMAS\" data-mrf-link=\"www.abc.es\" rel=\"nofollow noopener\">MTV VMAS<\/a> hace unas semanas, la cantante <strong>Lola Young<\/strong> ha tenido que parar en seco su mete\u00f3rica carrera por culpa de sus excesos. La artista brit\u00e1nica de 24 a\u00f1os ha cancelado todas sus pr\u00f3ximas actuaciones y ha dicho que \u00abse tomar\u00e1 un descanso\u00bb, tras desmayarse durante un concierto en Nueva York.<\/p>\n<p class=\"voc-p\" style=\"\">El pasado s\u00e1bado, la autora del \u00e9xito &#8216;Messy&#8217; actu\u00f3 <strong>en el festival itinerante All Things Go<\/strong>, celebrado en el Forest Hills Stadium, y cuando estaba interpretando la canci\u00f3n &#8216;Conceited&#8217; (de su segundo disco &#8216;This Wasn&#8217;t Meant For You Anyway&#8217;), empez\u00f3 a dar se\u00f1ales a su equipo de que le faltaba el aire, antes de tambalearse y caer a plomo hacia atr\u00e1s, d\u00e1ndose un fuerte golpe que dej\u00f3 bastante asustados a sus fans. <\/p>\n<p class=\"voc-p\" style=\"\">Despu\u00e9s de que Young fuera evacuada a un hospital, la rapera Doechii tom\u00f3 el escenario para continuar con el festival, no sin antes lanzar un mensaje de apoyo y pedir que el p\u00fablico gritara \u00abte queremos, Lola\u00bb. \u00abEs una artista con un talento incre\u00edble, y esta noche no se encontraba bien, as\u00ed que me alegro mucho de que estuvierais ah\u00ed para apoyarla y animarla. Dese\u00e9mosle lo mejor, \u00bfvale, chicos?\u00bb.<\/p>\n<p class=\"voc-p\" style=\"\">Pocas horas despu\u00e9s, Young public\u00f3 un mensaje en Instagram en el que asegur\u00f3 encontrarse bien: \u00abPara quien vio mi actuaci\u00f3n en All Things Go hoy, estoy bien ahora. Gracias por todo vuestro apoyo\u00bb. El festival continuaba al d\u00eda siguiente en Washington DC, pero Young cancel\u00f3 su aparici\u00f3n, y este martes ha publicado un comunicado en su cuenta de Instagram el que confiesa que <strong>\u00abla adicci\u00f3n te ense\u00f1a mucho\u00bb<\/strong>.<\/p>\n<p class=\"voc-p\" style=\"\">\u00abMe voy a ausentar por un tiempo. Me duele decir que tengo que cancelar todo en el futuro inmediato. Gracias por todo el cari\u00f1o y el apoyo. Siento mucho decepcionar a todos los que han comprado una entrada para verme, me duele m\u00e1s de lo que pod\u00e9is imaginar. Obviamente, tendr\u00e9is derecho a un reembolso completo. Espero de verdad que me deis una segunda oportunidad cuando haya tenido tiempo para trabajar en m\u00ed misma y volver m\u00e1s fuerte. Os quiero a todos, Lola x\u00bb.<\/p>\n<p class=\"voc-p\" style=\"\"><strong>El pasado viernes, Young hab\u00eda cancelado una actuaci\u00f3n en el Prudential Center de Nueva Jersey<\/strong>, y su representante, Nick Shymansky, comparti\u00f3 un comunicado en su Instagram Stories en el que afirmaba que la artista tom\u00f3 la decisi\u00f3n \u00abdebido a un asunto delicado\u00bb. Shymansky aludi\u00f3 que la cancelaci\u00f3n de Young podr\u00eda estar vinculada a su salud mental, de la que dijo que la estrella ha sido \u00abmuy abierta\u00bb: \u00abHay  d\u00edas en los que yo y mi equipo tenemos que tomar medidas de protecci\u00f3n para mantenerla a salvo. Es una persona incre\u00edble y siempre se toma en serio a sus fans, su carrera y sus actuaciones. S\u00f3lo puedo enviar enormes disculpas por las molestias causadas\u00bb.<\/p>\n<p class=\"voc-p\" style=\"\">Aunque no est\u00e1 confirmado que tuviera que ver con el mismo motivo, antes de desmayarse en el concierto de Nueva York ella misma confes\u00f3: \u00ab<strong>He tenido un par de d\u00edas complicados. A veces la vida te hace sentir que no puedes continuar<\/strong>, pero \u00bfsaben qu\u00e9? Me despert\u00e9 y tom\u00e9 la decisi\u00f3n de venir aqu\u00ed. Quer\u00eda estar, quer\u00eda actuar y no quer\u00eda revolcarme en mi tristeza. A veces la vida te da limones y tienes que hacer limonada&#8230; Agradezco mucho a todos los que est\u00e1n aqu\u00ed esta noche\u00bb.<\/p>\n<p class=\"voc-p\" style=\"\">Adem\u00e1s de sus problemas con las drogas, Young revel\u00f3 en 2022 que sufre un <strong>trastorno esquizoafectivo que le diagnosticaron a los 17 a\u00f1os<\/strong>. \u00abNo encuentro palabras para describir lo mucho que este diagn\u00f3stico ha afectado a toda mi vida y a mi visi\u00f3n del mundo que me rodea. He luchado enormemente para aprender a aceptar esta parte de m\u00ed misma, y todav\u00eda estoy aprendiendo\u00bb, escribi\u00f3 en Instagram. \u00abTengo que recordarme a m\u00ed misma que soy una persona normal, que soy humana y que, como todo el mundo, soy capaz de hacer cosas incre\u00edbles; mi enfermedad mental no me define. Es mi superpoder, aunque tenga que pasar altibajos muy locos y tomar medicaci\u00f3n\u00bb.<\/p>\n<p class=\"voc-p\" style=\"\">La artista londinense, que ha sido nominada a 3 premios Ivor Novello y tambi\u00e9n recibi\u00f3 una nominaci\u00f3n a &#8216;Mejor Artista Pop&#8217; en los BRIT Awards de este a\u00f1o, deja ahora  en el aire la gira de presentaci\u00f3n de su tercer \u00e1lbum, &#8216;I&#8217;m Only F**king Myself&#8217;, que iba a continuar por Inglaterra y Escocia en octubre, adem\u00e1s de por Estados Unidos, M\u00e9xico y Canad\u00e1 en noviembre y diciembre, y Sudam\u00e9rica y Europa ya en 2026, sin actuaciones anunciadas en Espa\u00f1a.<\/p>\n<p>Reportar un error<\/p>\n","protected":false},"excerpt":{"rendered":"01\/10\/2025 Actualizado a las 11:07h. Tras su magn\u00edfica actuaci\u00f3n en los premios MTV VMAS hace unas semanas, la&hellip;\n","protected":false},"author":2,"featured_media":159315,"comment_status":"","ping_status":"","sticky":false,"template":"","format":"standard","meta":{"footnotes":""},"categories":[174],"tags":[4860,255,2339,27183,146,147,25,24,256,15726,10675,2464,23,575,3798],"class_list":{"0":"post-159314","1":"post","2":"type-post","3":"status-publish","4":"format-standard","5":"has-post-thumbnail","7":"category-famosos","8":"tag-carrera","9":"tag-celebrities","10":"tag-concierto","11":"tag-desmayarse","12":"tag-entertainment","13":"tag-entretenimiento","14":"tag-es","15":"tag-espana","16":"tag-famosos","17":"tag-lola","18":"tag-paron","19":"tag-pleno","20":"tag-spain","21":"tag-tras","22":"tag-young"},"share_on_mastodon":{"url":"","error":""},"_links":{"self":[{"href":"https:\/\/www.europesays.com\/es\/wp-json\/wp\/v2\/posts\/159314","targetHints":{"allow":["GET"]}}],"collection":[{"href":"https:\/\/www.europesays.com\/es\/wp-json\/wp\/v2\/posts"}],"about":[{"href":"https:\/\/www.europesays.com\/es\/wp-json\/wp\/v2\/types\/post"}],"author":[{"embeddable":true,"href":"https:\/\/www.europesays.com\/es\/wp-json\/wp\/v2\/users\/2"}],"replies":[{"embeddable":true,"href":"https:\/\/www.europesays.com\/es\/wp-json\/wp\/v2\/comments?post=159314"}],"version-history":[{"count":0,"href":"https:\/\/www.europesays.com\/es\/wp-json\/wp\/v2\/posts\/159314\/revisions"}],"wp:featuredmedia":[{"embeddable":true,"href":"https:\/\/www.europesays.com\/es\/wp-json\/wp\/v2\/media\/159315"}],"wp:attachment":[{"href":"https:\/\/www.europesays.com\/es\/wp-json\/wp\/v2\/media?parent=159314"}],"wp:term":[{"taxonomy":"category","embeddable":true,"href":"https:\/\/www.europesays.com\/es\/wp-json\/wp\/v2\/categories?post=159314"},{"taxonomy":"post_tag","embeddable":true,"href":"https:\/\/www.europesays.com\/es\/wp-json\/wp\/v2\/tags?post=159314"}],"curies":[{"name":"wp","href":"https:\/\/api.w.org\/{rel}","templated":true}]}}