{"id":159316,"date":"2025-10-06T11:27:31","date_gmt":"2025-10-06T11:27:31","guid":{"rendered":"https:\/\/www.europesays.com\/es\/159316\/"},"modified":"2025-10-06T11:27:31","modified_gmt":"2025-10-06T11:27:31","slug":"lanzamiento-del-libro-confesiones-sobre-jesus-ferro-bayona","status":"publish","type":"post","link":"https:\/\/www.europesays.com\/es\/159316\/","title":{"rendered":"Lanzamiento del libro \u2018Confesiones\u2019, sobre Jes\u00fas Ferro Bayona"},"content":{"rendered":"<p>Familiares y amigos se reunieron en el Club ABC para acompa\u00f1ar a Jes\u00fas Ferro Bayona durante la presentaci\u00f3n de Confesiones, un inspirador libro escrito por la periodista Loor Naissir. Este libro relata la vida y obra del intelectual y l\u00edder educativo que transform\u00f3 la Universidad del Norte y dej\u00f3 una huella imborrable en Barranquilla.<\/p>\n<p>Tomado de El Heraldo<\/p>\n<p><img decoding=\"async\" loading=\"lazy\" width=\"760\" height=\"507\" src=\"https:\/\/www.europesays.com\/es\/wp-content\/uploads\/2025\/10\/Alvaro-Suescun_-Loor-Naissir-y-Jesus-Ferro.jpg\" alt=\"\" class=\"wp-image-23177\"  \/>\u00c1lvaro Suesc\u00fan, Loor Naissir y Jes\u00fas Ferro.<\/p>\n<p><img decoding=\"async\" loading=\"lazy\" width=\"760\" height=\"525\" src=\"https:\/\/www.europesays.com\/es\/wp-content\/uploads\/2025\/10\/Glenda-Fayad-Antonio-Del-Risco-Jr-Antonio-Del-Risco-Ibanez-y-Prospero-Carbonell.jpg\" alt=\"\" class=\"wp-image-23184\"  \/>Glenda Fayad, Antonio Del Risco Jr, Antonio Del Risco Ib\u00e1\u00f1ez y Pr\u00f3spero Carbonell.<\/p>\n<p><img decoding=\"async\" loading=\"lazy\" width=\"760\" height=\"568\" src=\"https:\/\/www.europesays.com\/es\/wp-content\/uploads\/2025\/10\/Roxana-Horcet-Karmina-Guerra-y-Raquel-Ferro.jpg\" alt=\"\" class=\"wp-image-23183\"  \/>Roxana Horcet, Karmi\u00f1a Guerra y Raquel Ferro.<\/p>\n<p><img decoding=\"async\" loading=\"lazy\" width=\"760\" height=\"579\" src=\"https:\/\/www.europesays.com\/es\/wp-content\/uploads\/2025\/10\/Gladys-Hormiga-Josefina-Better-y-Lucrecia-Hormiga.jpg\" alt=\"\" class=\"wp-image-23182\"  \/>Gladys Hormiga, Josefina Better y Lucrecia Hormiga.<\/p>\n<p><img decoding=\"async\" loading=\"lazy\" width=\"760\" height=\"541\" src=\"https:\/\/www.europesays.com\/es\/wp-content\/uploads\/2025\/10\/Alfredo-Gomez-Yudy-de-Gomez-Menchu-de-Villalba-e-Ivette-Cordero.jpg\" alt=\"\" class=\"wp-image-23181\"  \/>Alfredo G\u00f3mez, Yudy de G\u00f3mez, Menchu de Villalba e Ivette Cordero.<\/p>\n<p><img decoding=\"async\" loading=\"lazy\" width=\"760\" height=\"507\" src=\"https:\/\/www.europesays.com\/es\/wp-content\/uploads\/2025\/10\/Hernando-Salazar-y-Marco-Zuniga.jpg\" alt=\"\" class=\"wp-image-23180\"  \/>Hernando Salazar y Marco Z\u00fa\u00f1iga.<\/p>\n<p><img decoding=\"async\" loading=\"lazy\" width=\"760\" height=\"544\" src=\"https:\/\/www.europesays.com\/es\/wp-content\/uploads\/2025\/10\/Claudia-Posada-Olga-de-Abello-y-Orlando-Abello.jpg\" alt=\"\" class=\"wp-image-23179\"  \/>Claudia Posada, Olga de Abello y Orlando Abello.<\/p>\n<p><img decoding=\"async\" loading=\"lazy\" width=\"760\" height=\"557\" src=\"https:\/\/www.europesays.com\/es\/wp-content\/uploads\/2025\/10\/Luz-Marina-Trout-y-Natalia-Salazar.jpg\" alt=\"\" class=\"wp-image-23178\"  \/>Luz Marina Trout y Natalia Salazar.<\/p>\n<p><img decoding=\"async\" loading=\"lazy\" width=\"760\" height=\"543\" src=\"https:\/\/www.europesays.com\/es\/wp-content\/uploads\/2025\/10\/Esther-Dominguez_-Yudy-de-Ferro-y-Mauricio-Zapata.jpg\" alt=\"\" class=\"wp-image-23176\"  \/>Esther Dom\u00ednguez, Yudy de Ferro y Mauricio Zapata.<\/p>\n<p><img decoding=\"async\" loading=\"lazy\" width=\"760\" height=\"573\" src=\"https:\/\/www.europesays.com\/es\/wp-content\/uploads\/2025\/10\/Leonor-De-la-Cruz_-Karina-Gonzalez-y-Vivian-Saad.jpg\" alt=\"\" class=\"wp-image-23175\"  \/>Leonor De la Cruz, Karina Gonz\u00e1lez y Viv\u00edan Saad.<\/p>\n<p><img decoding=\"async\" loading=\"lazy\" width=\"760\" height=\"548\" src=\"https:\/\/www.europesays.com\/es\/wp-content\/uploads\/2025\/10\/Edith-Aristizabal_-Edith-Diaz-Granados_-Augusto-Yepes-Porto_-Angelica-Santamaria-e-Ignacio-Consuegra.jpeg\" alt=\"\" class=\"wp-image-23174\"  \/>Edith Aristiz\u00e1bal, Edith D\u00edaz Granados, Augusto Yepes Porto, Ang\u00e9lica Santamar\u00eda e Ignacio Consuegra.<\/p>\n<p><img decoding=\"async\" loading=\"lazy\" width=\"760\" height=\"557\" src=\"https:\/\/www.europesays.com\/es\/wp-content\/uploads\/2025\/10\/Gloria-Bonell_-Maria-de-Maury-y-Myriam-De-Ariza.jpg\" alt=\"\" class=\"wp-image-23173\"  \/>Gloria Bonell, Maria de Maury y Myriam De Ariza.<\/p>\n<p><img decoding=\"async\" loading=\"lazy\" width=\"760\" height=\"573\" src=\"https:\/\/www.europesays.com\/es\/wp-content\/uploads\/2025\/10\/Lucy-Giannuzzi_-Ginger-de-Nule-y-Margarita-de-Mancini.jpg\" alt=\"\" class=\"wp-image-23172\"  \/>Lucy Giannuzzi, Ginger de Nule y Margarita de Mancini.<\/p>\n<p><img decoding=\"async\" loading=\"lazy\" width=\"760\" height=\"525\" src=\"https:\/\/www.europesays.com\/es\/wp-content\/uploads\/2025\/10\/Rosario-Movilla_-Gerardo-Gonzalez-Llinas_-Otto-Paternina-y-Linda-Gonzalez-Rubio.jpg\" alt=\"\" class=\"wp-image-23171\"  \/>Rosario Movilla, Gerardo Gonz\u00e1lez Llin\u00e1s, Otto Paternina y Linda Gonz\u00e1lez Rubio.<\/p>\n","protected":false},"excerpt":{"rendered":"Familiares y amigos se reunieron en el Club ABC para acompa\u00f1ar a Jes\u00fas Ferro Bayona durante la presentaci\u00f3n&hellip;\n","protected":false},"author":2,"featured_media":159317,"comment_status":"","ping_status":"","sticky":false,"template":"","format":"standard","meta":{"footnotes":""},"categories":[172],"tags":[224,146,147,25,24,225,23],"class_list":{"0":"post-159316","1":"post","2":"type-post","3":"status-publish","4":"format-standard","5":"has-post-thumbnail","7":"category-libros","8":"tag-books","9":"tag-entertainment","10":"tag-entretenimiento","11":"tag-es","12":"tag-espana","13":"tag-libros","14":"tag-spain"},"share_on_mastodon":{"url":"","error":""},"_links":{"self":[{"href":"https:\/\/www.europesays.com\/es\/wp-json\/wp\/v2\/posts\/159316","targetHints":{"allow":["GET"]}}],"collection":[{"href":"https:\/\/www.europesays.com\/es\/wp-json\/wp\/v2\/posts"}],"about":[{"href":"https:\/\/www.europesays.com\/es\/wp-json\/wp\/v2\/types\/post"}],"author":[{"embeddable":true,"href":"https:\/\/www.europesays.com\/es\/wp-json\/wp\/v2\/users\/2"}],"replies":[{"embeddable":true,"href":"https:\/\/www.europesays.com\/es\/wp-json\/wp\/v2\/comments?post=159316"}],"version-history":[{"count":0,"href":"https:\/\/www.europesays.com\/es\/wp-json\/wp\/v2\/posts\/159316\/revisions"}],"wp:featuredmedia":[{"embeddable":true,"href":"https:\/\/www.europesays.com\/es\/wp-json\/wp\/v2\/media\/159317"}],"wp:attachment":[{"href":"https:\/\/www.europesays.com\/es\/wp-json\/wp\/v2\/media?parent=159316"}],"wp:term":[{"taxonomy":"category","embeddable":true,"href":"https:\/\/www.europesays.com\/es\/wp-json\/wp\/v2\/categories?post=159316"},{"taxonomy":"post_tag","embeddable":true,"href":"https:\/\/www.europesays.com\/es\/wp-json\/wp\/v2\/tags?post=159316"}],"curies":[{"name":"wp","href":"https:\/\/api.w.org\/{rel}","templated":true}]}}