{"id":159328,"date":"2025-10-06T11:35:07","date_gmt":"2025-10-06T11:35:07","guid":{"rendered":"https:\/\/www.europesays.com\/es\/159328\/"},"modified":"2025-10-06T11:35:07","modified_gmt":"2025-10-06T11:35:07","slug":"gonzalez-bueno-responde-a-david-martinez-y-le-reta-a-que-haga-irrevocable-su-apoyo-a-la-opa-del-bbva-economia","status":"publish","type":"post","link":"https:\/\/www.europesays.com\/es\/159328\/","title":{"rendered":"Gonzalez-Bueno responde a David Mart\u00ednez y le reta a que haga irrevocable su apoyo a la opa del BBVA | Econom\u00eda"},"content":{"rendered":"<p class=\"\">La <a href=\"https:\/\/elpais.com\/economia\/2024-05-09\/bbva-lanza-una-opa-hostil-para-comprar-el-sabadell.html\" target=\"_blank\" rel=\"noreferrer nofollow noopener\" title=\"https:\/\/elpais.com\/economia\/2024-05-09\/bbva-lanza-una-opa-hostil-para-comprar-el-sabadell.html\">opa hostil del BBVA<\/a> sobre el Sabadell entra en su semana decisiva. El consejero delegado, C\u00e9sar Gonz\u00e1lez-Bueno, ha respondido <a href=\"https:\/\/elpais.com\/economia\/2025-10-06\/el-inversor-del-sabadell-david-martinez-explica-por-que-va-a-la-opa-esto-no-es-una-batalla-entre-los-montescos-y-capuletos.html\" target=\"_blank\" rel=\"noreferrer nofollow noopener\" title=\"https:\/\/elpais.com\/economia\/2025-10-06\/el-inversor-del-sabadell-david-martinez-explica-por-que-va-a-la-opa-esto-no-es-una-batalla-entre-los-montescos-y-capuletos.html\">a la carta que el consejero d\u00edscolo del banco, David Mart\u00ednez<\/a>, ha publicado este lunes en este peri\u00f3dico, en la que justifica su apoyo a la propuesta del banco vasco. El primer ejecutivo del Sabadell ha retado a este inversor, due\u00f1o de cerca del 4% del capital, a comprometerse con su decisi\u00f3n y hacer irrevocable la venta de sus t\u00edtulos al BBVA.<\/p>\n<p class=\"\">Seg\u00fan ha explicado Gonz\u00e1lez-Bueno, <a href=\"https:\/\/elpais.com\/economia\/2025-09-30\/el-consejo-del-sabadell-rechaza-de-nuevo-la-opa-del-bbva-y-eleva-el-dividendo.html\" target=\"_blank\" rel=\"noreferrer nofollow noopener\" title=\"https:\/\/elpais.com\/economia\/2025-09-30\/el-consejo-del-sabadell-rechaza-de-nuevo-la-opa-del-bbva-y-eleva-el-dividendo.html\">la decisi\u00f3n de Mart\u00ednez <\/a>no es irrevocable, de modo que el inversor mexicano pidi\u00f3 que figurase por escrito, y tampoco ha aclarado si se desprender\u00e1 de toda su participaci\u00f3n o solo de una parte. Esto es, en los cuatro d\u00edas de periodo de aceptaci\u00f3n que quedan por delante, hasta el viernes 10 de octubre, explica que el inversor puede echarse atr\u00e1s y mantener sus acciones o al menos una parte.<\/p>\n<p class=\"\">\u201cNo hay ni una aceptaci\u00f3n irrevocable. Si alguien dice que va a acudir a la oferta preg\u00fantenle si es irrevocable. Si no, puede ir de libre\u201d, ha sugerido el banquero de la empresa que puede ser adquirida por la entidad de origen vasco.<\/p>\n<p class=\"\">Gonz\u00e1lez-Bueno, en este contexto, <a href=\"https:\/\/cincodias.elpais.com\/economia\/2025-09-27\/torres-descarta-una-segunda-opa-al-sabadell-a-un-precio-superior-a-la-primera-ante-las-dudas-del-mercado.html\" target=\"_blank\" rel=\"noreferrer nofollow noopener\" title=\"https:\/\/cincodias.elpais.com\/economia\/2025-09-27\/torres-descarta-una-segunda-opa-al-sabadell-a-un-precio-superior-a-la-primera-ante-las-dudas-del-mercado.html\">ha expresado sus dudas de que el BBVA alcance si quiera el 30% de aceptaci\u00f3n.<\/a> En el caso de que supere ese umbral, y se quede por debajo del 50% que el banco vasco se ha fijado en un principio, el BBVA puede aceptar esa participaci\u00f3n, pero la ley le obligar\u00e1 a lanzar una segunda opa en efectivo. Esta circunstancia puede ser aprovechada por alg\u00fan fondo, seg\u00fan ha indicado Gonz\u00e1lez-Bueno, para \u201chacer de liebre\u201d, de modo que intente forzar que el resto de inversores acudan a la oferta, se supere ese 30% y llegue esa segunda oferta. <\/p>\n<p class=\"\">\u201cQue no hagan de liebre para quedarse luego a la segunda opa. Algunos institucionales quieren que vaya el otro a la primera para que luego vayan ellos a la segunda\u201d, ha asegurado.<\/p>\n<p class=\"\">Igualmente, tambi\u00e9n ha denunciado que el BBVA est\u00e1 haciendo \u201cun seguimiento fort\u00edsimo\u201d. \u201cEst\u00e1n haciendo una b\u00fasqueda exhaustiva de los accionistas. Est\u00e1n llamando a sus propios clientes por si tienen acciones del Sabadell depositadas en otro banco, para que acudan a la opa\u201d, ha explicado. Todo esto sucede mientras que se ha sabido que el banco vasco ha denunciado al catal\u00e1n ante la Comisi\u00f3n Nacional del Mercado de Valores (CNMV) por impedir a sus clientes acudir a la oferta, seg\u00fan desvel\u00f3 este peri\u00f3dico. \u201cNosotros nos hemos limitado a defender a nuestros accionistas. Desde que rechazamos la primera oferta, nos hemos revalorizado m\u00e1s del doble que ellos\u201d, se ha defendido.<\/p>\n<p class=\"\">Pese a sus dudas sobre que el BBVA llegue al 30%, Gonz\u00e1lez-Bueno ha vuelto a poner el acento sobre el efecto que pueda tener una eventual segunda opa sobre el BBVA. En su opini\u00f3n, uno de los problemas es la inc\u00f3gnita sobre el precio, de acuerdo a lo que expresa el art\u00edculo 9.2.e de la normativa de opas. Ha alertado de que el inversor que vaya a la primera oferta se queda sin la opci\u00f3n de un precio que puede ser mejor y surge la inc\u00f3gnita de que, si el mercado baja mucho durante los cuatro meses que dure la segunda opa, el BBVA pueda tener que poner encima de la mesa hasta 12.000 millones, lo que en sus c\u00e1lculos compromete los dividendos durante dos a\u00f1os y medio.<\/p>\n<p class=\"\">\u201cCuando tiras tan cerca del poste para comprar barato no te salen los n\u00fameros. El precio es muy malo. Si el precio fuese muy bueno no discutir\u00edamos de segundas opas\u201d, ha afirmado. <\/p>\n<p class=\"\">Por su parte, el presidente del Sabadell, Josep Oliu, tambi\u00e9n ha valorado hoy la carta del inversor mexicano y ha lamentado que se centre solo en el beneficio: \u201cEntiendo que los clientes no sabes ni qu\u00e9 son, que eres un inversionista de Wall Street y buscas maximizar beneficios\u201d.En una entrevista a RAC1, ha reiterado que el proyecto del banco catal\u00e1n tiene \u201cuna proyecci\u00f3n espa\u00f1ola, con presencia nacional, que ayuda a los empresarios cuando pasan dificultades\u201d, que dista del proyecto internacional de BBVA, en sus palabras.<\/p>\n<p class=\"\">Oliu ha negado sentirse traicionado por Mart\u00ednez, pero ha dejado claro que tienen visiones distintas: \u201cSu motivaci\u00f3n no es la nuestra, que es la de los accionistas minoritarios, de los cuales me siento representado. \u00c9l es un accionista internacional que piensa en el valor, no en el dividendo\u201d, ha puntualizado.<\/p>\n<p class=\"\">En alusi\u00f3n a las sospechas sobre posibles pactos entre BBVA y Mart\u00ednez, de las cuales el accionista mexicano ya se ha desmarcado, Oliu ha admitido creer su versi\u00f3n porque \u201cmanifest\u00f3 desde el primer momento su posici\u00f3n\u201d.<\/p>\n","protected":false},"excerpt":{"rendered":"La opa hostil del BBVA sobre el Sabadell entra en su semana decisiva. El consejero delegado, C\u00e9sar Gonz\u00e1lez-Bueno,&hellip;\n","protected":false},"author":2,"featured_media":159329,"comment_status":"","ping_status":"","sticky":false,"template":"","format":"standard","meta":{"footnotes":""},"categories":[80],"tags":[5219,3287,3285,82,6559,95,94,25,24,2731,3284,6558,9770,6561,23],"class_list":{"0":"post-159328","1":"post","2":"type-post","3":"status-publish","4":"format-standard","5":"has-post-thumbnail","7":"category-economia","8":"tag-banca","9":"tag-banco-sabadell","10":"tag-bbva","11":"tag-business","12":"tag-cesar-gonzalez-bueno","13":"tag-economia","14":"tag-economy","15":"tag-es","16":"tag-espana","17":"tag-finanzas","18":"tag-opa","19":"tag-opa-hostil","20":"tag-operaciones-bancarias","21":"tag-operaciones-corporativas","22":"tag-spain"},"share_on_mastodon":{"url":"","error":""},"_links":{"self":[{"href":"https:\/\/www.europesays.com\/es\/wp-json\/wp\/v2\/posts\/159328","targetHints":{"allow":["GET"]}}],"collection":[{"href":"https:\/\/www.europesays.com\/es\/wp-json\/wp\/v2\/posts"}],"about":[{"href":"https:\/\/www.europesays.com\/es\/wp-json\/wp\/v2\/types\/post"}],"author":[{"embeddable":true,"href":"https:\/\/www.europesays.com\/es\/wp-json\/wp\/v2\/users\/2"}],"replies":[{"embeddable":true,"href":"https:\/\/www.europesays.com\/es\/wp-json\/wp\/v2\/comments?post=159328"}],"version-history":[{"count":0,"href":"https:\/\/www.europesays.com\/es\/wp-json\/wp\/v2\/posts\/159328\/revisions"}],"wp:featuredmedia":[{"embeddable":true,"href":"https:\/\/www.europesays.com\/es\/wp-json\/wp\/v2\/media\/159329"}],"wp:attachment":[{"href":"https:\/\/www.europesays.com\/es\/wp-json\/wp\/v2\/media?parent=159328"}],"wp:term":[{"taxonomy":"category","embeddable":true,"href":"https:\/\/www.europesays.com\/es\/wp-json\/wp\/v2\/categories?post=159328"},{"taxonomy":"post_tag","embeddable":true,"href":"https:\/\/www.europesays.com\/es\/wp-json\/wp\/v2\/tags?post=159328"}],"curies":[{"name":"wp","href":"https:\/\/api.w.org\/{rel}","templated":true}]}}