{"id":159330,"date":"2025-10-06T11:36:09","date_gmt":"2025-10-06T11:36:09","guid":{"rendered":"https:\/\/www.europesays.com\/es\/159330\/"},"modified":"2025-10-06T11:36:09","modified_gmt":"2025-10-06T11:36:09","slug":"carlos-de-barron-el-periodista-de-el-pais-en-la-flotilla-de-gaza-no-hay-medicos-para-animales-como-vosotros-nos-dijeron-los-guardias-israelies-internacional","status":"publish","type":"post","link":"https:\/\/www.europesays.com\/es\/159330\/","title":{"rendered":"Carlos de Barr\u00f3n: El periodista de EL PA\u00cdS en la flotilla de Gaza: \u201cNo hay m\u00e9dicos para animales como vosotros\u2019, nos dijeron los guardias israel\u00edes\u201d | Internacional"},"content":{"rendered":"<p class=\"\">Definir la experiencia que he vivido desde la madrugada del jueves hasta el domingo es muy dif\u00edcil. Pero inhumana y extrema son dos adjetivos que se ajustan a la realidad. Humillaciones, maltrato psicol\u00f3gico, agresiones f\u00edsicas, intimidaciones y, en definitiva, una infinidad de acciones y comportamientos cuyo objetivo era hacernos sentir muy vulnerables. Tanto que, en cualquier momento, un mal gesto o una mala contestaci\u00f3n te pod\u00eda llevar hacia un escenario en el que lo \u00fanico que sab\u00edas era que volver\u00edas en un estado mucho peor. Esto es lo que presenci\u00e9, sufr\u00ed y sent\u00ed desde que al menos cuatro barcos militares israel\u00edes interceptaron el Captain Nikos, la embarcaci\u00f3n en la que <a href=\"https:\/\/elpais.com\/autor\/carlos-barron-garcia\/\" target=\"_self\" rel=\"nofollow noopener\" title=\"https:\/\/elpais.com\/autor\/carlos-barron-garcia\/\">iba a bordo acreditado como periodista<\/a> en <a href=\"https:\/\/elpais.com\/internacional\/2025-10-03\/diario-a-bordo-la-travesia-de-la-flotilla-global-sumud-hacia-gaza.html\" target=\"_self\" rel=\"nofollow noopener\" title=\"https:\/\/elpais.com\/internacional\/2025-10-03\/diario-a-bordo-la-travesia-de-la-flotilla-global-sumud-hacia-gaza.html\">la Global Sumud Flotilla, una misi\u00f3n humanitaria cuyo principal objetivo era llevar ayuda y medicamentos a la franja de Gaza<\/a> hasta el domingo, el d\u00eda en el que 20 compa\u00f1eros y yo fuimos liberados y volvimos a Espa\u00f1a. <\/p>\n<p class=\"\">La noche del mi\u00e9rcoles al jueves se hizo eterna. Sobre las ocho de la tarde, hora peninsular espa\u00f1ola, el Alma, que lideraba la misi\u00f3n, es el primero en ser asaltado por militares armados hasta los dientes. El nivel de alerta es m\u00e1ximo y todos nos preparamos para que llegue ese momento. Comienza entonces un interminable goteo de informaciones sobre embarcaciones asaltadas. En el Captain Nikos vemos de pronto c\u00f3mo un gran buque militar se aproxima y nos ciega con un enorme foco. Todos a bordo nos preparamos para el momento. Sin embargo, en el \u00faltimo momento vemos c\u00f3mo hace un giro y aborda al Spectre, un barco que nos segu\u00eda a poca distancia. Se genera un momento de gran confusi\u00f3n y el capit\u00e1n del barco decide seguir hacia adelante.<\/p>\n<p class=\"\">Hasta en otras tres ocasiones vivimos una situaci\u00f3n similar, con barcos militares rodeando nuestro nav\u00edo, pero sin llegar a intervenir. Finalmente, a las 6.30, ya con los primeros rayos de luz, <a href=\"https:\/\/elpais.com\/internacional\/2025-10-01\/israel-se-prepara-para-interceptar-la-flotilla-hacia-gaza.html\" target=\"_self\" rel=\"nofollow noopener\" title=\"https:\/\/elpais.com\/internacional\/2025-10-01\/israel-se-prepara-para-interceptar-la-flotilla-hacia-gaza.html\">vimos a lo lejos a los que ser\u00edan los soldados que pondr\u00edan fin, con el uso de la fuerza, a la misi\u00f3n humanitaria del Captain Nikos<\/a>.<\/p>\n<p class=\"\">Al menos cuatro barcos nos rodearon y, mientras nos enca\u00f1onaban con sus metralletas, nos exigieron ir a la cubierta del barco. Alrededor de una docena de militares abordaron el nav\u00edo con un mensaje claro en ingl\u00e9s: \u201cEl que no obedezca nuestras \u00f3rdenes sufrir\u00e1 las consecuencias\u201d. Destrozaron las c\u00e1maras, registraron el barco entero y comprobaron que hasta los cuchillos de cocina hab\u00edan sido arrojados al mar para evidenciar el car\u00e1cter no violento de la misi\u00f3n.<\/p>\n<p><img decoding=\"auto\" class=\"_re lazyload a_m-h\" height=\"233\"  width=\"414\"  src=\"https:\/\/www.europesays.com\/es\/wp-content\/uploads\/2025\/10\/EML5534ZP5CZVP7UAKOU43ZS6Q.jpg\" loading=\"lazy\"\/>El periodista Carlos de Barr\u00f3n (izquierda), el jueves pasado, cuando los militares israel\u00edes apresaron la embarcaci\u00f3n en la que viajaba.<\/p>\n<p class=\"\">Alrededor de cinco horas despu\u00e9s, llegamos al puerto israel\u00ed de Asdod. \u201cSomos los primeros\u201d, nos dijo el jefe de los militares sonriendo. Por dentro, empec\u00e9 a pensar si eso supondr\u00eda alguna ventaja, pero solo me ven\u00edan a la cabeza desventajas. Una masa de polic\u00edas nos esperaba y, a un lado, identifiqu\u00e9 a <a href=\"https:\/\/elpais.com\/internacional\/2022-10-31\/itamar-ben-gvir-la-estrella-ultra-de-las-elecciones-en-israel.html\" target=\"_self\" rel=\"nofollow noopener\" title=\"https:\/\/elpais.com\/internacional\/2022-10-31\/itamar-ben-gvir-la-estrella-ultra-de-las-elecciones-en-israel.html\">Itamar Ben Gvir<\/a>, ministro israel\u00ed de Seguridad Nacional y cerebro de la operaci\u00f3n.<\/p>\n<p class=\"\">El miedo se apoder\u00f3 de nosotros. El trato recibido por los militares en el barco fue correcto, mejor incluso de lo esperado, pero percibimos que \u00edbamos a afrontar un nuevo escenario, completamente diferente. Y no tardamos ni un minuto en confirmarlo. En el momento en el que pisamos tierra firme, dos polic\u00edas nos hicieron avanzar unos metros con las manos atr\u00e1s para despu\u00e9s ponernos de rodillas. \u201cSois unos terroristas\u201d, nos fue diciendo Ben Gvir, uno de los miembros m\u00e1s ultras del Ejecutivo de <a href=\"https:\/\/elpais.com\/noticias\/benjamin-netanyahu\/\" target=\"_self\" rel=\"nofollow noopener\" title=\"https:\/\/elpais.com\/noticias\/benjamin-netanyahu\/\">Benjam\u00edn Netanyahu<\/a>, mientras no se nos permit\u00eda ni levantar la cabeza.<\/p>\n<p class=\"\">Tras estar arrodillados un tiempo dif\u00edcil de calcular pero suficiente como para tener dolor en las articulaciones, se procedi\u00f3 al registro y creaci\u00f3n de la ficha policial. Antes de llegar a la nave preparada para ello, uno de los dos polic\u00edas que me escoltaba vio el chaleco de prensa que llevaba puesto y, tras decirme \u201cprensa, \u00bfeh?\u201d, me propin\u00f3 un codazo en la nuca para obligarme a estar con la cabeza agachada, a una altura incluso por debajo de la cintura. En esta postura me mantuvo durante alrededor de una hora, lo que dur\u00f3 el proceso de registro.<\/p>\n<p class=\"\">Poco despu\u00e9s, estuvimos casi tres horas hacinados en un furg\u00f3n policial a altas temperaturas. Las camisetas y el pelo se empaparon de sudor. Eran momentos de mucha angustia. Ante la casi imposibilidad de respirar, las quejas en forma de golpes a las paredes del veh\u00edculo provocaron la reacci\u00f3n de los polic\u00edas, que decidieron entonces poner el aire acondicionado a m\u00e1xima potencia. Con ese fr\u00edo nos mantuvieron durante cinco o seis horas, hasta que llegamos a la prisi\u00f3n. Las risas de los guardias al vernos bajar congelados de fr\u00edo las acompa\u00f1aban con comentarios como \u201cpobres terroristas\u201d.<\/p>\n<p class=\"\">All\u00ed nos llevaron a una celda a cielo abierto, donde me reencontr\u00e9 con algunas personas de mi barco y, fundidos en un abrazo, lloramos juntos. Tambi\u00e9n pude ver c\u00f3mo Lionel Simonin y Pascal Andr\u00e9, tambi\u00e9n tripulantes del Captain Nikos, eran transportados con los ojos vendados y los grilletes de pies y manos puestos. Adem\u00e1s, observ\u00e9 agobiado c\u00f3mo el primero de ellos ten\u00eda una visible marca en la cara, fruto de una agresi\u00f3n.<\/p>\n<p class=\"\">El fr\u00edo aumentaba y pas\u00e9 varias horas en esa jaula hasta que me pusieron el uniforme carcelario y me llevaron hasta una celda de un m\u00f3dulo cercano. Hab\u00edan pasado ya m\u00e1s de 12 horas desde la detenci\u00f3n y se me deneg\u00f3 el acceso a comida o agua potable. Poco despu\u00e9s de conciliar el sue\u00f1o, se produjeron repetidas irrupciones de guardias carcelarios. Unas veces para hacer recuento, otras para a\u00f1adir m\u00e1s reclusos a la celda.<\/p>\n<p class=\"\">Este patr\u00f3n se repiti\u00f3 durante las tres noches que estuve en la c\u00e1rcel del sur de Israel. Pero con varios a\u00f1adidos. Entre seis y ocho agentes, armados con fusiles de asalto, pistolas, escopetas y gas pimienta, irrump\u00edan cada dos o tres horas cuando ca\u00eda el sol. A veces incluso con perros.<\/p>\n<p class=\"\">Nos enca\u00f1onaban en partes vitales del cuerpo como el coraz\u00f3n o la cabeza. El puntero l\u00e1ser verde de las armas se pod\u00eda ver sobre varios de presos. De forma totalmente aleatoria, eleg\u00edan a cuatro, cinco o incluso seis personas y las cambiaban de celda. En dos ocasiones fui uno de los seleccionados. Entraba en la nueva celda completamente atemorizado y con la esperanza de ver alguna cara conocida. En una ocasi\u00f3n no quedaban colchonetas libres, por lo que me tuve que hacer una cama con las mantas que me dejaron otros reclusos. Ped\u00ed que se me proporcionase una, pero la respuesta del guardia fue traerme otra manta m\u00e1s<\/p>\n<p class=\"\">Durante el d\u00eda no se nos permit\u00eda salir de la celda, un privilegio reservado solo para aquellos a los que se les autoriz\u00f3 a tener apoyo consular. En el caso de los espa\u00f1oles, fueron menos de 10 personas y la mayor\u00eda de ellas con una reuni\u00f3n de un minuto.<\/p>\n<p class=\"\">El acceso a medicinas tampoco estaba permitido. Dos personas del m\u00f3dulo en el que me encontraba padec\u00edan diabetes y estuvieron tres d\u00edas sin recibir insulina ni atenci\u00f3n m\u00e9dica. Cuando se exigi\u00f3 un doctor, la respuesta inicial fue: \u201cNo hay m\u00e9dicos para animales como vosotros\u201d. Otro preso sufri\u00f3 un ataque de asma y el especialista sanitario tardo m\u00e1s de tres horas en llegar. Una mujer de 70 a\u00f1os ten\u00eda problemas de coraz\u00f3n y necesitaba tomar unas pastillas. Al pedirlas, la respuesta que recibi\u00f3 fue: \u201cSer\u00e1 un problema cuando se le pare el coraz\u00f3n\u201d.<\/p>\n<p class=\"\">Maheb, un ciudadano tunecino de 29 a\u00f1os, me mostr\u00f3, cuando compartimos celda, c\u00f3mo ten\u00eda el costado derecho lleno de moratones. \u201cEn el puerto, llevaba pegatinas de Palestina en los bolsillos y la bandera. Grit\u00e9 Free Palestine antes de desembarcar. Cuando me cogieron, me llevaron a una sala individual y estuvieron 15 minutos peg\u00e1ndome mientras estaba en el suelo\u201d, me cont\u00f3 en la celda. <\/p>\n<p class=\"\">Nunca tuvimos acceso a agua potable. Cada vez que lo ped\u00edamos, los guardias respond\u00edas con sonrisas o con un \u201cdespu\u00e9s, despu\u00e9s\u201d, que nunca llegaba. La comida estaba en un estado muy cuestionable en la mayor\u00eda de ocasiones. En otras, directamente caducada, como se pod\u00eda ver en la c\u00e1scara de los huevos cocidos que nos daban.<\/p>\n<p class=\"\">Por \u00faltimo, en cada interacci\u00f3n que hab\u00eda con los agentes carcelarios, buscaban siempre la provocaci\u00f3n para que hubiese una reacci\u00f3n por parte de los presos. De esta forma, ten\u00edan carta blanca para aislarle y dejarle durante horas al sol, atado con grilletes de pies y manos.<\/p>\n<p class=\"\">Lo vivido en la prisi\u00f3n nos llevaba siempre a todos los reclusos a una reflexi\u00f3n com\u00fan. Si han sido capaces de tratarnos as\u00ed a nosotros, muchos de los cuales somos occidentales y de pa\u00edses que mantienen relaciones con Israel, <a href=\"https:\/\/elpais.com\/podcasts\/hoy-en-el-pais\/2025-09-24\/podcast-gaza-huir-con-hambre-y-sin-esperanza.html\" target=\"_self\" rel=\"nofollow noopener\" title=\"https:\/\/elpais.com\/podcasts\/hoy-en-el-pais\/2025-09-24\/podcast-gaza-huir-con-hambre-y-sin-esperanza.html\">qu\u00e9 no har\u00e1n con los presos palestinos<\/a>. El sentimiento de impunidad total que se ha percibido ha sido una de las grandes frustraciones de todos los que est\u00e1bamos presos, pero tambi\u00e9n de los que siguen ah\u00ed, que se calcula que son m\u00e1s de 200. Muchos en huelga de hambre.<\/p>\n","protected":false},"excerpt":{"rendered":"Definir la experiencia que he vivido desde la madrugada del jueves hasta el domingo es muy dif\u00edcil. Pero&hellip;\n","protected":false},"author":2,"featured_media":159331,"comment_status":"","ping_status":"","sticky":false,"template":"","format":"standard","meta":{"footnotes":""},"categories":[42],"tags":[17,18,68,70,71,72,13,14,46809,73,69,75,11,61,62,63,64,74,19,20,9,10,15,16,77,76,12,21,22,65,66,67],"class_list":{"0":"post-159330","1":"post","2":"type-post","3":"status-publish","4":"format-standard","5":"has-post-thumbnail","7":"category-internacional","8":"tag-breaking-news","9":"tag-breakingnews","10":"tag-conflicto-arabe-israeli","11":"tag-conflictos","12":"tag-conflictos-armados","13":"tag-conflictos-internacionales","14":"tag-featured-news","15":"tag-featurednews","16":"tag-flotillas-ayuda-gaza","17":"tag-franja-gaza","18":"tag-guerra","19":"tag-hamas","20":"tag-headlines","21":"tag-internacional","22":"tag-international","23":"tag-international-news","24":"tag-internationalnews","25":"tag-israel","26":"tag-latest-news","27":"tag-latestnews","28":"tag-news","29":"tag-noticias","30":"tag-noticias-destacadas","31":"tag-noticiasdestacadas","32":"tag-oriente-proximo","33":"tag-palestina","34":"tag-titulares","35":"tag-ultimas-noticias","36":"tag-ultimasnoticias","37":"tag-world","38":"tag-world-news","39":"tag-worldnews"},"share_on_mastodon":{"url":"","error":""},"_links":{"self":[{"href":"https:\/\/www.europesays.com\/es\/wp-json\/wp\/v2\/posts\/159330","targetHints":{"allow":["GET"]}}],"collection":[{"href":"https:\/\/www.europesays.com\/es\/wp-json\/wp\/v2\/posts"}],"about":[{"href":"https:\/\/www.europesays.com\/es\/wp-json\/wp\/v2\/types\/post"}],"author":[{"embeddable":true,"href":"https:\/\/www.europesays.com\/es\/wp-json\/wp\/v2\/users\/2"}],"replies":[{"embeddable":true,"href":"https:\/\/www.europesays.com\/es\/wp-json\/wp\/v2\/comments?post=159330"}],"version-history":[{"count":0,"href":"https:\/\/www.europesays.com\/es\/wp-json\/wp\/v2\/posts\/159330\/revisions"}],"wp:featuredmedia":[{"embeddable":true,"href":"https:\/\/www.europesays.com\/es\/wp-json\/wp\/v2\/media\/159331"}],"wp:attachment":[{"href":"https:\/\/www.europesays.com\/es\/wp-json\/wp\/v2\/media?parent=159330"}],"wp:term":[{"taxonomy":"category","embeddable":true,"href":"https:\/\/www.europesays.com\/es\/wp-json\/wp\/v2\/categories?post=159330"},{"taxonomy":"post_tag","embeddable":true,"href":"https:\/\/www.europesays.com\/es\/wp-json\/wp\/v2\/tags?post=159330"}],"curies":[{"name":"wp","href":"https:\/\/api.w.org\/{rel}","templated":true}]}}