{"id":159344,"date":"2025-10-06T11:50:08","date_gmt":"2025-10-06T11:50:08","guid":{"rendered":"https:\/\/www.europesays.com\/es\/159344\/"},"modified":"2025-10-06T11:50:08","modified_gmt":"2025-10-06T11:50:08","slug":"la-8a-edicion-de-rodando-paginas-del-libro-a-las-pantallas-anuncia-su-programacion-completa","status":"publish","type":"post","link":"https:\/\/www.europesays.com\/es\/159344\/","title":{"rendered":"La 8\u00aa edici\u00f3n de Rodando p\u00e1ginas, del libro a las pantallas anuncia su programaci\u00f3n completa"},"content":{"rendered":"<p style=\"text-align: justify;\"><strong>Rodando P\u00e1ginas, del libro a las pantallas<\/strong>, que se celebrar\u00e1 en Madrid del 13 al 15 de octubre, <strong>desvela el programa completo de su 8\u00aa edici\u00f3n<\/strong>, que re\u00fane a algunas de las personalidades m\u00e1s creativas e influyentes del panorama de la industria audiovisual, literaria y medi\u00e1tica. Adem\u00e1s de pitchings de las editoriales participantes con una oferta de obras con especial potencial de adaptaci\u00f3n, habr\u00e1 mesas redondas, talleres y conferencias abordando tem\u00e1ticas candentes en el \u00e1mbito de las adaptaciones al audiovisual.<\/p>\n<p style=\"text-align: justify;\">As\u00ed, durante las 3 jornadas dedicadas a las sinergias entre la industria literaria y la audiovisual se suceder\u00e1n mesas redondas como \u201c<strong>Del escenario al libro y del libro a la gran pantalla<\/strong>\u00ab, \u201c<strong>Interconexiones creativas. F\u00f3rmulas para el desarrollo de sinergias entre el sector editorial y audiovisual<\/strong>\u201d, \u201c<strong>De escribir historias a construir mundos<\/strong>\u201d, \u201c<strong>Historias que viajan: de la vi\u00f1eta a la pantalla<\/strong>\u201d, \u201c<strong>Alfabetizaci\u00f3n en IA: m\u00e1s que una obligaci\u00f3n legal, una oportunidad<\/strong>\u00ab, o \u201c<strong>La adaptaci\u00f3n de podcasts en la era de la convergencia<\/strong>\u201d. Adem\u00e1s los asistentes podr\u00e1n participar en los talleres que abordar\u00e1n las f\u00f3rmulas y tendencias sobre \u201c<strong>C\u00f3mo contar historias en el siglo XXI<\/strong>\u00ab\u201d, o conocer m\u00e1s a fondo la plataforma de lectura social y de escritura en l\u00ednea \u201c<strong>WHATTPAD: un oc\u00e9ano de historias compartidas<\/strong>\u201d.<\/p>\n<p style=\"text-align: justify;\">25 profesionales participar\u00e1n como ponentes en distintas actividades (toda la informaci\u00f3n ya est\u00e1 disponible en la web rodandopaginas.com, entre los que destacan nombres como Alejo Stivel, productor musical, fundador, compositor y cantante de Tequila; Sergi Reitg, Vicepresidente de Sony Music Vision; Daniel Calabuig, fundador y director creativo de Patrones y Escondites; Jimina Sabad\u00fa, periodista, escritora, guionista locutora, y cr\u00edtica de cine en El Pa\u00eds; Manuel Crist\u00f3bal, productor de \u2018Arrugas\u2019 \u2019entre otras adaptaciones de c\u00f3mic al cine y director del Festival de Cine Europeo de Sevilla; Alberto V\u00e1zquez, director de cine, animador, ilustrador y novelista gr\u00e1fico, ganador del Goya a mejor pel\u00edcula de animaci\u00f3n en 2017 (\u2018Psiconautas\u2019) y en 2022 (\u2018Unicorn Wars\u2019); Roger Casas-Alatriste, fundador de El Ca\u00f1onazo; Francisco Asensi, Asesor Senior en Spain Audiovisual Hub; Mar Vila Barcel\u00f3, directora de desarrollo y producci\u00f3n internacional en Wattpad WEBTOON Studios; Mar\u00eda Jes\u00fas Espinosa de los Monteros, directora de La Coproductora, o Manuel Bartual, guionista, director y premio Ondas al mejor Podcast.<\/p>\n<p>                                <b class=\"proprietary\">\u00a9 REPRODUCCI\u00d3N CONFIDENCIAL<\/b><\/p>\n","protected":false},"excerpt":{"rendered":"Rodando P\u00e1ginas, del libro a las pantallas, que se celebrar\u00e1 en Madrid del 13 al 15 de octubre,&hellip;\n","protected":false},"author":2,"featured_media":159345,"comment_status":"","ping_status":"","sticky":false,"template":"","format":"standard","meta":{"footnotes":""},"categories":[172],"tags":[224,146,147,25,24,225,23],"class_list":{"0":"post-159344","1":"post","2":"type-post","3":"status-publish","4":"format-standard","5":"has-post-thumbnail","7":"category-libros","8":"tag-books","9":"tag-entertainment","10":"tag-entretenimiento","11":"tag-es","12":"tag-espana","13":"tag-libros","14":"tag-spain"},"share_on_mastodon":{"url":"","error":""},"_links":{"self":[{"href":"https:\/\/www.europesays.com\/es\/wp-json\/wp\/v2\/posts\/159344","targetHints":{"allow":["GET"]}}],"collection":[{"href":"https:\/\/www.europesays.com\/es\/wp-json\/wp\/v2\/posts"}],"about":[{"href":"https:\/\/www.europesays.com\/es\/wp-json\/wp\/v2\/types\/post"}],"author":[{"embeddable":true,"href":"https:\/\/www.europesays.com\/es\/wp-json\/wp\/v2\/users\/2"}],"replies":[{"embeddable":true,"href":"https:\/\/www.europesays.com\/es\/wp-json\/wp\/v2\/comments?post=159344"}],"version-history":[{"count":0,"href":"https:\/\/www.europesays.com\/es\/wp-json\/wp\/v2\/posts\/159344\/revisions"}],"wp:featuredmedia":[{"embeddable":true,"href":"https:\/\/www.europesays.com\/es\/wp-json\/wp\/v2\/media\/159345"}],"wp:attachment":[{"href":"https:\/\/www.europesays.com\/es\/wp-json\/wp\/v2\/media?parent=159344"}],"wp:term":[{"taxonomy":"category","embeddable":true,"href":"https:\/\/www.europesays.com\/es\/wp-json\/wp\/v2\/categories?post=159344"},{"taxonomy":"post_tag","embeddable":true,"href":"https:\/\/www.europesays.com\/es\/wp-json\/wp\/v2\/tags?post=159344"}],"curies":[{"name":"wp","href":"https:\/\/api.w.org\/{rel}","templated":true}]}}