{"id":159414,"date":"2025-10-06T12:59:13","date_gmt":"2025-10-06T12:59:13","guid":{"rendered":"https:\/\/www.europesays.com\/es\/159414\/"},"modified":"2025-10-06T12:59:13","modified_gmt":"2025-10-06T12:59:13","slug":"las-pequenas-librerias-hacen-frente-a-los-descuentos-del-black-friday-en-la-3a-edicion-del-book-friday","status":"publish","type":"post","link":"https:\/\/www.europesays.com\/es\/159414\/","title":{"rendered":"Las peque\u00f1as librer\u00edas hacen frente a los descuentos del Black Friday en la 3\u00aa edici\u00f3n del &#8216;Book Friday&#8217;"},"content":{"rendered":"<p data-gtm-element-container=\"modulo-texto-link\" class=\"paragraph\">La Cuesta de Moyano impulsa esta cita en la que se premiar\u00e1 a los clientes con un sorteo de 240 euros en libros<\/p>\n<p data-gtm-element-container=\"modulo-texto-link\" class=\"paragraph\">MADRID, 6 (EUROPA PRESS)\n\t\t\t\t<\/p>\n<p data-gtm-element-container=\"modulo-texto-link\" class=\"paragraph\">La propuesta del &#8216;Book Friday&#8217;, una alternativa a los descuentos del Black Friday, celebra su tercera edici\u00f3n del 28 al 30 de noviembre en toda Espa\u00f1a y cuyo epicentro se ubicar\u00e1 en la ic\u00f3nica Cuesta de Moyano, en Madrid, donde se instalar\u00e1n 15 casetas con actividades, presentaciones y firmas de libros durante todo el fin de semana.\n\t\t\t\t<\/p>\n<p data-gtm-element-container=\"modulo-texto-link\" class=\"paragraph\">El proyecto, impulsado por la Asociaci\u00f3n Soy de la Cuesta a partir de una idea del librero Hugo Prestel, se ha consolidado como un reconocimiento al papel de las librer\u00edas peque\u00f1as e independientes, que mantienen vivas comunidades lectoras con modelos de gesti\u00f3n sostenibles.\n\t\t\t\t<\/p>\n<p data-gtm-element-container=\"modulo-texto-link\" class=\"paragraph\">Seg\u00fan ha indicado la asociaci\u00f3n en un comunicado, este a\u00f1o, el &#8216;Book Friday&#8217; contar\u00e1 con la participaci\u00f3n simult\u00e1nea de m\u00e1s de 60 librer\u00edas de 35 localidades espa\u00f1olas y algunos puntos de Europa. Durante el evento no habr\u00e1 descuentos, pero s\u00ed se premiar\u00e1 a quienes compren libros con un n\u00famero para un sorteo de 240 euros en libros.\n\t\t\t\t<\/p>\n<p data-gtm-element-container=\"modulo-texto-link\" class=\"paragraph\">El programa incluir\u00e1 presentaciones y coloquios con autores como Sergio del Molino, Alice Kellen, Marcos Giralt Torrente, Javier Sierra, Patricio Pron, Berta V\u00edas Mahou, Lana Corujo, Elisa Fern\u00e1ndez Guzm\u00e1n, Adriana Murad Konings, Esther Ferrero, Pablo Cerezo, Laura Pi\u00f1ero y Helena Mari\u00f1o.\n\t\t\t\t<\/p>\n<p data-gtm-element-container=\"modulo-texto-link\" class=\"paragraph\">Adem\u00e1s, bajo el lema &#8216;Historias del mundo material en la literatura&#8217;, las actividades llegar\u00e1n por primera vez a espacios sociales y educativos. En concreto, se organizar\u00e1n encuentros en los centros penitenciarios de Soto del Real y Valdemoro, en la Biblioteca El Fanal de La Ca\u00f1ada Real y en el Centro de menores El Laurel, entre otros.\n\t\t\t\t<\/p>\n<p data-gtm-element-container=\"modulo-texto-link\" class=\"paragraph\">Del mismo modo, la edici\u00f3n de este a\u00f1o ampl\u00eda sus colaboraciones con instituciones y espacios culturales de la regi\u00f3n. La Casa Encendida, las bibliotecas p\u00fablicas y el Museo Casa Natal de Cervantes, en Alcal\u00e1 de Henares, participar\u00e1n en la programaci\u00f3n. Tambi\u00e9n destaca la iniciativa conjunta con Metro de Madrid, que acoger\u00e1 una acci\u00f3n especial en la estaci\u00f3n de Nuevos Ministerios el 28 de noviembre, de 11.30 a 15.30 horas, con venta de libros y firmas de autores.\n\t\t\t\t<\/p>\n<p data-gtm-element-container=\"modulo-texto-link\" class=\"paragraph\">El Book Friday incluir\u00e1 igualmente propuestas familiares, como el taller de c\u00e1psulas literarias de Chiquitectos, y actividades que combinan distintas disciplinas art\u00edsticas, como &#8216;El Sonido del Proyector&#8217;, un homenaje al cine mudo, la m\u00fasica electr\u00f3nica y la literatura, a cargo de Fran Nu\u00f1o.\n\t\t\t\t<\/p>\n<p data-gtm-element-container=\"modulo-texto-link\" class=\"paragraph\">La Asociaci\u00f3n Soy de la Cuesta, titular del registro de la marca Book Friday, ha avanzado que la programaci\u00f3n completa para este 2025 se desvelar\u00e1 el pr\u00f3ximo 1 de noviembre en la web (www.bookfriday.org).\n\t\t\t\t<\/p>\n","protected":false},"excerpt":{"rendered":"La Cuesta de Moyano impulsa esta cita en la que se premiar\u00e1 a los clientes con un sorteo&hellip;\n","protected":false},"author":2,"featured_media":159415,"comment_status":"","ping_status":"","sticky":false,"template":"","format":"standard","meta":{"footnotes":""},"categories":[172],"tags":[224,146,147,25,24,225,23],"class_list":{"0":"post-159414","1":"post","2":"type-post","3":"status-publish","4":"format-standard","5":"has-post-thumbnail","7":"category-libros","8":"tag-books","9":"tag-entertainment","10":"tag-entretenimiento","11":"tag-es","12":"tag-espana","13":"tag-libros","14":"tag-spain"},"share_on_mastodon":{"url":"","error":""},"_links":{"self":[{"href":"https:\/\/www.europesays.com\/es\/wp-json\/wp\/v2\/posts\/159414","targetHints":{"allow":["GET"]}}],"collection":[{"href":"https:\/\/www.europesays.com\/es\/wp-json\/wp\/v2\/posts"}],"about":[{"href":"https:\/\/www.europesays.com\/es\/wp-json\/wp\/v2\/types\/post"}],"author":[{"embeddable":true,"href":"https:\/\/www.europesays.com\/es\/wp-json\/wp\/v2\/users\/2"}],"replies":[{"embeddable":true,"href":"https:\/\/www.europesays.com\/es\/wp-json\/wp\/v2\/comments?post=159414"}],"version-history":[{"count":0,"href":"https:\/\/www.europesays.com\/es\/wp-json\/wp\/v2\/posts\/159414\/revisions"}],"wp:featuredmedia":[{"embeddable":true,"href":"https:\/\/www.europesays.com\/es\/wp-json\/wp\/v2\/media\/159415"}],"wp:attachment":[{"href":"https:\/\/www.europesays.com\/es\/wp-json\/wp\/v2\/media?parent=159414"}],"wp:term":[{"taxonomy":"category","embeddable":true,"href":"https:\/\/www.europesays.com\/es\/wp-json\/wp\/v2\/categories?post=159414"},{"taxonomy":"post_tag","embeddable":true,"href":"https:\/\/www.europesays.com\/es\/wp-json\/wp\/v2\/tags?post=159414"}],"curies":[{"name":"wp","href":"https:\/\/api.w.org\/{rel}","templated":true}]}}