{"id":159418,"date":"2025-10-06T13:05:11","date_gmt":"2025-10-06T13:05:11","guid":{"rendered":"https:\/\/www.europesays.com\/es\/159418\/"},"modified":"2025-10-06T13:05:11","modified_gmt":"2025-10-06T13:05:11","slug":"la-libertad-creativa-y-la-fusion-de-disciplinas-artisticas-se-hacen-presentes-en-bad","status":"publish","type":"post","link":"https:\/\/www.europesays.com\/es\/159418\/","title":{"rendered":"La libertad creativa y la fusi\u00f3n de disciplinas art\u00edsticas se hacen presentes en BAD"},"content":{"rendered":"<p>\t\t\t\t\t<img width=\"880\" height=\"495\" src=\"https:\/\/www.europesays.com\/es\/wp-content\/uploads\/2025\/10\/IMG_5781-880x495.jpg\" class=\"attachment-noticia size-noticia wp-post-image\" alt=\"La libertad creativa y la fusi\u00f3n de disciplinas art\u00edsticas se hacen presentes en BAD\" decoding=\"async\" fetchpriority=\"high\"  \/>\t\t\t\t<\/p>\n<p>         \t<a href=\"https:\/\/laugelu.com\/es\/?rp_banner_movil\" target=\"_blank\" rel=\"nofollow noopener\" onclick=\"ga(&#039;send&#039;, &#039;event&#039;, &#039;Publicidad&#039;, &#039;Laugelu&#039;, &#039;banner_movil&#039;, 1);\"><\/p>\n<p>\t\t\t \t\t\t\t\t \t\t\t\t\t \t<img decoding=\"async\" class=\"d-xl-none mb-3 w-100\" src=\"https:\/\/www.europesays.com\/es\/wp-content\/uploads\/2025\/10\/movil-Laugelu-Euskal-jantziak-960x300-1.jpg\" alt=\"Banner de Laugelu en Bilbao\" width=\"320\" height=\"100\" loading=\"lazy\"\/><\/p>\n<p>\t\t  \t<\/a><\/p>\n<p>Hoy se ha presentado la 27. edici\u00f3n del BAD, Festival de Teatro y Danza Contempor\u00e1nea de Bilbao, donde Gonzalo Olabarria, concejal de Cultura y Gobernanza del Ayuntamiento de Bilbao y Alicia Otxandategi, directora de BAD, presentaron esta ma\u00f1ana el programa y las diversas actividades del festival. El programa, que cuenta con un total de 19 presentaciones, se extender\u00e1 entre el 16 y 26 de octubre oscilando entre los espacios habituales de <strong>Harrobia<\/strong>, la\u00a0<strong>Sala Kupula Aretoa del Teatro Campos<\/strong>,<strong>\u00a0La Fundici\u00f3n<\/strong>\u00a0y\u00a0<strong>Bilborock<\/strong>, a los que se une el\u00a0<strong>Centro Municipal de San Francisco.<\/strong><\/p>\n<p data-start=\"1169\" data-end=\"1404\">La imagen de esta edici\u00f3n, protagonizada por un rostro de est\u00e9tica ambigua y llamativa, representa la libertad creativa, la apertura a lo inesperado y la fusi\u00f3n de disciplinas art\u00edsticas, conceptos que definen el esp\u00edritu del festival. Esta a\u00f1o, el BAD estrena cuatro espect\u00e1culos novedosos en Euskadi y tres absolutas, destacando las obras de Ibon Salvador, Ana Cotor\u00e9 y Pablo Fidalgo.<\/p>\n<p data-start=\"1406\" data-end=\"1917\">Por otro a\u00f1o consecutivo, BAD colabora con la Asociaci\u00f3n de Profesionales de la Danza del Pa\u00eds Vasco, ADDE, donde\u00a0 ofrecer\u00e1n gratuitamente las <strong data-start=\"1500\" data-end=\"1558\">jornadas profesionales sobre la transici\u00f3n en la danza<\/strong>, que tendr\u00e1n lugar el 24 de octubre en el centro municipal San Francisco y abordar\u00e1n temas clave como el acompa\u00f1amiento a artistas en procesos de cambio profesional. Por otro lado, otra funci\u00f3n gratuoita que se incluye en el programa del festival es la acci\u00f3n performativa \u201c<strong data-start=\"1733\" data-end=\"1753\">FREE Tour-Bilbao<\/strong>\u201d, una cr\u00edtica teatral a la turistificaci\u00f3n liderada por <strong data-start=\"1810\" data-end=\"1848\">Perpet\u00fba Vastarda (Nuria Hernando)<\/strong>, que se construir\u00e1 con participaci\u00f3n de vecinos y vecinas de Bilbao.<\/p>\n<p data-start=\"2195\" data-end=\"2395\">En l\u00ednea con el compromiso medioambiental del Ayuntamiento, BAD vuelve a contar con el certificado <strong data-start=\"2294\" data-end=\"2312\">Erronka Garbia<\/strong>, que reconoce a los eventos que integran criterios sostenibles en su organizaci\u00f3n.<\/p>\n<p data-start=\"2397\" data-end=\"2671\">Las <strong data-start=\"2401\" data-end=\"2413\">entradas<\/strong> est\u00e1n a la venta en la web del festival (<strong data-start=\"2468\" data-end=\"2489\"><a class=\"decorated-link cursor-pointer\" target=\"_new\" rel=\"noopener\" data-start=\"2470\" data-end=\"2487\">www.badbilbao.eus<\/a><\/strong>) y en las plataformas de <strong data-start=\"2515\" data-end=\"2531\">La Fundici\u00f3n<\/strong> y <strong data-start=\"2534\" data-end=\"2559\">Teatro Campos El\u00edseos<\/strong>, con un precio anticipado de 8 euros hasta el 16 de octubre, y de 10 euros a partir de esa fecha y en taquilla.<\/p>\n","protected":false},"excerpt":{"rendered":"Hoy se ha presentado la 27. edici\u00f3n del BAD, Festival de Teatro y Danza Contempor\u00e1nea de Bilbao, donde&hellip;\n","protected":false},"author":2,"featured_media":159419,"comment_status":"","ping_status":"","sticky":false,"template":"","format":"standard","meta":{"footnotes":""},"categories":[91],"tags":[8539,13776,47402,146,147,25,24,23,1651],"class_list":{"0":"post-159418","1":"post","2":"type-post","3":"status-publish","4":"format-standard","5":"has-post-thumbnail","7":"category-entretenimiento","8":"tag-bad","9":"tag-danza","10":"tag-el-festival-de-teatro-y-danza-contemporanea-de-bilbao","11":"tag-entertainment","12":"tag-entretenimiento","13":"tag-es","14":"tag-espana","15":"tag-spain","16":"tag-teatro"},"share_on_mastodon":{"url":"","error":""},"_links":{"self":[{"href":"https:\/\/www.europesays.com\/es\/wp-json\/wp\/v2\/posts\/159418","targetHints":{"allow":["GET"]}}],"collection":[{"href":"https:\/\/www.europesays.com\/es\/wp-json\/wp\/v2\/posts"}],"about":[{"href":"https:\/\/www.europesays.com\/es\/wp-json\/wp\/v2\/types\/post"}],"author":[{"embeddable":true,"href":"https:\/\/www.europesays.com\/es\/wp-json\/wp\/v2\/users\/2"}],"replies":[{"embeddable":true,"href":"https:\/\/www.europesays.com\/es\/wp-json\/wp\/v2\/comments?post=159418"}],"version-history":[{"count":0,"href":"https:\/\/www.europesays.com\/es\/wp-json\/wp\/v2\/posts\/159418\/revisions"}],"wp:featuredmedia":[{"embeddable":true,"href":"https:\/\/www.europesays.com\/es\/wp-json\/wp\/v2\/media\/159419"}],"wp:attachment":[{"href":"https:\/\/www.europesays.com\/es\/wp-json\/wp\/v2\/media?parent=159418"}],"wp:term":[{"taxonomy":"category","embeddable":true,"href":"https:\/\/www.europesays.com\/es\/wp-json\/wp\/v2\/categories?post=159418"},{"taxonomy":"post_tag","embeddable":true,"href":"https:\/\/www.europesays.com\/es\/wp-json\/wp\/v2\/tags?post=159418"}],"curies":[{"name":"wp","href":"https:\/\/api.w.org\/{rel}","templated":true}]}}