{"id":159430,"date":"2025-10-06T13:12:10","date_gmt":"2025-10-06T13:12:10","guid":{"rendered":"https:\/\/www.europesays.com\/es\/159430\/"},"modified":"2025-10-06T13:12:10","modified_gmt":"2025-10-06T13:12:10","slug":"los-novilleros-pedro-andres-y-tomas-gonzalez-salen-a-hombros-en-mojados","status":"publish","type":"post","link":"https:\/\/www.europesays.com\/es\/159430\/","title":{"rendered":"Los novilleros Pedro Andr\u00e9s y Tom\u00e1s Gonz\u00e1lez salen a hombros en Mojados"},"content":{"rendered":"<p>Mojados puso fin a la temporada taurina en Valladolid y provincia en una tarde muy desapacible, donde los novilleros Pedro Andr\u00e9s (cuatro orejas) y Tom\u00e1s Gonz\u00e1lez (ovaci\u00f3n y dos orejas, que sustituy\u00f3 al anunciado Joselito de C\u00f3rdoba), brillaron en una buena tarde de toros. Hubo un cuarto de entrada.<\/p>\n<p>La rejoneadora Roc\u00edo Arrogante no tuvo su tarde y, aunque su rejoneo cl\u00e1sico es vistoso y llega al p\u00fablico, no utiliz\u00f3 bien los aceros y escuch\u00f3 dos silencios. En el segundo de su lote, tras un interminable tiempo con el descabello, sonaron los tres avisos y el novillo fue devuelto a los corrales.<\/p>\n<p>Remat\u00f3 al animal con la cruceta el novillero vitoriano Pedro Andr\u00e9s, que contin\u00faa imparable en una temporada cumbre, y donde se ve sobrado de t\u00e9cnica y muy variado con las telas toreras. Y con la espada es un aut\u00e9ntico ca\u00f1\u00f3n. Esta tarde en Mojados volvi\u00f3 a recibir a uno de sus oponentes a la puerta de chiqueros.<\/p>\n<p>La pe\u00f1a que este diestro tiene en Mojados estuvo muy animosa con su torero toda la tarde.<\/p>\n<p>De Tom\u00e1s Gonz\u00e1lez destacamos su toreo al natural y su firmeza ante los encastados novillos que sorte\u00f3, uno de ellos precioso de hechuras y con pelaje salinero. Con el primero se atasc\u00f3 con los aceros y recibi\u00f3 una ovaci\u00f3n. Al que cerraba festejo le cort\u00f3 las dos orejas tras una faena vistosa y bien rematada con la espada.<\/p>\n<p>Los dos novilleros salieron a hombros por la puerta grande. Y el pr\u00f3ximo martes d\u00eda 7, ambos est\u00e1n anunciados en Zaragoza con una novillada de l hierro salmantino de Ignacio P\u00e9rez Tabernero.<\/p>\n<p>Ameniz\u00f3 la tarde con sus pasodobles la Uni\u00f3n Musical \u00abEl Pend\u00f3n\u00bb, de Laguna de Duero. La presidencia estuvo a cargo del alcalde mojadense Adolfo L\u00f3pez Ramiro, auxiliado en labores de asesor por el aficionado cuellarano Juan Pablo de Benito.<\/p>\n","protected":false},"excerpt":{"rendered":"Mojados puso fin a la temporada taurina en Valladolid y provincia en una tarde muy desapacible, donde los&hellip;\n","protected":false},"author":2,"featured_media":159431,"comment_status":"","ping_status":"","sticky":false,"template":"","format":"standard","meta":{"footnotes":""},"categories":[277],"tags":[373,2760,168,25,24,26981,6733,23,167,625,374,444,1607,491],"class_list":{"0":"post-159430","1":"post","2":"type-post","3":"status-publish","4":"format-standard","5":"has-post-thumbnail","7":"category-toreo","8":"tag-bullfighting","9":"tag-cordoba","10":"tag-deportes","11":"tag-es","12":"tag-espana","13":"tag-laguna-de-duero","14":"tag-mojados","15":"tag-spain","16":"tag-sports","17":"tag-tauromaquia","18":"tag-toreo","19":"tag-toros","20":"tag-valladolid","21":"tag-zaragoza"},"share_on_mastodon":{"url":"","error":""},"_links":{"self":[{"href":"https:\/\/www.europesays.com\/es\/wp-json\/wp\/v2\/posts\/159430","targetHints":{"allow":["GET"]}}],"collection":[{"href":"https:\/\/www.europesays.com\/es\/wp-json\/wp\/v2\/posts"}],"about":[{"href":"https:\/\/www.europesays.com\/es\/wp-json\/wp\/v2\/types\/post"}],"author":[{"embeddable":true,"href":"https:\/\/www.europesays.com\/es\/wp-json\/wp\/v2\/users\/2"}],"replies":[{"embeddable":true,"href":"https:\/\/www.europesays.com\/es\/wp-json\/wp\/v2\/comments?post=159430"}],"version-history":[{"count":0,"href":"https:\/\/www.europesays.com\/es\/wp-json\/wp\/v2\/posts\/159430\/revisions"}],"wp:featuredmedia":[{"embeddable":true,"href":"https:\/\/www.europesays.com\/es\/wp-json\/wp\/v2\/media\/159431"}],"wp:attachment":[{"href":"https:\/\/www.europesays.com\/es\/wp-json\/wp\/v2\/media?parent=159430"}],"wp:term":[{"taxonomy":"category","embeddable":true,"href":"https:\/\/www.europesays.com\/es\/wp-json\/wp\/v2\/categories?post=159430"},{"taxonomy":"post_tag","embeddable":true,"href":"https:\/\/www.europesays.com\/es\/wp-json\/wp\/v2\/tags?post=159430"}],"curies":[{"name":"wp","href":"https:\/\/api.w.org\/{rel}","templated":true}]}}