{"id":159434,"date":"2025-10-06T13:22:08","date_gmt":"2025-10-06T13:22:08","guid":{"rendered":"https:\/\/www.europesays.com\/es\/159434\/"},"modified":"2025-10-06T13:22:08","modified_gmt":"2025-10-06T13:22:08","slug":"editorial-sargantana-celebra-10-anos-independiente-joven-y-entusiasta","status":"publish","type":"post","link":"https:\/\/www.europesays.com\/es\/159434\/","title":{"rendered":"Editorial Sargantana celebra 10 a\u00f1os \u201cindependiente, joven y entusiasta\u00bb"},"content":{"rendered":"<p>VAL\u00c8NCIA.<strong> Editorial Sargantana<\/strong>, el sello abanderado del grupode del mismo nombre \u2014que tambi\u00e9n integran las marcas NPQ Editores, Brief Editorial, Gal\u00e9s Edicions, Aleta Ediciones, Desfiladero Ediciones, Munyx Editorial, Editorial Posidonia y Fun Readers\u2014 celebra su d\u00e9cimo aniversario \u201ccon grandes registros y numerosas propuestas\u201d, seg\u00fan anuncia una nota remitida.<\/p>\n<p>La m\u00e1s destacada ser\u00e1 una gran celebraci\u00f3n del lunes, 13 de octubre, en el <strong>Complejo Deportivo-Cultural Petxina<\/strong>, en Valencia. La cita ser\u00e1 un punto de encuentro entre autores, lectores, embajadores y seguidores del Grupo.<\/p>\n<p>Editorial Sargantana, nacida en sus inicios para dar voz a los autores valencianos, no ha dejado de crecer desde su nacimiento, apostando siempre por la cercan\u00eda, pero fomentando ahora tambi\u00e9n la expansi\u00f3n a trav\u00e9s de su sello principal y del resto de marcas que est\u00e1n bajo este. En esta d\u00e9cada, Editorial Sargantana ha logrado publicar 327 t\u00edtulos en papel y 120 en digital. De hecho, actualmente y solo contando los de su sello principal, la reconocida editorial valenciana ha publicado obras de 223 autores a lo largo de estos diez a\u00f1os.<\/p>\n<p>El sello naci\u00f3 en septiembre de 2015 como una editorial \u201cindependiente, joven y entusiasta formada por un inquieto equipo multidisciplinar\u201d. \u201cSu objetivo primigenio era implantarse en el sector a nivel nacional para ofrecer un cat\u00e1logo de calidad a todo tipo de lectores; lo que acabar\u00eda por consolidar su lema escritores locales para lectores universales\u201d.<\/p>\n<p>La propia editorial destaca algunos hitos: por ejemplo, la celebraci\u00f3n del Centenario del Valencia CF con la edici\u00f3n del Libro oficial del Centenario. La voluntad de querer llegar -coordinado por el periodista Alfonso Gil-. El sello tambi\u00e9n public\u00f3 la primera autobiograf\u00eda de Mario Alberto Kempes. Un libro que, todav\u00eda hoy, sigue dando la vuelta al mundo. Tambi\u00e9n destacan, entre otros hitos de t\u00edtulos deportivos, el libro de Fran Guaita Libre, sobre Ricardo Arias; Ca\u00f1ete. Mucho m\u00e1s que un portero y El mejor Valencia de la historia, estos dos de Vicente Gil y C\u00e9sar Toldr\u00e1; o la biograf\u00eda del periodista deportivo Paco Nadal.<\/p>\n<p>El cat\u00e1logo cuenta con seis pilares b\u00e1sicos: Cultura Local, Narrativa, Literatura Infantil, Juvenil, Cocina y su colecci\u00f3n Personajes Ilustres, esta \u00faltima dirigida a lectores de ensayo e interesados en conocer a fondo a los grandes protagonistas de la literatura y la historia, que se comercializa en Espa\u00f1a y toda Am\u00e9rica.<\/p>\n","protected":false},"excerpt":{"rendered":"VAL\u00c8NCIA. Editorial Sargantana, el sello abanderado del grupode del mismo nombre \u2014que tambi\u00e9n integran las marcas NPQ Editores,&hellip;\n","protected":false},"author":2,"featured_media":159435,"comment_status":"","ping_status":"","sticky":false,"template":"","format":"standard","meta":{"footnotes":""},"categories":[172],"tags":[224,146,147,25,24,225,23],"class_list":{"0":"post-159434","1":"post","2":"type-post","3":"status-publish","4":"format-standard","5":"has-post-thumbnail","7":"category-libros","8":"tag-books","9":"tag-entertainment","10":"tag-entretenimiento","11":"tag-es","12":"tag-espana","13":"tag-libros","14":"tag-spain"},"share_on_mastodon":{"url":"","error":""},"_links":{"self":[{"href":"https:\/\/www.europesays.com\/es\/wp-json\/wp\/v2\/posts\/159434","targetHints":{"allow":["GET"]}}],"collection":[{"href":"https:\/\/www.europesays.com\/es\/wp-json\/wp\/v2\/posts"}],"about":[{"href":"https:\/\/www.europesays.com\/es\/wp-json\/wp\/v2\/types\/post"}],"author":[{"embeddable":true,"href":"https:\/\/www.europesays.com\/es\/wp-json\/wp\/v2\/users\/2"}],"replies":[{"embeddable":true,"href":"https:\/\/www.europesays.com\/es\/wp-json\/wp\/v2\/comments?post=159434"}],"version-history":[{"count":0,"href":"https:\/\/www.europesays.com\/es\/wp-json\/wp\/v2\/posts\/159434\/revisions"}],"wp:featuredmedia":[{"embeddable":true,"href":"https:\/\/www.europesays.com\/es\/wp-json\/wp\/v2\/media\/159435"}],"wp:attachment":[{"href":"https:\/\/www.europesays.com\/es\/wp-json\/wp\/v2\/media?parent=159434"}],"wp:term":[{"taxonomy":"category","embeddable":true,"href":"https:\/\/www.europesays.com\/es\/wp-json\/wp\/v2\/categories?post=159434"},{"taxonomy":"post_tag","embeddable":true,"href":"https:\/\/www.europesays.com\/es\/wp-json\/wp\/v2\/tags?post=159434"}],"curies":[{"name":"wp","href":"https:\/\/api.w.org\/{rel}","templated":true}]}}