{"id":159452,"date":"2025-10-06T13:35:08","date_gmt":"2025-10-06T13:35:08","guid":{"rendered":"https:\/\/www.europesays.com\/es\/159452\/"},"modified":"2025-10-06T13:35:08","modified_gmt":"2025-10-06T13:35:08","slug":"el-libro-bravo-toledano-historia-de-las-ganaderias-de-bravo-en-la-provincia-de-toledo-se-presento-en-arnedo","status":"publish","type":"post","link":"https:\/\/www.europesays.com\/es\/159452\/","title":{"rendered":"El libro \u201cBravo Toledano. Historia de las ganader\u00edas de bravo en la provincia de Toledo\u201d se present\u00f3 en Arnedo"},"content":{"rendered":"<p>Durante el ecuador de la feria del<strong> Zapato de Oro<\/strong> de <strong>Arnedo<\/strong>, ciudad de gran tradici\u00f3n taurina situada en La Rioja y referente en la industria del calzado, <strong>Eduardo de la Rosa<\/strong> llev\u00f3 a cabo la presentaci\u00f3n de su libro <strong>\u201cBravo Toledano. Historia de las ganader\u00edas de bravo en la provincia de Toledo\u201d<\/strong> ante los miembros del <strong>Club Taurino Arnedano<\/strong> y autoridades pol\u00edticas de la localidad riojana. La plaza de toros fue el escenario elegido para dicho acto, en el que se destac\u00f3 el recorrido de los hierros bravos de la provincia de <strong>Toledo<\/strong> que han tenido relevancia en los cincuenta a\u00f1os de celebraci\u00f3n del prestigioso certamen novilleril.<\/p>\n<p>Destacando la presencia de ganader\u00edas del campo bravo toledano como <strong>Cortijoliva<\/strong> con un total de siete comparecencias y varios premios como Mejor Novillada del serial. La ganader\u00eda de <strong>Alcurruc\u00e9n<\/strong>, la ganader\u00eda de <strong>Fernando Pe\u00f1a.<\/strong> As\u00ed como otras que han desfilado por el antiguo y nuevo coso de Arnedo como<strong> Jaral de la Mira, La Laguna, Piedraescrita<\/strong> o el debut durante esta edici\u00f3n del hierro toledano de <strong>El Montecillo.<\/strong><\/p>\n<p><strong>Bravo Toledano alcanza en poco m\u00e1s de cuatro meses su 3\u00aa Edici\u00f3n.<\/strong><\/p>\n<p>Tras la publicaci\u00f3n y presentaci\u00f3n de la obra durante el mes de mayo, el libro <strong>\u201cBravo Toledano. Historia de las ganader\u00edas de bravo en la provincia de Toledo\u201d<\/strong> sigue batiendo r\u00e9cord de ventas, alcanzando la publicaci\u00f3n de la tercera edici\u00f3n durante esta semana. Debido principalmente al \u00e9xito que ha suscitado entre los aficionados y amantes de las ganader\u00edas de bravo present\u00e1ndose como una obra de referencia en el estudio de la historia ganadera del bravo de la provincia desde el Siglo XVII.<\/p>\n<p>El libro \u201cBravo Toledano. Historia de las ganader\u00edas de bravo en la provincia de Toledo\u201d realiza un minucioso recorrido de las ganader\u00edas desde finales del siglo XVII hasta la actualidad desvelando la riqueza y el legado de m\u00e1s de tres siglos de campo bravo en la provincia de Toledo. El libro se divide en tres partes. Una est\u00e1 dedicada a las casas ganaderas m\u00e1s relevantes, como las del <strong>Duque de Veragua, Conde de Mayalde, Cortijoliva, Alcurruc\u00e9n, Domingo Ortega<\/strong> o <strong>Fernando Pe\u00f1a.<\/strong> Una segunda trata de esas ganader\u00edas importantes a nivel hist\u00f3rico, pero que por diversas circunstancias duraron menos tiempo, como Jos\u00e9 Manzanilla, en La Puebla de Montalb\u00e1n, o Vicente Guzm\u00e1n, en Sese\u00f1a, de origen Santa Coloma. Y la tercera versa sobre los hierros surgidos en el siglo XXI.<\/p>\n<p>El libro se puede adquirir bien por correo electr\u00f3nico en la direcci\u00f3n: <strong><a href=\"https:\/\/www.aplausos.es\/cdn-cgi\/l\/email-protection\" class=\"__cf_email__\" data-cfemail=\"8ceefeedfae3f8e3e0e9e8ede2e3ccebe1ede5e0a2efe3e1\" rel=\"nofollow noopener\" target=\"_blank\">[email\u00a0protected]<\/a>,<\/strong> o en las principales librer\u00edas de referencia como la Librer\u00eda Rodr\u00edguez en la plaza de toros Las Ventas (Madrid), la Librer\u00eda G\u00f3mez Menor (Toledo) o Librer\u00eda P\u00e1ginas (Talavera de la Reina).<\/p>\n","protected":false},"excerpt":{"rendered":"Durante el ecuador de la feria del Zapato de Oro de Arnedo, ciudad de gran tradici\u00f3n taurina situada&hellip;\n","protected":false},"author":2,"featured_media":159453,"comment_status":"","ping_status":"","sticky":false,"template":"","format":"standard","meta":{"footnotes":""},"categories":[277],"tags":[45,29802,373,168,24322,25,24,23,167,1952,374],"class_list":{"0":"post-159452","1":"post","2":"type-post","3":"status-publish","4":"format-standard","5":"has-post-thumbnail","7":"category-toreo","8":"tag-45","9":"tag-arnedo","10":"tag-bullfighting","11":"tag-deportes","12":"tag-eduardo-de-la-rosa","13":"tag-es","14":"tag-espana","15":"tag-spain","16":"tag-sports","17":"tag-toledo","18":"tag-toreo"},"share_on_mastodon":{"url":"","error":""},"_links":{"self":[{"href":"https:\/\/www.europesays.com\/es\/wp-json\/wp\/v2\/posts\/159452","targetHints":{"allow":["GET"]}}],"collection":[{"href":"https:\/\/www.europesays.com\/es\/wp-json\/wp\/v2\/posts"}],"about":[{"href":"https:\/\/www.europesays.com\/es\/wp-json\/wp\/v2\/types\/post"}],"author":[{"embeddable":true,"href":"https:\/\/www.europesays.com\/es\/wp-json\/wp\/v2\/users\/2"}],"replies":[{"embeddable":true,"href":"https:\/\/www.europesays.com\/es\/wp-json\/wp\/v2\/comments?post=159452"}],"version-history":[{"count":0,"href":"https:\/\/www.europesays.com\/es\/wp-json\/wp\/v2\/posts\/159452\/revisions"}],"wp:featuredmedia":[{"embeddable":true,"href":"https:\/\/www.europesays.com\/es\/wp-json\/wp\/v2\/media\/159453"}],"wp:attachment":[{"href":"https:\/\/www.europesays.com\/es\/wp-json\/wp\/v2\/media?parent=159452"}],"wp:term":[{"taxonomy":"category","embeddable":true,"href":"https:\/\/www.europesays.com\/es\/wp-json\/wp\/v2\/categories?post=159452"},{"taxonomy":"post_tag","embeddable":true,"href":"https:\/\/www.europesays.com\/es\/wp-json\/wp\/v2\/tags?post=159452"}],"curies":[{"name":"wp","href":"https:\/\/api.w.org\/{rel}","templated":true}]}}