{"id":159480,"date":"2025-10-06T14:07:19","date_gmt":"2025-10-06T14:07:19","guid":{"rendered":"https:\/\/www.europesays.com\/es\/159480\/"},"modified":"2025-10-06T14:07:19","modified_gmt":"2025-10-06T14:07:19","slug":"por-eso-estamos-juntos-a-dia-de-hoy","status":"publish","type":"post","link":"https:\/\/www.europesays.com\/es\/159480\/","title":{"rendered":"Por eso estamos juntos a d\u00eda de hoy"},"content":{"rendered":"<p><img loading=\"lazy\" decoding=\"async\" src=\"https:\/\/www.europesays.com\/es\/wp-content\/uploads\/2025\/09\/100x100_informalia-logo.jpg\" itemtype=\"\/\/schema.org\/ImageObject\" itemprop=\"url\" alt=\"Informalia\" width=\"64\" height=\"64\" pinger-seen=\"true\"\/><\/p>\n<p><a href=\"https:\/\/www.eleconomista.es\/informalia\/famosos\/noticias\/13567338\/09\/25\/richard-gere-y-alejandra-silva-deslumbran-en-la-semana-de-la-moda-de-milan-homenaje-a-armani-del-protagonista-de-pretty-woman.html\" title=\"Richard Gere y Alejandra Silva deslumbran en la Semana de la Moda de Mil\u00e1n: homenaje a Armani del protagonista de Pretty Woman\" rel=\"nofollow noopener\" target=\"_blank\">Tras deslumbrar el pasado fin de semana en el desfile de Giorgio Armani<\/a> celebrado en el marco de la Semana de la Moda de Mil\u00e1n, <b>Richard Gere<\/b> (76) y <b>Alejandra Silva<\/b> (42) <a href=\"https:\/\/www.eleconomista.es\/informalia\/famosos\/noticias\/13569522\/09\/25\/richard-gere-contundente-contra-trump-en-su-cita-solidaria-en-barcelona-no-solo-esta-loco-es-una-presencia-oscura.html\" title=\"Richard Gere, contundente contra Trump en su cita solidaria en Barcelona: &quot;No solo est\u00e1 loco, es una presencia oscura&quot;\" rel=\"nofollow noopener\" target=\"_blank\">participaron este lunes en la gala por el X aniversario de la ONG Open Arms<\/a>. El matrimonio comparte su inter\u00e9s por la labor humanitaria, algo que la empresaria percibe como un punto a favor en su relaci\u00f3n, que abarca m\u00e1s de una d\u00e9cada. Se conocieron en Italia, en el a\u00f1o 2014, y se dieron el &#8216;s\u00ed, quiero&#8217; en 2018. Padres de dos hijos, residen en Madrid desde el oto\u00f1o de 2024. <\/p>\n<p>Durante el evento, que tuvo lugar en la Llotja del Mar de Barcelona, Alejandra celebr\u00f3 el hecho de compartir inquietudes con su marido. <b>\u00abM\u00e1s que nuestro amor flechado a primera vista, luego fue nuestras causas humanitarias y donde est\u00e1 nuestro coraz\u00f3n. La causa del sinhogarismo era mi causa y el la adopt\u00f3<\/b>. Por eso nos llevamos tan bien y por eso estamos juntos a d\u00eda de hoy, nos enriquece mucho\u00bb, coment\u00f3, aprovechando para desmentir las informaciones referentes a la supuesta compra de una casa en Galicia: \u00ab\u00bfQu\u00e9 Casa de Galicia? Por favor contactadme, os voy a dar mi email y yo estar\u00eda encantada. Porque Galicia tambi\u00e9n est\u00e1 en mi coraz\u00f3n, soy gallega, y al final s\u00ed que me quiero retirar en Galicia, en Galicia como en ning\u00fan sitio, vamos\u00bb.<\/p>\n<p>Por su parte, el actor de Pretty Woman reivindic\u00f3 su compromiso la ONG, con la que colabora hace a\u00f1os -en 2019 se subi\u00f3 a uno de sus barcos para llevar alimentos a alta mar a 121 inmigrantes rescatados de un naufragio en el Mediterr\u00e1neo-, y <b>aprovech\u00f3 para relatar una an\u00e9cdota de sus inicios con Alejandra<\/b>: \u00abLa llev\u00e9 a Lampedusa, y sent\u00ed una gran responsabilidad por lo que estaba pasando en el Mediterr\u00e1neo. As\u00ed que visitamos el campamento all\u00ed y vimos gente de toda \u00c1frica, pero tambi\u00e9n del Middle East. Y luego, a\u00f1os despu\u00e9s, Ale me cont\u00f3 de esta incre\u00edble experiencia del grupo, Open Arms, y Oscar Camps\u00bb.<\/p>\n<p>                            <img decoding=\"async\" src=\"https:\/\/www.europesays.com\/es\/wp-content\/uploads\/2025\/10\/770x_richard-gere-alejandra-1200.jpg\" loading=\"lazy\"\/><\/p>\n<p>Con la sinceridad que siempre le ha caracterizado, el artista tambi\u00e9n mand\u00f3 su apoyo incondicional a la poblaci\u00f3n palestina y mand\u00f3 un mensaje al primer ministro de Israel, Benjamin Netanyahu. \u00abTiene que irse. Tiene que irse. Esto no es algo que pueda cambiar. Tiene que irse. Y todos los encargados y la coalici\u00f3n que tiene, todos tienen que irse\u00bb, expres\u00f3, compartiendo tambi\u00e9n su rechazo al presidente de su pa\u00eds natal, Estados Unidos. \u00abTenemos a un presidente que es completamente&#8230; no solo es loco, es una presencia oscura. Y ha pasado tan r\u00e1pido, en seis meses casi ha destruido nuestro pa\u00eds\u00bb, <a href=\"https:\/\/www.eleconomista.es\/informalia\/famosos\/noticias\/13569522\/09\/25\/richard-gere-contundente-contra-trump-en-su-cita-solidaria-en-barcelona-no-solo-esta-loco-es-una-presencia-oscura.html\" title=\"Richard Gere, contundente contra Trump en su cita solidaria en Barcelona: &quot;No solo est\u00e1 loco, es una presencia oscura&quot;\" rel=\"nofollow noopener\" target=\"_blank\">afirm\u00f3 sobre Donald Trump<\/a>.<\/p>\n<p>WhatsApp<a href=\"https:\/\/api.whatsapp.com\/send?text=https:\/\/www.eleconomista.es\/informalia\/famosos\/noticias\/13570059\/09\/25\/alejandra-silva-desvela-el-truco-para-mantener-vivo-su-matrimonio-con-richard-gere-por-eso-estamos-juntos-a-dia-de-hoy.html?utm_source%3Dwhatsapp%26utm_medium%3Dshare_button&amp;id=1648118629957_whatsapp\" target=\"_blank\" data-action=\"share\/whatsapp\/share\" aria-label=\"Compartir en Whatsapp\" rel=\"nofollow noopener\"><\/a>Facebook<a id=\"fb-share\" href=\"#\" target=\"_blank\" rel=\"noopener noreferrer\" aria-label=\"Compartir en Facebook\"><\/a>Twitter<a href=\"https:\/\/twitter.com\/share?text=Alejandra+Silva+desvela+el+truco+para+mantener+vivo+su+matrimonio+con+Richard+Gere%3A+%22Por+eso+estamos+juntos+a+d%C3%ADa+de+hoy%22&amp;url=https:\/\/www.eleconomista.es\/informalia\/famosos\/noticias\/13570059\/09\/25\/alejandra-silva-desvela-el-truco-para-mantener-vivo-su-matrimonio-con-richard-gere-por-eso-estamos-juntos-a-dia-de-hoy.html&amp;via=Informalia&amp;id=1648118839245_twitter\" target=\"_blank\" aria-label=\"Compartir en Twitter\" rel=\"nofollow noopener\"><\/a>Linkedin<a onclick=\"return abrirLinkedin();\" href=\"https:\/\/www.linkedin.com\/shareArticle?text=Alejandra+Silva+desvela+el+truco+para+mantener+vivo+su+matrimonio+con+Richard+Gere%3A+%22Por+eso+estamos+juntos+a+d%C3%ADa+de+hoy%22&amp;url=https:\/\/www.eleconomista.es\/informalia\/famosos\/noticias\/13570059\/09\/25\/alejandra-silva-desvela-el-truco-para-mantener-vivo-su-matrimonio-con-richard-gere-por-eso-estamos-juntos-a-dia-de-hoy.html&amp;mini=true\" target=\"_blank\" aria-label=\"Compartir en linkedin\" rel=\"nofollow noopener\"><\/a>Beloud<a href=\"https:\/\/beloud.com\/share?text=Alejandra+Silva+desvela+el+truco+para+mantener+vivo+su+matrimonio+con+Richard+Gere%3A+%22Por+eso+estamos+juntos+a+d%C3%ADa+de+hoy%22&amp;url=https:\/\/www.eleconomista.es\/informalia\/famosos\/noticias\/13570059\/09\/25\/alejandra-silva-desvela-el-truco-para-mantener-vivo-su-matrimonio-con-richard-gere-por-eso-estamos-juntos-a-dia-de-hoy.html&amp;via=Informalia&amp;id=1648118839245_beloud\" target=\"_blank\" aria-label=\"Compartir en beloud\" rel=\"nofollow noopener\"><\/a>Bluesky<a href=\"https:\/\/bsky.app\/intent\/compose?text=https:\/\/bsky.app\/intent\/compose?text=https:\/\/www.eleconomista.es\/informalia\/famosos\/noticias\/13570059\/09\/25\/alejandra-silva-desvela-el-truco-para-mantener-vivo-su-matrimonio-con-richard-gere-por-eso-estamos-juntos-a-dia-de-hoy.html&amp;url=https:\/\/www.eleconomista.es\/informalia\/famosos\/noticias\/13570059\/09\/25\/alejandra-silva-desvela-el-truco-para-mantener-vivo-su-matrimonio-con-richard-gere-por-eso-estamos-juntos-a-dia-de-hoy.html&amp;via=elEconomistaes&amp;id=1648118839245_bluesky\" target=\"_blank\" aria-label=\"Compartir en bluesky\" rel=\"nofollow noopener\"><\/a><\/p>\n<p><script async src=\"https:\/\/platform.twitter.com\/widgets.js\" charset=\"utf-8\"><\/script><\/p>\n","protected":false},"excerpt":{"rendered":"Tras deslumbrar el pasado fin de semana en el desfile de Giorgio Armani celebrado en el marco de&hellip;\n","protected":false},"author":2,"featured_media":159481,"comment_status":"","ping_status":"","sticky":false,"template":"","format":"standard","meta":{"footnotes":""},"categories":[174],"tags":[255,146,147,25,24,256,260,23],"class_list":{"0":"post-159480","1":"post","2":"type-post","3":"status-publish","4":"format-standard","5":"has-post-thumbnail","7":"category-famosos","8":"tag-celebrities","9":"tag-entertainment","10":"tag-entretenimiento","11":"tag-es","12":"tag-espana","13":"tag-famosos","14":"tag-gente","15":"tag-spain"},"share_on_mastodon":{"url":"","error":""},"_links":{"self":[{"href":"https:\/\/www.europesays.com\/es\/wp-json\/wp\/v2\/posts\/159480","targetHints":{"allow":["GET"]}}],"collection":[{"href":"https:\/\/www.europesays.com\/es\/wp-json\/wp\/v2\/posts"}],"about":[{"href":"https:\/\/www.europesays.com\/es\/wp-json\/wp\/v2\/types\/post"}],"author":[{"embeddable":true,"href":"https:\/\/www.europesays.com\/es\/wp-json\/wp\/v2\/users\/2"}],"replies":[{"embeddable":true,"href":"https:\/\/www.europesays.com\/es\/wp-json\/wp\/v2\/comments?post=159480"}],"version-history":[{"count":0,"href":"https:\/\/www.europesays.com\/es\/wp-json\/wp\/v2\/posts\/159480\/revisions"}],"wp:featuredmedia":[{"embeddable":true,"href":"https:\/\/www.europesays.com\/es\/wp-json\/wp\/v2\/media\/159481"}],"wp:attachment":[{"href":"https:\/\/www.europesays.com\/es\/wp-json\/wp\/v2\/media?parent=159480"}],"wp:term":[{"taxonomy":"category","embeddable":true,"href":"https:\/\/www.europesays.com\/es\/wp-json\/wp\/v2\/categories?post=159480"},{"taxonomy":"post_tag","embeddable":true,"href":"https:\/\/www.europesays.com\/es\/wp-json\/wp\/v2\/tags?post=159480"}],"curies":[{"name":"wp","href":"https:\/\/api.w.org\/{rel}","templated":true}]}}