{"id":159511,"date":"2025-10-06T14:36:09","date_gmt":"2025-10-06T14:36:09","guid":{"rendered":"https:\/\/www.europesays.com\/es\/159511\/"},"modified":"2025-10-06T14:36:09","modified_gmt":"2025-10-06T14:36:09","slug":"el-racing-sale-victorioso-del-duelo-directo-ante-el-celta-3-0-real-racing-club","status":"publish","type":"post","link":"https:\/\/www.europesays.com\/es\/159511\/","title":{"rendered":"El Racing sale victorioso del duelo directo ante el Celta (3-0) | Real Racing Club"},"content":{"rendered":"<p>El <strong>Racing <\/strong>vuelve a ganar y consigue la cuarta victoria en cinco partidos en <strong>Segunda Federaci\u00f3n Femenina<\/strong>. Las de <strong>Mario Ortiz<\/strong> superaron al <strong>Celta de Vigo<\/strong> en los Campos de Sport de Astillero en la\u00a0<strong>quinta jornada del curso 2025\/26<\/strong> y recuperan el puesto m\u00e1s alto de la tabla.<\/p>\n<p>El encuentro ante el cuadro gallego comenz\u00f3 con un golazo ol\u00edmpico de<strong> Xesca Carb\u00f3 <\/strong>en el minuto siete. Asimismo, la jugadora catalana duplic\u00f3 la ventaja local en el 25\u2019, mediante un remate en el \u00e1rea tras un centro medido de <strong>Aratxa P\u00e9rez<\/strong>. Pasada la media hora de juego, <strong>Jimena Cabrero<\/strong> coloc\u00f3 el tres a cero definitivo a la salida de un c\u00f3rner botado de nuevo por Xesca.<\/p>\n<p>Las racinguistas lideran la clasificaci\u00f3n con cuatro victorias y un empate en cinco partidos, <strong>17 goles a favor<\/strong> y solo <strong>tres en contra<\/strong>. Adem\u00e1s, tras la derrota del <strong>Deportivo <\/strong>en Abegondo ante la <strong>Real Sociedad &#8216;B&#8217;<\/strong>\u00a0(1-2), ning\u00fan equipo iguala el registro de las de <strong>Mario Ortiz<\/strong>, que se colocan l\u00edderes en solitario con un punto m\u00e1s que <strong>Celta <\/strong>y <strong>Athletic Club \u201cB\u201d<\/strong>.<\/p>\n<p>FICHA T\u00c9CNICA<\/p>\n<p><strong>Racing<\/strong>: Anna Reina, Arantxa P\u00e9rez, Mar\u00eda Corbacho, Sandra Calvo (Valentina Lucumi, 78), Alicia Pascual (Ana Dom\u00ednguez, 78), Irene Canal (Nerea de Diego, 70), Jimena Cabrero (Aitana Garc\u00eda, 70), Naiara Ordax (Claudia Rabasco, 60), Mirian Valladolid, Esther Calder\u00f3n y Xesca Carb\u00f3.<\/p>\n<p><strong>Celta de Vigo<\/strong>: Sol Moreno, Paula Jimena, Tatiana Barcia (Noela S\u00e1nchez, 60), Tatiana Cruz (Paula Lorenzo, 60), Ana Toubes, Estela Castro, Nara Fern\u00e1ndez (Aitana S\u00e1nchez, 72), Mar\u00eda Nogueira (Luc\u00eda Fern\u00e1ndez, 86), Sara \u00c1lvarez, Nerea Gonz\u00e1lez y Celia Fontecha (Sara Deben, 72).<\/p>\n<p><strong>\u00c1rbitro<\/strong>: Guillermo Mart\u00ednez (c\u00e1ntabro). Amonest\u00f3 por el Racing a Irene Canal y por el Celta a Estela Castro y Paula Lorenzo.<\/p>\n<p><strong>Goles<\/strong>: 1-0. Minuto 7. Xesca Carb\u00f3. 2-0. Minuto 25. Xesca Carb\u00f3. 3-0. Minuto 32. Jimena Cabrero.<\/p>\n<p><strong>Incidencias<\/strong>: Quinta jornada del Grupo I de Segunda Federaci\u00f3n Femenina. Campos de Sport de Astillero.\u00a0<\/p>\n","protected":false},"excerpt":{"rendered":"El Racing vuelve a ganar y consigue la cuarta victoria en cinco partidos en Segunda Federaci\u00f3n Femenina. Las&hellip;\n","protected":false},"author":2,"featured_media":159512,"comment_status":"","ping_status":"","sticky":false,"template":"","format":"standard","meta":{"footnotes":""},"categories":[93],"tags":[168,25,24,23,167],"class_list":{"0":"post-159511","1":"post","2":"type-post","3":"status-publish","4":"format-standard","5":"has-post-thumbnail","7":"category-deportes","8":"tag-deportes","9":"tag-es","10":"tag-espana","11":"tag-spain","12":"tag-sports"},"share_on_mastodon":{"url":"","error":""},"_links":{"self":[{"href":"https:\/\/www.europesays.com\/es\/wp-json\/wp\/v2\/posts\/159511","targetHints":{"allow":["GET"]}}],"collection":[{"href":"https:\/\/www.europesays.com\/es\/wp-json\/wp\/v2\/posts"}],"about":[{"href":"https:\/\/www.europesays.com\/es\/wp-json\/wp\/v2\/types\/post"}],"author":[{"embeddable":true,"href":"https:\/\/www.europesays.com\/es\/wp-json\/wp\/v2\/users\/2"}],"replies":[{"embeddable":true,"href":"https:\/\/www.europesays.com\/es\/wp-json\/wp\/v2\/comments?post=159511"}],"version-history":[{"count":0,"href":"https:\/\/www.europesays.com\/es\/wp-json\/wp\/v2\/posts\/159511\/revisions"}],"wp:featuredmedia":[{"embeddable":true,"href":"https:\/\/www.europesays.com\/es\/wp-json\/wp\/v2\/media\/159512"}],"wp:attachment":[{"href":"https:\/\/www.europesays.com\/es\/wp-json\/wp\/v2\/media?parent=159511"}],"wp:term":[{"taxonomy":"category","embeddable":true,"href":"https:\/\/www.europesays.com\/es\/wp-json\/wp\/v2\/categories?post=159511"},{"taxonomy":"post_tag","embeddable":true,"href":"https:\/\/www.europesays.com\/es\/wp-json\/wp\/v2\/tags?post=159511"}],"curies":[{"name":"wp","href":"https:\/\/api.w.org\/{rel}","templated":true}]}}