{"id":159514,"date":"2025-10-06T14:38:04","date_gmt":"2025-10-06T14:38:04","guid":{"rendered":"https:\/\/www.europesays.com\/es\/159514\/"},"modified":"2025-10-06T14:38:04","modified_gmt":"2025-10-06T14:38:04","slug":"no-se-hablan-en-ningun-caso-y-solo-se-comunican-a-traves-de-sus-abogados","status":"publish","type":"post","link":"https:\/\/www.europesays.com\/es\/159514\/","title":{"rendered":"\u00abNo se hablan en ning\u00fan caso y solo se\u00a0comunican a trav\u00e9s de sus abogados\u00bb"},"content":{"rendered":"<p>\t\t\t \t\t \t\t\t\t\t\t\tAndy y Lucas, en un concierto en Vimianzo en el 2023 <strong class=\"pd-l\">BASILIO BELLO  <\/strong><\/p>\n<p>\t\t\t\t\t\tEl d\u00fao art\u00edstico, que cancel\u00f3 su concierto en A Coru\u00f1a de forma abrupta,\u00a0 \u00abSu representante est\u00e1 intentando por todos los medios\u00a0que la sangre no llegue al r\u00edo\u00bb<br \/>\n\t\t\t\t\t\t\t\t\t\t\t\t<strong>06 oct 2025<\/strong> . Actualizado a las 16:10 h.\t\t\t\t\t\t<\/p>\n<p class=\"first-paragraph txt\"><strong>Andy y Lucas<\/strong> est\u00e1n atravesando el\u00a0peor momento profesional de una carrera como d\u00fao musical que est\u00e1 a punto de terminar para siempre.\u00a0Los \u00faltimos pasos de la gira de despedida de estos amigos de la infancia tras veinte a\u00f1os de trayectoria est\u00e1n siendo todo un calvario para<strong> Andr\u00e9s Morales<\/strong> y <strong>Lucas Gonz\u00e1lez<\/strong>. La \u00faltima muestra de esa tensa relaci\u00f3n<a class=\"link-txt\" href=\"https:\/\/www.lavozdegalicia.es\/noticia\/coruna\/coruna\/2025\/09\/30\/cancelado-concierto-andy-lucas-coruna\/00031759218532814849900.htm\" rel=\"nofollow noopener\" target=\"_blank\"> ha tenido como protagonista A Coru\u00f1a, donde cancelaron de forma abrupta su concierto<\/a>, previsto para este pasado domingo, 5 de octubre, por supuestos \u00abproblemas de producci\u00f3n ajenos a los artistas\u00bb. Supuestos, porque, seg\u00fan ha revelado en el programa Fiesta el periodista Sa\u00fal Ortiz, la tirantez entre los componentes del grupo es tal que <strong>\u00abya no se hablan en ning\u00fan caso\u00bb<\/strong>.\u00a0<\/p>\n<p class=\"txt\">\u00abHa llegado el punto en que cuando hay que hacer una comunicaci\u00f3n entre las dos partes, <strong>se hace entre abogados<\/strong>\u00bb, asegura el colaborador del programa de Telecinco sobre la ausente conexi\u00f3n entre ambos, inexistente incluso \u00abpara resolver asuntos econ\u00f3micos o de organizaci\u00f3n\u00bb. Y eso que, a pesar de que la ruptura es cada vez m\u00e1s evidente y p\u00fablica,\u00a0el representante del grupo est\u00e1 intentando <strong>\u00abpor todos los medios que la sangre no llegue al r\u00edo\u00bb<\/strong>.\u00a0<\/p>\n<p class=\"txt\">La situaci\u00f3n actual contrasta con las declaraciones del propio Lucas hace solo unos meses, <a class=\"link-txt\" href=\"https:\/\/www.lavozdegalicia.es\/noticia\/yes\/2025\/02\/08\/separamos-llevemos-mal-causa-mayor\/0003_202502SY8P18991.htm\" rel=\"nofollow noopener\" target=\"_blank\">cuando destac\u00f3 a\u00a0La Voz\u00a0el amor y respeto<\/a>\u00a0que sent\u00edan el uno por el otro. Peque\u00f1os detalles en sus intervenciones en los meses subsiguientes, no obstante, ya\u00a0permitieron\u00a0vislumbrar un malestar interno en su relaci\u00f3n.<\/p>\n<p class=\"txt\">\n<p>\t\t\t\t\t\t\t\t\t\t\t\t&#13;<br \/>\n\t\t\t\t\t\t\t\t&#13;<br \/>\n&#13;<br \/>\n&#13;<\/p>\n<p>\t\t\t&#13;<br \/>\n\t&#13;<\/p>\n<p>\t\t\t<a href=\"https:\/\/www.lavozdegalicia.es\/noticia\/sociedad\/2025\/09\/16\/guerra-fria-andy-lucas-pocas-semanas-terminar-ultima-gira-tener-disciplina-\/00031758023379429775381.htm\" data-analytics=\"link-embed\" rel=\"nofollow noopener\" target=\"_blank\">Guerra fr\u00eda entre Andy y Lucas, a pocas semanas de terminar su \u00faltima gira: \u00abHay que tener una disciplina y \u00e9l no la tiene\u00bb<\/a><\/p>\n<p class=\"a-min-author\">La Voz<\/p>\n<p>\t&#13;<br \/>\n\t&#13;<br \/>\n&#13;<\/p>\n<p class=\"txt\"><strong>Lucas<\/strong> siempre ha sido la voz cantante del d\u00fao en cuanto a airear las desavenencias entre ambos.\u00a0Hace solo unos meses, al conocerse la intenci\u00f3n de Andy de iniciar tras la gira de despedida una carrera como artista en solitario,\u00a0desliz\u00f3 la primera cr\u00edtica hacia su compa\u00f1ero, asegurando que no val\u00eda para eso. <a class=\"link-txt\" href=\"https:\/\/www.lavozdegalicia.es\/noticia\/sociedad\/2025\/09\/16\/guerra-fria-andy-lucas-pocas-semanas-terminar-ultima-gira-tener-disciplina-\/00031758023379429775381.htm\" rel=\"nofollow noopener\" target=\"_blank\">\u00abHay que tener disciplina y \u00e9l no la tiene\u00bb, dijo<\/a>.<\/p>\n<p class=\"txt\"><strong>Andy<\/strong>, por su parte, siempre ha sido <strong>m\u00e1s discreto<\/strong>. Evit\u00f3\u00a0siempre que pudo hablar sobre sus intimidades. \u00abBloquea los tel\u00e9fonos de los periodistas\u00bb, revela Ortiz. Una\u00a0actitud de mantenerse al margen de las pol\u00e9micas que adopt\u00f3 hasta hace muy poco.\u00a0<a class=\"link-txt\" href=\"https:\/\/www.lavozdegalicia.es\/noticia\/sociedad\/2025\/09\/16\/guerra-fria-andy-lucas-pocas-semanas-terminar-ultima-gira-tener-disciplina-\/00031758023379429775381.htm\" rel=\"nofollow noopener\" target=\"_blank\">Lo que colm\u00f3 su paciencia fue\u00a0la entrevista que dio Lucas a Me quedo contigo,\u00a0programa de Mediaset\u00a0Infinity<\/a>. Tras eso, acept\u00f3, despu\u00e9s de mucho tiempo callado, dar una entrevista en la que, siempre desde la discreci\u00f3n que le caracteriza, sac\u00f3 a la luz la tensi\u00f3n interna en el d\u00fao. \u00abDIjo que lo estaba pasando fatal desde mayo, que <strong>si por \u00e9l hubiera sido hubiera cancelado esta gira<\/strong> antes de llegar a este punto\u00bb, ha recordado Sa\u00fal Ortiz, que traza\u00a0el inicio de la gran crisis en el momento <a class=\"link-txt\" href=\"https:\/\/www.lavozdegalicia.es\/noticia\/gente\/2025\/09\/10\/lucas-andy-lucas-medalla-oro-andalucia-dia-van-dar-conejo-campo-\/00031757491030276345615.htm\" rel=\"nofollow noopener\" target=\"_blank\">en el que Lucas se oper\u00f3 de la nariz con terrible resultado est\u00e9tico<\/a>.<\/p>\n<p class=\"txt\">\u00abSiempre ha habido momentos mejores y peores, pero desde que a Lucas le pas\u00f3 lo de la nariz, la situaci\u00f3n se ha vuelto insostenible\u00bb, indica el periodista sobre las razones que han llevado a Andy a contar las horas para iniciar\u00a0su\u00a0<strong>carrera en solitario<\/strong>.<\/p>\n<p class=\"txt\">La periodista Anita Ruiz, que trabaj\u00f3 con el d\u00fao en la conmemoraci\u00f3n de su 10.\u00ba aniversario, hace ahora un decenio exacto, apunta otro detalle relevante para la ruptura.\u00a0<strong>\u00abLucas es el due\u00f1o de Andy y Lucas\u00bb<\/strong>, destaca, \u00ablo compr\u00f3 hace tiempo, cuando Andy necesitaba el dinero\u00bb. Ya entonces, en la anterior efem\u00e9ride, ambos eran entes pr\u00e1cticamente independientes, que viajaban por separado y se juntaban solo para los conciertos. Pero hab\u00eda, debido a la titularidad del grupo, una <strong>relaci\u00f3n muy desigual<\/strong> que ha acabado tensionando todav\u00eda m\u00e1s sus desavenencias intermitentes.<\/p>\n<p class=\"txt\">A toda esta tensi\u00f3n interna entre los componentes se suman otras acusaciones externas que afectan a la imagen del d\u00fao. Un promotor ha acusado a Lucas Gonz\u00e1lez de\u00a0<strong>una deuda de 360.000 euros<\/strong> relacionada con su gira de despedida, ante lo que\u00a0Andy, seg\u00fan su entorno, se siente enga\u00f1ado.\u00a0Adem\u00e1s, un telonero del d\u00fao, Mariano Ruiz, ha\u00a0denunciado\u00a0que Lucas tiene malos gestos hacia sus m\u00fasicos y su equipo. \u00abFlip\u00e9 en colores con c\u00f3mo trataba a los m\u00fasicos y los portazos\u00a0que pegaba\u00bb, asegur\u00f3 en\u00a0Y ahora Sonsoles.<\/p>\n<p class=\"txt\">La relaci\u00f3n art\u00edstica entre ambos ya est\u00e1 en los \u00faltimos compases de su cuenta atr\u00e1s. Andy y Lucas culminar\u00e1n su carrera conjunta\u00a0esta misma semana, con un gran concierto en Madrid el pr\u00f3ximo<strong> viernes, 10 de octubre<\/strong>, en Madrid, actuaci\u00f3n en la que\u00a0dar\u00e1n por finalizada su \u00faltima gira,\u00a0Nuestros \u00faltimos acordes.<\/p>\n<p>&#13;<br \/>\n\tArchivado en:&#13;<br \/>\n\t\t\t\t\t<a href=\"https:\/\/www.lavozdegalicia.es\/temas\/conciertos\/\" target=\"_blank\" class=\"mg-l\" rel=\"nofollow noopener\">Conciertos<\/a>&#13;<br \/>\n\t\t\t\t\t<a href=\"https:\/\/www.lavozdegalicia.es\/temas\/musica\/\" target=\"_blank\" class=\"mg-l\" rel=\"nofollow noopener\">M\u00fasica<\/a>&#13;<br \/>\n\t&#13;<\/p>\n","protected":false},"excerpt":{"rendered":"Andy y Lucas, en un concierto en Vimianzo en el 2023 BASILIO BELLO El d\u00fao art\u00edstico, que cancel\u00f3&hellip;\n","protected":false},"author":2,"featured_media":159515,"comment_status":"","ping_status":"","sticky":false,"template":"","format":"standard","meta":{"footnotes":""},"categories":[91],"tags":[208,146,147,25,24,185,23],"class_list":{"0":"post-159514","1":"post","2":"type-post","3":"status-publish","4":"format-standard","5":"has-post-thumbnail","7":"category-entretenimiento","8":"tag-conciertos","9":"tag-entertainment","10":"tag-entretenimiento","11":"tag-es","12":"tag-espana","13":"tag-musica","14":"tag-spain"},"share_on_mastodon":{"url":"","error":""},"_links":{"self":[{"href":"https:\/\/www.europesays.com\/es\/wp-json\/wp\/v2\/posts\/159514","targetHints":{"allow":["GET"]}}],"collection":[{"href":"https:\/\/www.europesays.com\/es\/wp-json\/wp\/v2\/posts"}],"about":[{"href":"https:\/\/www.europesays.com\/es\/wp-json\/wp\/v2\/types\/post"}],"author":[{"embeddable":true,"href":"https:\/\/www.europesays.com\/es\/wp-json\/wp\/v2\/users\/2"}],"replies":[{"embeddable":true,"href":"https:\/\/www.europesays.com\/es\/wp-json\/wp\/v2\/comments?post=159514"}],"version-history":[{"count":0,"href":"https:\/\/www.europesays.com\/es\/wp-json\/wp\/v2\/posts\/159514\/revisions"}],"wp:featuredmedia":[{"embeddable":true,"href":"https:\/\/www.europesays.com\/es\/wp-json\/wp\/v2\/media\/159515"}],"wp:attachment":[{"href":"https:\/\/www.europesays.com\/es\/wp-json\/wp\/v2\/media?parent=159514"}],"wp:term":[{"taxonomy":"category","embeddable":true,"href":"https:\/\/www.europesays.com\/es\/wp-json\/wp\/v2\/categories?post=159514"},{"taxonomy":"post_tag","embeddable":true,"href":"https:\/\/www.europesays.com\/es\/wp-json\/wp\/v2\/tags?post=159514"}],"curies":[{"name":"wp","href":"https:\/\/api.w.org\/{rel}","templated":true}]}}