{"id":159520,"date":"2025-10-06T14:41:07","date_gmt":"2025-10-06T14:41:07","guid":{"rendered":"https:\/\/www.europesays.com\/es\/159520\/"},"modified":"2025-10-06T14:41:07","modified_gmt":"2025-10-06T14:41:07","slug":"la-encuesta-con-pesimos-numeros-para-milei-que-anticipo-la-renuncia-de-espert-a-su-candidatura-el-76-por-ciento-opinaba-que-el-narcoescandalo-impacto-de-manera-negativa-en-el-gobierno","status":"publish","type":"post","link":"https:\/\/www.europesays.com\/es\/159520\/","title":{"rendered":"La encuesta con p\u00e9simos n\u00fameros para Milei que anticip\u00f3 la renuncia de Espert a su candidatura | El 76 por ciento opinaba que el narcoesc\u00e1ndalo impact\u00f3 de manera negativa en el Gobierno"},"content":{"rendered":"<p>Jos\u00e9 Luis Espert renunci\u00f3 a su candidatura luego de que su imagen negativa empeorase\u00a0 hasta cosechar un 70 por ciento de rechazos. La revelaci\u00f3n de que hab\u00eda recibido 200 mil d\u00f3lares de Fred Machado, acusado en los tribunales de Estados Unidos por narcotr\u00e1fico, termin\u00f3 con su carrera pol\u00edtica. La sociedad argentina, seg\u00fan una encuesta de Zuban C\u00f3rdoba, no se trag\u00f3 el descargo que intent\u00f3 hacer Espert (un 68 por ciento dijo que no era cre\u00edble) sobre que el dinero hab\u00eda sido un pago a cuentas para un trabajo de asesor\u00eda. M\u00e1s del 60 por ciento de los encuestados, adem\u00e1s, opinaban que deb\u00eda renunciar, <b>y un 76 por ciento aseguraba que el narcoesc\u00e1ndalo impactaba \u00abde manera negativa\u00bb en la administraci\u00f3n libertaria.<\/b> Un escenario de caos y barranca abajo de cara a octubre que fue cortado de cuajo desde Olivos, aunque el da\u00f1o ya estaba hecho.<\/p>\n<p>\u201cEl tema se ha transformado en un nuevo cisne negro para el gobierno de Milei, y amenaza con perforar incluso su n\u00facleo duro\u201d, afirma la consultora. <\/p>\n<p>De acuerdo al sondeo, realizado a menos de un mes de las elecciones, La Libertad Avanza fue muy perjudicada por dos temas: el caso Espert y por el pedido de apoyo a la administraci\u00f3n Trump. Esto \u00faltimo, es debido a que \u201cun 62 por ciento de los argentinos se siente muy lejano de Estados Unidos y de Donald Trump, y un 64 por ciento cree que el acuerdo anunciado es s\u00f3lo simb\u00f3lico, ya que parece que los d\u00f3lares no van a llegar\u201d, se\u00f1ala el informe.<\/p>\n<p>En ese marco, la mayor\u00eda de los encuestados vaticina una derrota de La Libertad Avanza (LLA) en las elecciones legislativas del 26 de octubre. Aunque vale aclarar que, a\u00fan en el caso de una mala elecci\u00f3n, el gobierno va a conseguir m\u00e1s bancas que las que tiene, ya que no renueva tantas como la oposici\u00f3n.\u00a0<\/p>\n<p>Adem\u00e1s de la ca\u00edda en la imagen del gobierno por el caso Espert, el trabajo de Zuban C\u00f3rdoba se\u00f1ala que las expectativas econ\u00f3micas de la sociedad est\u00e1n en su punto m\u00e1s bajo: casi un 60% considera poco probable que Argentina pueda cumplir con sus obligaciones de deuda el a\u00f1o que viene.\u00a0<\/p>\n<p>Esto se suma a que el 64 por ciento desaprueba el gobierno de Milei. Las cr\u00edticas a la gesti\u00f3n del presidente vienen en aumento constante desde noviembre del a\u00f1o pasado, cuando su nivel de desaprobaci\u00f3n estaba doce puntos m\u00e1s abajo, en el 52 por ciento (contra el 64 actual).<\/p>\n<p>La imagen del propio Milei tambi\u00e9n ha empeorado, ya que hoy cosecha un 63 por ciento de opiniones negativas (seis puntos porcentuales peor que hace un a\u00f1o), aunque su ca\u00edda no ha sido tanta como la su hermana Karina, que tiene un 70 por ciento de rechazo, contra el 63 por ciento de hace un a\u00f1o.\u00a0<\/p>\n<p>Por otra parte, seis de cada diez argentinos descreen de la afirmaci\u00f3n presidencial de que \u201clo peor ya pas\u00f3\u201d, exponiendo\u00a0 as\u00ed el profundo pesimismo social que atraviesa el pa\u00eds. En cuanto al reciente anuncio sobre la baja de la pobreza que hizo el Indec, un 64,2 por ciento de los encuestados desconf\u00eda de que sea cierto.\u00a0<\/p>\n","protected":false},"excerpt":{"rendered":"Jos\u00e9 Luis Espert renunci\u00f3 a su candidatura luego de que su imagen negativa empeorase\u00a0 hasta cosechar un 70&hellip;\n","protected":false},"author":2,"featured_media":159521,"comment_status":"","ping_status":"","sticky":false,"template":"","format":"standard","meta":{"footnotes":""},"categories":[42],"tags":[17,18,17847,13,14,11,61,62,63,64,45507,19,20,9,10,15,16,12,21,22,65,66,67],"class_list":{"0":"post-159520","1":"post","2":"type-post","3":"status-publish","4":"format-standard","5":"has-post-thumbnail","7":"category-internacional","8":"tag-breaking-news","9":"tag-breakingnews","10":"tag-el-pais","11":"tag-featured-news","12":"tag-featurednews","13":"tag-headlines","14":"tag-internacional","15":"tag-international","16":"tag-international-news","17":"tag-internationalnews","18":"tag-jose-luis-espert","19":"tag-latest-news","20":"tag-latestnews","21":"tag-news","22":"tag-noticias","23":"tag-noticias-destacadas","24":"tag-noticiasdestacadas","25":"tag-titulares","26":"tag-ultimas-noticias","27":"tag-ultimasnoticias","28":"tag-world","29":"tag-world-news","30":"tag-worldnews"},"share_on_mastodon":{"url":"","error":""},"_links":{"self":[{"href":"https:\/\/www.europesays.com\/es\/wp-json\/wp\/v2\/posts\/159520","targetHints":{"allow":["GET"]}}],"collection":[{"href":"https:\/\/www.europesays.com\/es\/wp-json\/wp\/v2\/posts"}],"about":[{"href":"https:\/\/www.europesays.com\/es\/wp-json\/wp\/v2\/types\/post"}],"author":[{"embeddable":true,"href":"https:\/\/www.europesays.com\/es\/wp-json\/wp\/v2\/users\/2"}],"replies":[{"embeddable":true,"href":"https:\/\/www.europesays.com\/es\/wp-json\/wp\/v2\/comments?post=159520"}],"version-history":[{"count":0,"href":"https:\/\/www.europesays.com\/es\/wp-json\/wp\/v2\/posts\/159520\/revisions"}],"wp:featuredmedia":[{"embeddable":true,"href":"https:\/\/www.europesays.com\/es\/wp-json\/wp\/v2\/media\/159521"}],"wp:attachment":[{"href":"https:\/\/www.europesays.com\/es\/wp-json\/wp\/v2\/media?parent=159520"}],"wp:term":[{"taxonomy":"category","embeddable":true,"href":"https:\/\/www.europesays.com\/es\/wp-json\/wp\/v2\/categories?post=159520"},{"taxonomy":"post_tag","embeddable":true,"href":"https:\/\/www.europesays.com\/es\/wp-json\/wp\/v2\/tags?post=159520"}],"curies":[{"name":"wp","href":"https:\/\/api.w.org\/{rel}","templated":true}]}}