{"id":159526,"date":"2025-10-06T14:44:09","date_gmt":"2025-10-06T14:44:09","guid":{"rendered":"https:\/\/www.europesays.com\/es\/159526\/"},"modified":"2025-10-06T14:44:09","modified_gmt":"2025-10-06T14:44:09","slug":"berisso-handball-no-logra-levantar-cabeza-y-sigue-complicado-con-el-descenso","status":"publish","type":"post","link":"https:\/\/www.europesays.com\/es\/159526\/","title":{"rendered":"Berisso Handball no logra levantar cabeza y sigue complicado con el descenso"},"content":{"rendered":"<p style=\"line-height: 100%; margin-bottom: 0cm;\" align=\"justify\">El equipo de Berisso Handball volvi\u00f3 a quedarse con las manos vac\u00edas al caer por 32 a 27 ante Guernica, en un encuentro correspondiente a una nueva fecha del torneo. Con este resultado, el conjunto berissense acumula seis fechas sin victorias y contin\u00faa comprometido en su lucha por mantener la categor\u00eda.<\/p>\n<p style=\"line-height: 100%; margin-bottom: 0cm;\" align=\"justify\">A pesar del esfuerzo y algunos pasajes de buen juego, los dirigidos por el cuerpo t\u00e9cnico local no pudieron sostener la intensidad en los tramos decisivos del partido. Guernica aprovech\u00f3 mejor sus oportunidades y termin\u00f3 marcando la diferencia en el marcador.<\/p>\n<p style=\"line-height: 100%; margin-bottom: 0cm;\" align=\"justify\">Berisso Handball intentar\u00e1 recuperarse en la pr\u00f3xima fecha para cortar la mala racha y seguir peleando por la permanencia.<\/p>\n<p style=\"line-height: 100%; margin-bottom: 0cm;\" align=\"justify\">\u00a0<\/p>\n","protected":false},"excerpt":{"rendered":"El equipo de Berisso Handball volvi\u00f3 a quedarse con las manos vac\u00edas al caer por 32 a 27&hellip;\n","protected":false},"author":2,"featured_media":159527,"comment_status":"","ping_status":"","sticky":false,"template":"","format":"standard","meta":{"footnotes":""},"categories":[278],"tags":[376,168,25,24,375,23,167],"class_list":{"0":"post-159526","1":"post","2":"type-post","3":"status-publish","4":"format-standard","5":"has-post-thumbnail","7":"category-balonmano","8":"tag-balonmano","9":"tag-deportes","10":"tag-es","11":"tag-espana","12":"tag-handball","13":"tag-spain","14":"tag-sports"},"share_on_mastodon":{"url":"","error":""},"_links":{"self":[{"href":"https:\/\/www.europesays.com\/es\/wp-json\/wp\/v2\/posts\/159526","targetHints":{"allow":["GET"]}}],"collection":[{"href":"https:\/\/www.europesays.com\/es\/wp-json\/wp\/v2\/posts"}],"about":[{"href":"https:\/\/www.europesays.com\/es\/wp-json\/wp\/v2\/types\/post"}],"author":[{"embeddable":true,"href":"https:\/\/www.europesays.com\/es\/wp-json\/wp\/v2\/users\/2"}],"replies":[{"embeddable":true,"href":"https:\/\/www.europesays.com\/es\/wp-json\/wp\/v2\/comments?post=159526"}],"version-history":[{"count":0,"href":"https:\/\/www.europesays.com\/es\/wp-json\/wp\/v2\/posts\/159526\/revisions"}],"wp:featuredmedia":[{"embeddable":true,"href":"https:\/\/www.europesays.com\/es\/wp-json\/wp\/v2\/media\/159527"}],"wp:attachment":[{"href":"https:\/\/www.europesays.com\/es\/wp-json\/wp\/v2\/media?parent=159526"}],"wp:term":[{"taxonomy":"category","embeddable":true,"href":"https:\/\/www.europesays.com\/es\/wp-json\/wp\/v2\/categories?post=159526"},{"taxonomy":"post_tag","embeddable":true,"href":"https:\/\/www.europesays.com\/es\/wp-json\/wp\/v2\/tags?post=159526"}],"curies":[{"name":"wp","href":"https:\/\/api.w.org\/{rel}","templated":true}]}}