{"id":159528,"date":"2025-10-06T14:45:10","date_gmt":"2025-10-06T14:45:10","guid":{"rendered":"https:\/\/www.europesays.com\/es\/159528\/"},"modified":"2025-10-06T14:45:10","modified_gmt":"2025-10-06T14:45:10","slug":"lidia-rodriguez-bermejo-se-une-al-apoderamiento-de-jose-carlos-venegas-2","status":"publish","type":"post","link":"https:\/\/www.europesays.com\/es\/159528\/","title":{"rendered":"Lidia Rodr\u00edguez Bermejo se une al apoderamiento de Jos\u00e9 Carlos Venegas"},"content":{"rendered":"<p>El torero jienense<strong> Jos\u00e9 Carlos Venegas<\/strong> inicia una nueva etapa profesional con la incorporaci\u00f3n de <strong>Lidia Rodr\u00edguez Bermejo<\/strong> a su equipo de apoderamiento. A partir de ahora, ser\u00e1 ella, junto a su apoderado de toda la vida, <strong>Juan Carlos Campillo<\/strong>, quien gestione la carrera del diestro, consolidando as\u00ed un t\u00e1ndem que a\u00fana experiencia, confianza y nuevas perspectivas. Campillo ha acompa\u00f1ado a Venegas desde sus inicios, siendo un pilar fundamental en su trayectoria. La llegada de Lidia Rodr\u00edguez Bermejo representa un soplo de aire fresco a una relaci\u00f3n ya consolidada, y abre una etapa ilusionante en la que se conjugan lealtad, profesionalidad y una clara apuesta por el futuro.<\/p>\n","protected":false},"excerpt":{"rendered":"El torero jienense Jos\u00e9 Carlos Venegas inicia una nueva etapa profesional con la incorporaci\u00f3n de Lidia Rodr\u00edguez Bermejo&hellip;\n","protected":false},"author":2,"featured_media":159529,"comment_status":"","ping_status":"","sticky":false,"template":"","format":"standard","meta":{"footnotes":""},"categories":[277],"tags":[45,42747,373,168,25,24,47426,47427,47428,23,167,374],"class_list":{"0":"post-159528","1":"post","2":"type-post","3":"status-publish","4":"format-standard","5":"has-post-thumbnail","7":"category-toreo","8":"tag-45","9":"tag-apoderamiento","10":"tag-bullfighting","11":"tag-deportes","12":"tag-es","13":"tag-espana","14":"tag-jose-carlos-venegas","15":"tag-juan-carlos-campillo","16":"tag-lidia-rodriguez-bermejo","17":"tag-spain","18":"tag-sports","19":"tag-toreo"},"share_on_mastodon":{"url":"","error":""},"_links":{"self":[{"href":"https:\/\/www.europesays.com\/es\/wp-json\/wp\/v2\/posts\/159528","targetHints":{"allow":["GET"]}}],"collection":[{"href":"https:\/\/www.europesays.com\/es\/wp-json\/wp\/v2\/posts"}],"about":[{"href":"https:\/\/www.europesays.com\/es\/wp-json\/wp\/v2\/types\/post"}],"author":[{"embeddable":true,"href":"https:\/\/www.europesays.com\/es\/wp-json\/wp\/v2\/users\/2"}],"replies":[{"embeddable":true,"href":"https:\/\/www.europesays.com\/es\/wp-json\/wp\/v2\/comments?post=159528"}],"version-history":[{"count":0,"href":"https:\/\/www.europesays.com\/es\/wp-json\/wp\/v2\/posts\/159528\/revisions"}],"wp:featuredmedia":[{"embeddable":true,"href":"https:\/\/www.europesays.com\/es\/wp-json\/wp\/v2\/media\/159529"}],"wp:attachment":[{"href":"https:\/\/www.europesays.com\/es\/wp-json\/wp\/v2\/media?parent=159528"}],"wp:term":[{"taxonomy":"category","embeddable":true,"href":"https:\/\/www.europesays.com\/es\/wp-json\/wp\/v2\/categories?post=159528"},{"taxonomy":"post_tag","embeddable":true,"href":"https:\/\/www.europesays.com\/es\/wp-json\/wp\/v2\/tags?post=159528"}],"curies":[{"name":"wp","href":"https:\/\/api.w.org\/{rel}","templated":true}]}}