{"id":159532,"date":"2025-10-06T14:50:08","date_gmt":"2025-10-06T14:50:08","guid":{"rendered":"https:\/\/www.europesays.com\/es\/159532\/"},"modified":"2025-10-06T14:50:08","modified_gmt":"2025-10-06T14:50:08","slug":"christian-horner-habria-llegado-a-un-acuerdo-millonario-con-su-secretaria-la-que-le-denuncio-por-conducta-inapropiada","status":"publish","type":"post","link":"https:\/\/www.europesays.com\/es\/159532\/","title":{"rendered":"Christian Horner habr\u00eda llegado a un acuerdo millonario con su secretaria, la que le denunci\u00f3 por conducta inapropiada"},"content":{"rendered":"<p data-mrf-recirculation=\"Links P\u00e1rrafos\" class=\"ue-c-article__paragraph paragraph ue-c-article--first-letter-highlighted\">Supone el fin a un c<strong>ulebr\u00f3n que se destap\u00f3 en febrero de 2024<\/strong> y supuso un bombazo en los test de pretemporada de Bahr\u00e9in de aquel a\u00f1o. Incluso, los periodistas acreditados por la FIA en el Mundial de F1 recibimos<strong> correos an\u00f3nimos en el que se filtraban los textos y las fotos de la cuenta de Christian Horner, <\/strong>unos cientos, con los que habr\u00eda presionado a <strong>su asistente personal en Red Bull, Fiona Hewitson<\/strong>. Esos mensajes fueron <strong>el motivo de una investigaci\u00f3n interna por &#8216;conducta inapropiada&#8217; <\/strong>en la que <strong>se acabar\u00eda exonerando al director deportivo<\/strong> del equipo de Max Verstappen, pero que no se cerrar\u00eda del todo.<\/p>\n<p data-mrf-recirculation=\"Links P\u00e1rrafos\" class=\"ue-c-article__paragraph paragraph\">La trabajadora fue<strong> luego despedida de su puesto en Red Bull<\/strong>, seg\u00fan desvelaron varios medios brit\u00e1nico y por eso interpuso una demanda legal ente el Tribunal Laboral brit\u00e1nico.<\/p>\n<p data-mrf-recirculation=\"Links P\u00e1rrafos\" class=\"ue-c-article__paragraph paragraph\">Ahora, el diario holand\u00e9s &#8216;De Telegraaf&#8217; informa que \u00abha <strong>quedado claro que se ha llegado a un acuerdo y que la demanda interpuesta por la mujer <\/strong>en relaci\u00f3n con el caso Horner ha sido retirada. Si el caso hubiera continuado, toda la historia entre ambos, incluyendo, por ejemplo, todas las conversaciones telef\u00f3nicas con Horner, se habr\u00edan abordado en profundidad en la vista judicial. En resumen: todo habr\u00eda salido a la luz\u00bb, publica el periodista <strong>Erik van Haren<\/strong>, fuente muy bien informada sobre Red Bull y muy cercana a la familia Verstappen.<\/p>\n<p data-mrf-recirculation=\"Links P\u00e1rrafos\" class=\"ue-c-article__paragraph paragraph\">Y en Gran Breta\u00f1a no se habr\u00eda publicado ni una l\u00ednea sobre el asunto, \u00abdebido a una Orden de Restricci\u00f3n de Informaci\u00f3n (RRO) emitida por el tribunal del Reino Unido a petici\u00f3n de la defensa de Horner. Esta orden sigue vigente\u00bb, seg\u00fan dice dicha informaci\u00f3n.<\/p>\n<p>Un acuerdo \u00abde millones\u00bb<\/p>\n<p data-mrf-recirculation=\"Links P\u00e1rrafos\" class=\"ue-c-article__paragraph paragraph\">Seg\u00fan prosigue el art\u00cdculo: \u00ab<strong>Se desconoce la cantidad involucrada en el acuerdo, pero con seguridad asciende a varios millones de euros<\/strong>. Cabe destacar que la mujer, que desde entonces ha empezado a trabajar en Cadillac, tambi\u00e9n ha tenido que desembolsar una suma considerable en honorarios legales a lo largo de los a\u00f1os\u00bb.<\/p>\n<p data-mrf-recirculation=\"Links P\u00e1rrafos\" class=\"ue-c-article__paragraph paragraph\">Lo curioso del asunto es que Horner habr\u00eda pagado a su antigua asistente <strong>dos semanas despu\u00e9s de cobrar la indemnizaci\u00f3n de despido de Red Bull, que ha ascendido finalmente a 60 millones<\/strong> de euros. Se supone que el brit\u00e1nico habr\u00eda perdonado 15 millones de los 75 que le correspond\u00edan, a cambio de poder volver a trabajar en otro equipo de F1 a partir de 2026.<\/p>\n<p data-mrf-recirculation=\"Links P\u00e1rrafos\" class=\"ue-c-article__paragraph paragraph\">Seg\u00fan se desvel\u00f3 en la rueda de prenda de directores de equipo en Singapur,<strong> Horner est\u00e1 haciendo gestiones y ha llamado a casi todos los equipos para saber si contar\u00edan con sus servicios.<\/strong> Aunque dado que\u00a0Fiona Hewitson (cuyo nombre desvel\u00f3 &#8216;Bild&#8217; hace una semanas, est\u00e1 trabajando para Cadillac, no parece que la nueva escuadra vaya a ser su nuevo destino&#8230; O s\u00ed, nunca se sabe.<\/p>\n","protected":false},"excerpt":{"rendered":"Supone el fin a un culebr\u00f3n que se destap\u00f3 en febrero de 2024 y supuso un bombazo en&hellip;\n","protected":false},"author":2,"featured_media":159533,"comment_status":"","ping_status":"","sticky":false,"template":"","format":"standard","meta":{"footnotes":""},"categories":[270],"tags":[168,25,24,306,271,272,23,167],"class_list":{"0":"post-159532","1":"post","2":"type-post","3":"status-publish","4":"format-standard","5":"has-post-thumbnail","7":"category-formula-1","8":"tag-deportes","9":"tag-es","10":"tag-espana","11":"tag-f1","12":"tag-formula-1","13":"tag-formula1","14":"tag-spain","15":"tag-sports"},"share_on_mastodon":{"url":"","error":""},"_links":{"self":[{"href":"https:\/\/www.europesays.com\/es\/wp-json\/wp\/v2\/posts\/159532","targetHints":{"allow":["GET"]}}],"collection":[{"href":"https:\/\/www.europesays.com\/es\/wp-json\/wp\/v2\/posts"}],"about":[{"href":"https:\/\/www.europesays.com\/es\/wp-json\/wp\/v2\/types\/post"}],"author":[{"embeddable":true,"href":"https:\/\/www.europesays.com\/es\/wp-json\/wp\/v2\/users\/2"}],"replies":[{"embeddable":true,"href":"https:\/\/www.europesays.com\/es\/wp-json\/wp\/v2\/comments?post=159532"}],"version-history":[{"count":0,"href":"https:\/\/www.europesays.com\/es\/wp-json\/wp\/v2\/posts\/159532\/revisions"}],"wp:featuredmedia":[{"embeddable":true,"href":"https:\/\/www.europesays.com\/es\/wp-json\/wp\/v2\/media\/159533"}],"wp:attachment":[{"href":"https:\/\/www.europesays.com\/es\/wp-json\/wp\/v2\/media?parent=159532"}],"wp:term":[{"taxonomy":"category","embeddable":true,"href":"https:\/\/www.europesays.com\/es\/wp-json\/wp\/v2\/categories?post=159532"},{"taxonomy":"post_tag","embeddable":true,"href":"https:\/\/www.europesays.com\/es\/wp-json\/wp\/v2\/tags?post=159532"}],"curies":[{"name":"wp","href":"https:\/\/api.w.org\/{rel}","templated":true}]}}