{"id":159534,"date":"2025-10-06T14:51:13","date_gmt":"2025-10-06T14:51:13","guid":{"rendered":"https:\/\/www.europesays.com\/es\/159534\/"},"modified":"2025-10-06T14:51:13","modified_gmt":"2025-10-06T14:51:13","slug":"balon-al-aire-en-el-grupo-b-zona-de-basquet","status":"publish","type":"post","link":"https:\/\/www.europesays.com\/es\/159534\/","title":{"rendered":"Bal\u00f3n al aire en el Grupo B \u2013 Zona de B\u00e1squet"},"content":{"rendered":"<p style=\"text-align: justify\">Todo a punto para que el pr\u00f3ximo fin de semana, 4 y 5 de octubre, la pelota naranja empiece a rodar en las canchas del Grupo B de la Tercera FEB, que esta temporada, como la anterior, re\u00fane a 28 equipos de la Comunidad de Madrid, Castilla-La Mancha y Canarias.\u00a0<\/p>\n<p style=\"text-align: justify\">Hasta esa fecha los equipos, doce de Madrid, ocho de Castilla-La Mancha y otros ocho de Canarias, divididos en dos subgrupos (BA y BB), miden sus fuerzas en partidos amistosos y en los\u00a0 torneos de pretemporada que se disputan en sus respectivas Comunidades, se\u00f1alados como banco de pruebas antes del comienzo de la Liga Regular.\u00a0<\/p>\n<p style=\"text-align: justify\">El Grupo B, tambi\u00e9n conocido como Conferencia Centro y posiblemente el m\u00e1s duro de esta competici\u00f3n amateur, es uno de los cinco (A, B, C, D y E) de la Tercera FEB, que re\u00fane en total a casi 140 equipos seg\u00fan su proximidad geogr\u00e1fica.\u00a0<\/p>\n<p style=\"text-align: justify\">As\u00ed, una temporada m\u00e1s, la Liga m\u00e1s multitudinaria del basket espa\u00f1ol en cuanto al n\u00famero de equipos y jugadores volver\u00e1 a cubrir de baloncesto, con el bote del bal\u00f3n y el chirriar de las zapatillas sobre el parquet, la totalidad de la geograf\u00eda nacional.<\/p>\n<p style=\"text-align: justify\">La Liga Regular se prolongar\u00e1 hasta el 18 de abril de 2026, en total siete meses y 26 jornadas de competici\u00f3n. A partir de ah\u00ed comenzar\u00e1 el camino hacia las seis plazas de ascenso de una Liga que disputar\u00e1 su Fase Final entre el 28 y el 31 de mayo de 2026.<\/p>\n<p style=\"text-align: justify\">La Tercera FEB, que ha sustituido a la conocida como Liga EBA (Liga Espa\u00f1ola de Baloncesto Amateur), es la m\u00e1s longeva del baloncesto espa\u00f1ol.\u00a0Se disput\u00f3 por primera vez como EBA en la temporada 1994\/95, siendo entonces la segunda competici\u00f3n nacional solo por detr\u00e1s de la ACB. Despu\u00e9s baj\u00f3 hasta el cuarto nivel con la creaci\u00f3n de las ligas LEB Oro y LEB Plata, hoy Primera y Segunda FEB.\u00a0<\/p>\n<p style=\"text-align: justify\">Entre las novedades para esta temporada la implementaci\u00f3n del saque r\u00e1pido desde campo defensivo o la presencia m\u00ednima de ocho jugadores disponibles para la disputa de cada encuentro, adem\u00e1s de la relativa al sistema de acceso a las Fases de Ascenso a Segunda FEB, que se sufre una profunda remodelaci\u00f3n, <a href=\"https:\/\/zonadebasquet.com\/2025\/07\/03\/la-tercera-feb-estrena-sistema-de-clasificacion-a-las-fases-de-ascenso\/\" target=\"_blank\" rel=\"noopener nofollow\">tal y como hemos analizado ya en Zona de B\u00e1squet<\/a> en un art\u00edculo en el que desgran\u00e1bamos los detalles del nuevo sistema. De forma resumida, se reducen a dos los equipos clasificados de forma directa tras la Liga Regular, que en esta ocasi\u00f3n ser\u00e1n los campeones de los Grupos EA y EB. En el resto de Conferencias, ambos campeones de grupo se enfrentar\u00e1n en eliminatorias a ida y vuelta de las que saldr\u00e1n otros cuatro clasificados. Por otra parte, se establece otro camino m\u00e1s largo por el que transitar\u00e1n los equipos clasificados del 2\u00ba al 4\u00ba en cada grupo (hasta el 5\u00ba en el caso de la Conferencia E), m\u00e1s los que no hayan logrado la clasificaci\u00f3n por el \u00abCamino de los campeones\u00bb.<\/p>\n<p style=\"text-align: center\"><b>Los equipos\u00a0<\/b><\/p>\n<p style=\"text-align: justify\">De la Comunidad de <b>Madrid REPITEN<\/b> esta temporada Movistar Estudiantes, Probasketlab Fuenlabrada, Uros de Rivas, Real Canoe, Sumialki Ciudad de M\u00f3stoles, Cesur Distrito Ol\u00edmpico, Baloncesto Alcal\u00e1, CB Tres Cantos y Zentro Basket Madrid; <b>REGRESAN<\/b> a esta competici\u00f3n Alcobendas CB, Grupo Egido PintoBasket y ADC Boadilla, y <b>NO EST\u00c1N <\/b>Getafe, Real Madrid, Pablo Laso Academy y Sun Chlorella Dragons.<\/p>\n<p style=\"text-align: justify\">Alcobendas vuelve a la competici\u00f3n \u201cpor la v\u00eda administrativa\u201d un a\u00f1o despu\u00e9s de que renunciara al no lograr los apoyos econ\u00f3micos necesarios; PintoBasket, que descendi\u00f3 en 2023, vuelve al proclamarse campe\u00f3n de la Liga VIPS, y Boadilla sube por derechos deportivos tras la renuncia de Liceo Franc\u00e9s.<\/p>\n<p style=\"text-align: justify\">No est\u00e1 Getafe, que jugar\u00e1 en Segunda FEB. Dos victorias en dos partidos y los madrile\u00f1os, segundos del subgrupo BB tras el Real Madrid al final de la Liga Regular, lograron el ascenso matem\u00e1tico en la segunda jornada de la Fase Final que se disput\u00f3 en Zaragoza.<\/p>\n<p style=\"text-align: justify\">La ausencia del Real Madrid obedece a su participaci\u00f3n en la Liga U, la nueva competici\u00f3n Sub-22 que comienza su andadura esta temporada y de la que forman parte las canteras de 15 de los 18 equipos de la Liga Endesa.\u00a0<\/p>\n<p style=\"text-align: justify\">Del Grupo B jugaron tambi\u00e9n la Fase de Ascenso a Segunda FEB CB Aridane y Fundaci\u00f3n Globalcaja La Roda, pero ninguno de los dos consigui\u00f3 su objetivo.\u00a0<\/p>\n<p style=\"text-align: justify\">De <b>Castilla-La Mancha<\/b> <b>REPITEN<\/b> Baloncesto Talavera, Globalcaja La Roda, CD Basket Globalcaja Quintanar, el Ventero CBV, Tobarra CB y Lujisa Guadalajara\u00a0 Basket; <b>REGRESAN<\/b> Autocares Rodr\u00edguez Daimiel y Recucym BAZU, que ascienden por m\u00e9ritos deportivos, y <b>NO EST\u00c1<\/b> Cabezuelo CB Socu\u00e9llamos, que perdi\u00f3 la categor\u00eda.<\/p>\n<p style=\"text-align: justify\">De <b>Canarias<\/b>, <b>REPITEN <\/b>Toscones Corralejo, Zamorales La Matanza, N\u00e1utico de Tenerife, CB Aridane y EB Felipe Anton; <b>REGRESA<\/b> Inmobiliaria Galvez Santa Cruz; <b>SE SUMAN<\/b> CD Mensajero y Baloncesto Telde, que suben por m\u00e9ritos deportivos, y <b>NO EST\u00c1N <\/b>Transportes Gobra G\u00fc\u00edmar y CB Valsequillo, que perdieron la categor\u00eda, as\u00ed como el CB Canarias (filial del Club Baloncesto Gran Canaria), que se ha unido a la Liga U22.<\/p>\n<p style=\"text-align: justify\">A finales del pasado mes de agosto public\u00e1bamos una <a href=\"https:\/\/zonadebasquet.com\/2025\/08\/26\/primera-aproximacion-a-la-tercera-feb-25-26-a-y-b\/\" target=\"_blank\" rel=\"noopener nofollow\">Primera aproximaci\u00f3n a la Tercera FEB (A y B)<\/a> en el que <a href=\"https:\/\/x.com\/m_jordan9\" target=\"_blank\" rel=\"noopener nofollow\">@m_jordan9<\/a> presentaba las plantillas de los equipos de esta Conferencia B.<\/p>\n<p style=\"text-align: center\"><b>Los debutantes<\/b><\/p>\n<p style=\"text-align: justify\">De los 28 equipos de la Conferencia B solo dos debutan en la categor\u00eda, los canarios CD Mensajero\u00a0 y Baloncesto Telde<\/p>\n<p style=\"text-align: justify\">El Mensajero se impuso en la final de la Primera Nacional Masculina al Santa Cruz por 68-76 en un partido disputado en el Pabell\u00f3n Municipal de Tacoronte. En la informaci\u00f3n <a href=\"http:\/\/basketmaniatenerife.es\" target=\"_blank\" rel=\"noopener nofollow\"><b>basketmaniatenerife.es<\/b><\/a> indicaba que los palmeros presentes \u201crespaldaron cada canasta de su equipo y lo llevaron en volandas hacia un triunfo, el m\u00e1s importante de su trayectoria cestista, que le va a permitir, si la inscripci\u00f3n se completa satisfactoriamente, ser uno de los seis clubes con presencia en la Tercera FEB\u201d.<\/p>\n<p style=\"text-align: justify\">El Club Baloncesto Telde (Telde. Gran Canaria. Provincia de Las Palmas) \u201csalta por primera vez al escenario nacional y lo hace con la misma garra que nos ha tra\u00eddo hasta aqu\u00ed: pasi\u00f3n, trabajo y afici\u00f3n\u201d, dice en sus redes sociales el club canario. \u201cCada entreno bajo el sol canario, cada punto, cada aplauso\u2026 TODO nos ha llevado a este logro hist\u00f3rico\u2026 Llega un nuevo reto, un nuevo viaje: la TERCERA FEB. Venimos con m\u00e1s ilusi\u00f3n que nunca y la mirada fija en dejar el nombre de Telde bien alto\u201d.<\/p>\n<p style=\"text-align: center\"><b>Pretemporada<\/b><\/p>\n<p style=\"text-align: justify\">A la espera del comienzo de la competici\u00f3n todos los equipos llevan trabajando varias semanas y han medido sus fuerzas en los torneos de pretemporada que sirven para la presentaci\u00f3n de las plantillas y de ensayo general de cara la Liga Regular.<\/p>\n<p style=\"text-align: justify\">Entre ellos destacan el Torneo Tercera FEB de la Comunidad de Madrid \u201cMemorial Juan Mart\u00edn Ca\u00f1o\u201d y el Trofeo Junta de Comunidades de Castilla-La Mancha.<\/p>\n<p style=\"text-align: center\"><b>Uros de Rivas, campe\u00f3n Torneo Tercera FEB de Madrid<\/b><b>\u00a0<\/b><\/p>\n<p style=\"text-align: justify\">Uros de Rivas se proclam\u00f3 campe\u00f3n del Torneo Tercera FEB de la Comunidad de Madrid \u201cMemorial Juan Mart\u00edn Ca\u00f1o\u201d al imponerse en un choque muy competido a Baloncesto Alcal\u00e1 (61-66).<\/p>\n<p style=\"text-align: justify\">En el Torneo, organizado por la Federaci\u00f3n de Baloncesto de Madrid y que desde 2018 rinde homenaje al que fuera presidente de la FBM durante 23 a\u00f1os,\u00a0 participaron los 12 equipos de esta Comunidad que juegan en Tercera FEB.<\/p>\n<p style=\"text-align: justify\">En total se disputaron 15 partidos en los que se pudo ver lo mejor del baloncesto de Madrid, comunidad integrada en el Grupo a B de la Tercera FEB junto a Castilla-La Mancha y Canarias.<\/p>\n<p style=\"text-align: justify\">Los 12 equipos se dividieron en cuatro grupos. En el A, Movistar Estudiantes,\u00a0 Distrito Ol\u00edmpico y Fuenlabrada; en el B, CB Tres Cantos, Zentro Basket Madrid y PintoBasket; en el C, Real Canoe NC, Uros de Rivas y ADC Boadilla, y en el D, Ciudad de M\u00f3stoles, Baloncesto Alcal\u00e1 y Alcobendas CB.\u00a0<\/p>\n<p style=\"text-align: justify\">Tras ganar sus dos partidos de la Fase de Grupos llegaron a semifinales Movistar Estudiantes, Baloncesto Alcal\u00e1, CB Tres Cantos y Uros de Rivas.<\/p>\n<p style=\"text-align: justify\">En la primera semifinal Movistar Estudiantes perdi\u00f3 ante Baloncesto Alcal\u00e1 (66-79) en un partido en el que se midieron juventud y veteran\u00eda, y en la segunda, CB Tres Cantos cay\u00f3 ante Uros de Rivas (55-66).<\/p>\n<p style=\"text-align: justify\">En la final, en un choque muy igualado, Uros de Rivas impuso su juego colectivo ante Baloncesto Alcal\u00e1, al que gan\u00f3 61-66 proclam\u00e1ndose campe\u00f3n del Torneo.\u00a0\u00a0<\/p>\n<p style=\"text-align: center\"><b>Albacete y Toledo, a la final del Trofeo Junta Comunidades\u00a0<\/b><b>Castilla-La Mancha<\/b><\/p>\n<p style=\"text-align: justify\">Bueno Arenas Albacete Basket y CB Toledo Basket jugar\u00e1n la final del Trofeo Junta de Comunidades de Castilla-La Mancha 2025, que ha reunido a 10 equipos de esta regi\u00f3n, ocho de Tercera FEB y dos de Segunda FEB.<\/p>\n<p style=\"text-align: justify\">La final del Trofeo JCCM, que organiza la Federaci\u00f3n de Baloncesto de Castilla-La Mancha, se disputar\u00e1 el 27 de noviembre en cancha a\u00fan por confirmar, con el t\u00edtulo regional en juego.<\/p>\n<p style=\"text-align: justify\">En semifinales Albacete Basket se impuso a Fundaci\u00f3n Globalcaja La Roda (76-82) y Toledo Basket a Baloncesto Talavera (59-120).<\/p>\n<p style=\"text-align: justify\">Sergio Vicente \u201cYeyo\u201d, entrenador del CB Toledo Basket, un nuevo club que ha aterrizado directamente en Segunda FEB, se mostr\u00f3 satisfecho con la actuaci\u00f3n de sus jugadores: \u201cEs la final esperada, entre los dos equipos de mayor categor\u00eda. Creo que Talavera tiene buena plantilla, pero nosotros estuvimos sobresalientes\u201d.<\/p>\n<p style=\"text-align: justify\">A\u00f1adi\u00f3 que en el tiro de tres \u201cestuvimos muy acertados y ellos no pudieron seguirnos el ritmo desde el principio. Esa fue la diferencia\u201d.<\/p>\n<p style=\"text-align: justify\">De Segunda FEB participaron en el Torneo Bueno Arenas Albacete Basket y CB Toledo Basket, y de Tercera, Fundaci\u00f3n Globalcaja La Roda, Lujisa Guadalajara Basket, Globalcaja Quintanar, Baloncesto Talavera, El Ventero CB Villarrobledo, Tobarra CB, Recucym Bazu y Autocares Rodr\u00edguez Daimiel.<\/p>\n<p style=\"text-align: justify\">Los ocho equipos de Tercera FEB disputaron una Fase de Grupos (dos grupos de cuatro equipos) por cercan\u00eda geogr\u00e1fica y a una sola vuelta, de la que el primer clasificado de cada uno pas\u00f3 directamente a semifinales, en las que se midieron a los dos equipos de Segunda FEB que entraron en ese momento en la competici\u00f3n.\u00a0<\/p>\n<p style=\"text-align: justify\">Un formato que sirve para la preparaci\u00f3n de las respectivas pretemporadas de los clubes. Un a\u00f1o m\u00e1s se mantendr\u00e1 la dotaci\u00f3n econ\u00f3mica de los premios en ambas categor\u00edas, 3.000 \u20ac para el Campe\u00f3n y 1.500 \u20ac para el subcampe\u00f3n.<\/p>\n","protected":false},"excerpt":{"rendered":"Todo a punto para que el pr\u00f3ximo fin de semana, 4 y 5 de octubre, la pelota naranja&hellip;\n","protected":false},"author":2,"featured_media":159535,"comment_status":"","ping_status":"","sticky":false,"template":"","format":"standard","meta":{"footnotes":""},"categories":[269],"tags":[299,298,168,25,24,23,167],"class_list":{"0":"post-159534","1":"post","2":"type-post","3":"status-publish","4":"format-standard","5":"has-post-thumbnail","7":"category-baloncesto","8":"tag-baloncesto","9":"tag-basketball","10":"tag-deportes","11":"tag-es","12":"tag-espana","13":"tag-spain","14":"tag-sports"},"share_on_mastodon":{"url":"","error":""},"_links":{"self":[{"href":"https:\/\/www.europesays.com\/es\/wp-json\/wp\/v2\/posts\/159534","targetHints":{"allow":["GET"]}}],"collection":[{"href":"https:\/\/www.europesays.com\/es\/wp-json\/wp\/v2\/posts"}],"about":[{"href":"https:\/\/www.europesays.com\/es\/wp-json\/wp\/v2\/types\/post"}],"author":[{"embeddable":true,"href":"https:\/\/www.europesays.com\/es\/wp-json\/wp\/v2\/users\/2"}],"replies":[{"embeddable":true,"href":"https:\/\/www.europesays.com\/es\/wp-json\/wp\/v2\/comments?post=159534"}],"version-history":[{"count":0,"href":"https:\/\/www.europesays.com\/es\/wp-json\/wp\/v2\/posts\/159534\/revisions"}],"wp:featuredmedia":[{"embeddable":true,"href":"https:\/\/www.europesays.com\/es\/wp-json\/wp\/v2\/media\/159535"}],"wp:attachment":[{"href":"https:\/\/www.europesays.com\/es\/wp-json\/wp\/v2\/media?parent=159534"}],"wp:term":[{"taxonomy":"category","embeddable":true,"href":"https:\/\/www.europesays.com\/es\/wp-json\/wp\/v2\/categories?post=159534"},{"taxonomy":"post_tag","embeddable":true,"href":"https:\/\/www.europesays.com\/es\/wp-json\/wp\/v2\/tags?post=159534"}],"curies":[{"name":"wp","href":"https:\/\/api.w.org\/{rel}","templated":true}]}}