{"id":159536,"date":"2025-10-06T14:53:17","date_gmt":"2025-10-06T14:53:17","guid":{"rendered":"https:\/\/www.europesays.com\/es\/159536\/"},"modified":"2025-10-06T14:53:17","modified_gmt":"2025-10-06T14:53:17","slug":"jesulin-de-ubrique-actualiza-su-estado-de-salud-un-ano-despues-de-ser-ingresado-de-urgencia-por-un-microinfarto-tengo-una-pequena-lesion","status":"publish","type":"post","link":"https:\/\/www.europesays.com\/es\/159536\/","title":{"rendered":"Jesul\u00edn de Ubrique actualiza su estado de salud un a\u00f1o despu\u00e9s de ser ingresado de urgencia por un microinfarto: \u00abTengo una peque\u00f1a lesi\u00f3n\u00bb"},"content":{"rendered":"<p><img loading=\"lazy\" decoding=\"async\" src=\"https:\/\/www.europesays.com\/es\/wp-content\/uploads\/2025\/09\/100x100_informalia-logo.jpg\" itemtype=\"\/\/schema.org\/ImageObject\" itemprop=\"url\" alt=\"Informalia\" width=\"64\" height=\"64\" pinger-seen=\"true\"\/><\/p>\n<p>Alejado del foco medi\u00e1tico y centrado en sus hijos y en la familia que ha formado junto a <b>Mar\u00eda Jos\u00e9 Campanario<\/b>, <b>Jesul\u00edn de Ubrique<\/b> ha reaparecido este lunes en la presentaci\u00f3n del III festival solidario de Guillena que se celebrar\u00e1 el pr\u00f3ximo 18 de octubre y en el que compartir\u00e1 cartel con otras figuras del toreo como<b> Manuel Escribano<\/b>, entre otros.<\/p>\n<p>\u00abUn a\u00f1o m\u00e1s. Yo es la segunda vez que vengo y encantado, la verdad <b>es que es un festival montado con much\u00edsimo cari\u00f1o<\/b>, sobre todo para una causa m\u00e1s justificada y bueno, lo que pueda uno arrimar, el granito de arena que pueda arrimar, pues bienvenido sea\u00bb ha expresado.<\/p>\n<p>Sobre c\u00f3mo se encuentra, el diestro ha asegurado que, aunque est\u00e1 \u00abmuy bien\u00bb, padece una peque\u00f1a lesi\u00f3n en la rodilla. \u00ab<b>Tengo una peque\u00f1a lesi\u00f3n ah\u00ed en la rodilla<\/b>, pero bueno,<b> me la est\u00e1n tratando y de momento pues voy un poco tirando con infiltraci\u00f3n<\/b>, pero bueno, <b>me est\u00e1 respondiendo bien de momento<\/b>\u00ab, ha revelado.<\/p>\n<p>Hay que recordar que hace justo un a\u00f1o <a href=\"https:\/\/www.eleconomista.es\/informalia\/famosos\/noticias\/12977698\/09\/24\/jesulin-de-ubrique-ingresado-de-urgencia-tras-sufrir-un-microinfarto.html\" rel=\"nofollow noopener\" target=\"_blank\">Jes\u00fas ingres\u00f3 de urgencia en el Hospital Regional de M\u00e1laga debido a un fallo card\u00edaco cuando se encontraba disfrutando de unos d\u00edas de vacaciones con su mujer<\/a>. Este lunes, el padre de Julia y Andrea Janeiro ha asegurado que no tiene ninguna secuela ni sabe qu\u00e9 motiv\u00f3 su hospitalizaci\u00f3n. \u00ab<b>Nada, nada, nada, no, nada, nada, y adem\u00e1s no supe ni lo que pas\u00f3 todav\u00eda<\/b>\u00ab, ha afirmado.<\/p>\n<p>Jesul\u00edn tambi\u00e9n ha desvelado que Mar\u00eda Jos\u00e9 <b>\u00abest\u00e1 muy bien<\/b>\u00ab, aclarando que la reacci\u00f3n al\u00e9rgica que tuvo el pasado verano y que le provoc\u00f3 una erupci\u00f3n de ronchas ha sido <b>\u00abpoca cosa\u00bb<\/b>.<\/p>\n<p>Y aunque fiel a su discreci\u00f3n no ha querido entrar en detalles, s\u00ed ha desvelado que sus hijos Julia, Jes\u00fas Alejandro y el peque\u00f1o Hugo se encuentran \u00abfenomenal\u00bb, al igual que su hermana Carmen Janeiro, dejando en el aire si contin\u00faa viviendo en Marbella o si ha vuelto a Ubrique para cuidar de su madre. \u00ab<b>Mi hermana est\u00e1 estupendamente fenomenal. Lo que pasa es que yo no hablo de mis hermanos, pero est\u00e1n todos muy bien<\/b>\u00bb ha se\u00f1alado.<\/p>\n<p>Lo que s\u00ed ha querido desmentir son las informaciones sobre el estado de salud de <b>Carmen Baz\u00e1n<\/b>, despu\u00e9s de que se asegurara que tendr\u00eda problemas de movilidad por los que necesitar\u00eda ayuda de sus familiares. \u00ab<b>No, mi madre se oper\u00f3 ya hace mucho tiempo de la cadera. Est\u00e1 muy bien, todo bien<\/b>\u00bb ha zanjado.<\/p>\n<p>WhatsApp<a href=\"https:\/\/api.whatsapp.com\/send?text=https:\/\/www.eleconomista.es\/informalia\/famosos\/noticias\/13569936\/09\/25\/jesulin-de-ubrique-actualiza-su-estado-de-salud-un-ano-despues-de-ser-ingresado-de-urgencia-por-un-microinfarto-tengo-una-pequena-lesion.html?utm_source%3Dwhatsapp%26utm_medium%3Dshare_button&amp;id=1648118629957_whatsapp\" target=\"_blank\" data-action=\"share\/whatsapp\/share\" aria-label=\"Compartir en Whatsapp\" rel=\"nofollow noopener\"><\/a>Facebook<a id=\"fb-share\" href=\"#\" target=\"_blank\" rel=\"noopener noreferrer\" aria-label=\"Compartir en Facebook\"><\/a>Twitter<a href=\"https:\/\/twitter.com\/share?text=Jesul%C3%ADn+de+Ubrique+actualiza+su+estado+de+salud+un+a%C3%B1o+despu%C3%A9s+de+ser+ingresado+de+urgencia+por+un+microinfarto%3A+%22Tengo+una+peque%C3%B1a+lesi%C3%B3n%22&amp;url=https:\/\/www.eleconomista.es\/informalia\/famosos\/noticias\/13569936\/09\/25\/jesulin-de-ubrique-actualiza-su-estado-de-salud-un-ano-despues-de-ser-ingresado-de-urgencia-por-un-microinfarto-tengo-una-pequena-lesion.html&amp;via=Informalia&amp;id=1648118839245_twitter\" target=\"_blank\" aria-label=\"Compartir en Twitter\" rel=\"nofollow noopener\"><\/a>Linkedin<a onclick=\"return abrirLinkedin();\" href=\"https:\/\/www.linkedin.com\/shareArticle?text=Jesul%C3%ADn+de+Ubrique+actualiza+su+estado+de+salud+un+a%C3%B1o+despu%C3%A9s+de+ser+ingresado+de+urgencia+por+un+microinfarto%3A+%22Tengo+una+peque%C3%B1a+lesi%C3%B3n%22&amp;url=https:\/\/www.eleconomista.es\/informalia\/famosos\/noticias\/13569936\/09\/25\/jesulin-de-ubrique-actualiza-su-estado-de-salud-un-ano-despues-de-ser-ingresado-de-urgencia-por-un-microinfarto-tengo-una-pequena-lesion.html&amp;mini=true\" target=\"_blank\" aria-label=\"Compartir en linkedin\" rel=\"nofollow noopener\"><\/a>Beloud<a href=\"https:\/\/beloud.com\/share?text=Jesul%C3%ADn+de+Ubrique+actualiza+su+estado+de+salud+un+a%C3%B1o+despu%C3%A9s+de+ser+ingresado+de+urgencia+por+un+microinfarto%3A+%22Tengo+una+peque%C3%B1a+lesi%C3%B3n%22&amp;url=https:\/\/www.eleconomista.es\/informalia\/famosos\/noticias\/13569936\/09\/25\/jesulin-de-ubrique-actualiza-su-estado-de-salud-un-ano-despues-de-ser-ingresado-de-urgencia-por-un-microinfarto-tengo-una-pequena-lesion.html&amp;via=Informalia&amp;id=1648118839245_beloud\" target=\"_blank\" aria-label=\"Compartir en beloud\" rel=\"nofollow noopener\"><\/a>Bluesky<a href=\"https:\/\/bsky.app\/intent\/compose?text=https:\/\/bsky.app\/intent\/compose?text=https:\/\/www.eleconomista.es\/informalia\/famosos\/noticias\/13569936\/09\/25\/jesulin-de-ubrique-actualiza-su-estado-de-salud-un-ano-despues-de-ser-ingresado-de-urgencia-por-un-microinfarto-tengo-una-pequena-lesion.html&amp;url=https:\/\/www.eleconomista.es\/informalia\/famosos\/noticias\/13569936\/09\/25\/jesulin-de-ubrique-actualiza-su-estado-de-salud-un-ano-despues-de-ser-ingresado-de-urgencia-por-un-microinfarto-tengo-una-pequena-lesion.html&amp;via=elEconomistaes&amp;id=1648118839245_bluesky\" target=\"_blank\" aria-label=\"Compartir en bluesky\" rel=\"nofollow noopener\"><\/a><\/p>\n<p><script async src=\"https:\/\/platform.twitter.com\/widgets.js\" charset=\"utf-8\"><\/script><\/p>\n","protected":false},"excerpt":{"rendered":"Alejado del foco medi\u00e1tico y centrado en sus hijos y en la familia que ha formado junto a&hellip;\n","protected":false},"author":2,"featured_media":159537,"comment_status":"","ping_status":"","sticky":false,"template":"","format":"standard","meta":{"footnotes":""},"categories":[174],"tags":[255,146,147,25,24,256,260,23],"class_list":{"0":"post-159536","1":"post","2":"type-post","3":"status-publish","4":"format-standard","5":"has-post-thumbnail","7":"category-famosos","8":"tag-celebrities","9":"tag-entertainment","10":"tag-entretenimiento","11":"tag-es","12":"tag-espana","13":"tag-famosos","14":"tag-gente","15":"tag-spain"},"share_on_mastodon":{"url":"","error":""},"_links":{"self":[{"href":"https:\/\/www.europesays.com\/es\/wp-json\/wp\/v2\/posts\/159536","targetHints":{"allow":["GET"]}}],"collection":[{"href":"https:\/\/www.europesays.com\/es\/wp-json\/wp\/v2\/posts"}],"about":[{"href":"https:\/\/www.europesays.com\/es\/wp-json\/wp\/v2\/types\/post"}],"author":[{"embeddable":true,"href":"https:\/\/www.europesays.com\/es\/wp-json\/wp\/v2\/users\/2"}],"replies":[{"embeddable":true,"href":"https:\/\/www.europesays.com\/es\/wp-json\/wp\/v2\/comments?post=159536"}],"version-history":[{"count":0,"href":"https:\/\/www.europesays.com\/es\/wp-json\/wp\/v2\/posts\/159536\/revisions"}],"wp:featuredmedia":[{"embeddable":true,"href":"https:\/\/www.europesays.com\/es\/wp-json\/wp\/v2\/media\/159537"}],"wp:attachment":[{"href":"https:\/\/www.europesays.com\/es\/wp-json\/wp\/v2\/media?parent=159536"}],"wp:term":[{"taxonomy":"category","embeddable":true,"href":"https:\/\/www.europesays.com\/es\/wp-json\/wp\/v2\/categories?post=159536"},{"taxonomy":"post_tag","embeddable":true,"href":"https:\/\/www.europesays.com\/es\/wp-json\/wp\/v2\/tags?post=159536"}],"curies":[{"name":"wp","href":"https:\/\/api.w.org\/{rel}","templated":true}]}}