{"id":15954,"date":"2025-07-31T09:16:07","date_gmt":"2025-07-31T09:16:07","guid":{"rendered":"https:\/\/www.europesays.com\/es\/15954\/"},"modified":"2025-07-31T09:16:07","modified_gmt":"2025-07-31T09:16:07","slug":"telecinco-celebra-el-record-de-el-diario-de-verano-10-1-y-se-despide-de-todos-por-ti-6-8-en-otra-noche-para-olvidar","status":"publish","type":"post","link":"https:\/\/www.europesays.com\/es\/15954\/","title":{"rendered":"Telecinco celebra el r\u00e9cord de &#8216;El diario de verano&#8217; (10.1%) y se despide de &#8216;Todos por ti&#8217; (6.8%) en otra noche para olvidar"},"content":{"rendered":"<p class=\"article-text\">\n        <strong>El diario de verano<\/strong> va poco a poco consolid\u00e1ndose en las tardes de Telecinco. La versi\u00f3n veraniega de <strong>El diario de Jorge<\/strong>, pilotada hasta septiembre por<strong> Cristina Lasvignes<\/strong>, registr\u00f3 este mi\u00e9rcoles 30 de julio un <strong>10.1% de share y 676.000 espectadores<\/strong>, su mejor dato de audiencia desde que empez\u00f3 a emitirse el pasado d\u00eda 21. El programa sube 1.1 puntos respecto al martes y queda en segunda posici\u00f3n por detr\u00e1s de las ofertas de Antena 3 (12%) y por encima de La 1 (8.3%), laSexta (6.3%) y Cuatro (5.8%).\n    <\/p>\n<p>    <a href=\"https:\/\/www.eldiario.es\/noticias\/telecinco-anuncia-nuevo-magacin-joaquin-prat-transformara-tardes-politica-confia-ver-patricia-pardo_1_12504409.html\" data-mrf-recirculation=\"saber-mas\" data-dl-event=\"saber-mas\" rel=\"nofollow noopener\" target=\"_blank\"><\/p>\n<p class=\"know-more__title\">Telecinco anuncia un nuevo magac\u00edn con Joaqu\u00edn Prat que \u00abtransformar\u00e1\u00bb sus tardes con pol\u00edtica, y conf\u00eda &#8216;Vamos a ver&#8217; a Patricia Pardo<\/p>\n<p>            <img decoding=\"async\" class=\"lazy\" loading=\"lazy\" data-src=\"https:\/\/static.eldiario.es\/clip\/2b114b84-9364-40d3-b079-1bd0b8c5b7f1_16-9-aspect-ratio_default_0.jpg\" src=\"data:image\/svg+xml,%3Csvg xmlns=\" http:=\"\" viewbox=\"0 0 880 495\" alt=\"Telecinco anuncia un nuevo magac\u00edn con Joaqu\u00edn Prat que &quot;transformar\u00e1&quot; sus tardes con pol\u00edtica, y conf\u00eda 'Vamos a ver' a Patricia Pardo\"\/><\/p>\n<p>                        <\/a><\/p>\n<p class=\"article-text\">\n        No es el \u00fanico formato de Telecinco que destac\u00f3 en la jornada de ayer. Tambi\u00e9n despuntaron <strong>Vamos a ver <\/strong>(12.7%), <strong>La mirada cr\u00edtica<\/strong> (11.7%) e incluso <strong>Tardear<\/strong>, que firm\u00f3 un 9.7% de share, su mejor dato desde mediados de julio. Pero la cadena de Mediaset tiene un grave problema en la franja del prime time.\n    <\/p>\n<p class=\"article-text\">\n        Anoche, con el final de <strong>Todos por ti<\/strong>, apenas alcanz\u00f3 un <strong>6.8% de share y 482.000 espectadores<\/strong>. Tras seis semanas en emisi\u00f3n, el concurso de <strong>Carlos Sobera<\/strong> cierra su primera edici\u00f3n con una audiencia media del 7.6% de share y 518.000 espectadores. Son cifras claramente insuficientes para Telecinco, que en julio ronda el 9.2%, lastrada en parte por otros tantos fiascos que ha sufrido en el horario estelar.\n    <\/p>\n<p class=\"article-text\">\n        Tampoco han tenido mucho \u00e9xito, sino m\u00e1s bien lo contrario, el refrito de <a href=\"https:\/\/www.eldiario.es\/vertele\/noticias\/mediaset-explica-dara-salida-verano-tentaciones-quedarse-hueco-access-telecinco_1_12462657.html\" target=\"_blank\" data-mrf-recirculation=\"links-noticia\" class=\"link\" rel=\"nofollow noopener\"><strong>La isla de las tentaciones<\/strong><\/a> con el que se pretend\u00eda alimentar el access prime time durante el verano (fue retirado de la parrilla en solo tres d\u00edas con un 4.7% de share), <a href=\"https:\/\/www.eldiario.es\/vertele\/audiencias-tv\/sabado-26-julio-2025-la-sexta-xplica-lider-koldo-atrapa-un-millon-antena3_1_12494891.html\" target=\"_blank\" data-mrf-recirculation=\"links-noticia\" class=\"link\" rel=\"nofollow noopener\"><strong>La noche de los r\u00e9cords<\/strong><\/a> (7.7% en su primera temporada), <a href=\"https:\/\/www.eldiario.es\/vertele\/audiencias-tv\/martes-29-julio-2025-dog-house-12-4-lidera-gran-show-5-5-acaba-minimo-pese-record-first-dates-telecinco_1_12501877.html\" target=\"_blank\" data-mrf-recirculation=\"links-noticia\" class=\"link\" rel=\"nofollow noopener\"><strong>La noche del gran show<\/strong><\/a> (8%), <a href=\"https:\/\/www.eldiario.es\/vertele\/audiencias-tv\/lunes-21-julio-2025-grand-prix-sigue-lider-rtve-desaparecidos-telecinco-acusa-minimo-historico-anos-cajon_1_12481957.html\" target=\"_blank\" data-mrf-recirculation=\"links-noticia\" class=\"link\" rel=\"nofollow noopener\"><strong>Desaparecidos<\/strong><\/a> (6.1%) y <a href=\"https:\/\/www.eldiario.es\/vertele\/audiencias-tv\/domingo-27-julio-2025-discreto-adios-socialite-6-9-telecinco-recupera-7-8-ruido-noche-liderada-rtve_1_12495819.html\" target=\"_blank\" data-mrf-recirculation=\"links-noticia\" class=\"link\" rel=\"nofollow noopener\"><strong>\u00a1All\u00e1 t\u00fa!<\/strong><\/a> (que ha estrenado sus nuevas entregas con un 7.8% de cuota).\n    <\/p>\n<p class=\"article-text\">\n        *En elaboraci\u00f3n\n    <\/p>\n<ul>\n<li><strong>PROGRAMAS CON MEJOR CUOTA DEL MI\u00c9RCOLES (POR CADENAS)<\/strong><\/li>\n<\/ul>\n<tr>\n<td colspan=\"2\" class=\"                                                \">\n                    <strong>                    Antena 3:<br \/>\n                    <\/strong>                <\/td>\n<td class=\"                                                \">\n                                        La ruleta de la suerte\n                                    <\/td>\n<td class=\"new_share__tbl--5                                                \">\n                                        22.4%\n                                    <\/td>\n<\/tr>\n<tr>\n<td colspan=\"2\" class=\"                                                \">\n                    <strong>                    La 1:<br \/>\n                    <\/strong>                <\/td>\n<td class=\"                                                \">\n                                        Ma\u00f1aneros 360\n                                    <\/td>\n<td class=\"new_share__tbl--5                                                \">\n                                        13.4%\n                                    <\/td>\n<\/tr>\n<tr>\n<td colspan=\"2\" class=\"                                                \">\n                    <strong>                    Telecinco:<br \/>\n                    <\/strong>                <\/td>\n<td class=\"                                                \">\n                                        Vamos a ver verano\n                                    <\/td>\n<td class=\"new_share__tbl--5                                                \">\n                                        12.7%\n                                    <\/td>\n<\/tr>\n<tr>\n<td colspan=\"2\" class=\"                                                \">\n                    <strong>                    laSexta:<br \/>\n                    <\/strong>                <\/td>\n<td class=\"                                                \">\n                                        Aruser@s fresh\n                                    <\/td>\n<td class=\"new_share__tbl--5                                                \">\n                                        9%\n                                    <\/td>\n<\/tr>\n<tr>\n<td colspan=\"2\" class=\"                                                \">\n                    <strong>                    Cuatro:<br \/>\n                    <\/strong>                <\/td>\n<td class=\"                                                \">\n                                        En boca de todos\n                                    <\/td>\n<td class=\"new_share__tbl--5                                                \">\n                                        6.8%\n                                    <\/td>\n<\/tr>\n<tr>\n<td colspan=\"2\" class=\"                                                \">\n                    <strong>                    La 2:<br \/>\n                    <\/strong>                <\/td>\n<td class=\"                                                \">\n                                        Cifras y letras\n                                    <\/td>\n<td class=\"new_share__tbl--5                                                \">\n                                        6.6%\n                                    <\/td>\n<\/tr>\n<tr>\n<td colspan=\"2\" class=\"                                                \">\n                    <strong>                    Informativo con mejor share:<br \/>\n                    <\/strong>                <\/td>\n<td class=\"                                                \">\n                                        Antena 3 Noticias 1\n                                    <\/td>\n<td class=\"new_share__tbl--5                                                \">\n                                        22.6%\n                                    <\/td>\n<\/tr>\n<p class=\"article-text\">\n        *Programas emitidos entre las 09:00 y las 01:00 horas\n    <\/p>\n<p class=\"article-text\">\n        \u201cLa ruleta de la suerte\u201d (Antena 3), a las 14:57 con 2.243.410 espectadores y un 26.9% de share\n    <\/p>\n<p>    D\u00eda<\/p>\n<tr>\n<td class=\"                                                \">\n                                        Antena 3\n                                    <\/td>\n<td class=\"new_share__tbl--5                                                \">\n                                        13.5%\n                                    <\/td>\n<\/tr>\n<tr>\n<td class=\"                                                \">\n                                        La 1\n                                    <\/td>\n<td class=\"new_share__tbl--5                                                \">\n                                        10.3%\n                                    <\/td>\n<\/tr>\n<tr>\n<td class=\"                                                \">\n                                        Tem\u00e1ticas de pago\n                                    <\/td>\n<td class=\"new_share__tbl--5                                                \">\n                                        10.1%\n                                    <\/td>\n<\/tr>\n<tr>\n<td class=\"                                                \">\n                                        Telecinco\n                                    <\/td>\n<td class=\"new_share__tbl--5                                                \">\n                                        9.2%\n                                    <\/td>\n<\/tr>\n<tr>\n<td class=\"                                                \">\n                                        Auton\u00f3micas (FORTA)\n                                    <\/td>\n<td class=\"new_share__tbl--5                                                \">\n                                        8.8%\n                                    <\/td>\n<\/tr>\n<tr>\n<td class=\"                                                \">\n                                        laSexta\n                                    <\/td>\n<td class=\"new_share__tbl--5                                                \">\n                                        5.8%\n                                    <\/td>\n<\/tr>\n<tr>\n<td class=\"                                                \">\n                                        Cuatro\n                                    <\/td>\n<td class=\"new_share__tbl--5                                                \">\n                                        5.6%\n                                    <\/td>\n<\/tr>\n<tr>\n<td class=\"                                                \">\n                                        La 2\n                                    <\/td>\n<td class=\"new_share__tbl--5                                                \">\n                                        3.6%\n                                    <\/td>\n<\/tr>\n<tr>\n<td class=\"                                                \">\n                                        Auton\u00f3micas privadas\n                                    <\/td>\n<td class=\"new_share__tbl--5                                                \">\n                                        0.2%\n                                    <\/td>\n<\/tr>\n<p>    Mes<\/p>\n<tr>\n<td class=\"                                                \">\n                                        Antena 3\n                                    <\/td>\n<td class=\"new_share__tbl--5                                                \">\n                                        12.9%\n                                    <\/td>\n<\/tr>\n<tr>\n<td class=\"                                                \">\n                                        La 1\n                                    <\/td>\n<td class=\"new_share__tbl--5                                                \">\n                                        11.1%\n                                    <\/td>\n<\/tr>\n<tr>\n<td class=\"                                                \">\n                                        Tem\u00e1ticas de pago\n                                    <\/td>\n<td class=\"new_share__tbl--5                                                \">\n                                        10.9%\n                                    <\/td>\n<\/tr>\n<tr>\n<td class=\"                                                \">\n                                        Telecinco\n                                    <\/td>\n<td class=\"new_share__tbl--5                                                \">\n                                        9.2%\n                                    <\/td>\n<\/tr>\n<tr>\n<td class=\"                                                \">\n                                        Auton\u00f3micas (FORTA)\n                                    <\/td>\n<td class=\"new_share__tbl--5                                                \">\n                                        8.4%\n                                    <\/td>\n<\/tr>\n<tr>\n<td class=\"                                                \">\n                                        laSexta\n                                    <\/td>\n<td class=\"new_share__tbl--5                                                \">\n                                        5.9%\n                                    <\/td>\n<\/tr>\n<tr>\n<td class=\"                                                \">\n                                        Cuatro\n                                    <\/td>\n<td class=\"new_share__tbl--5                                                \">\n                                        5.8%\n                                    <\/td>\n<\/tr>\n<tr>\n<td class=\"                                                \">\n                                        La 2\n                                    <\/td>\n<td class=\"new_share__tbl--5                                                \">\n                                        3.3%\n                                    <\/td>\n<\/tr>\n<tr>\n<td class=\"                                                \">\n                                        Auton\u00f3micas privadas\n                                    <\/td>\n<td class=\"new_share__tbl--5                                                \">\n                                        0.3%\n                                    <\/td>\n<\/tr>\n<p class=\"article-text\">\n        <strong>SOBREMESA<\/strong>\n    <\/p>\n<tr>\n<td class=\"                                                \">\n                                        Antena 3 Noticias 1\n                                    <\/td>\n<td class=\"new_share__tbl--5                                                \">\n                                        22.6%\n                                    <\/td>\n<td class=\"                        new_share__tbl--10                        \">\n                                        1.952.000\n                                    <\/td>\n<\/tr>\n<tr>\n<td class=\"                                                \">\n                                        Telediario 1\n                                    <\/td>\n<td class=\"new_share__tbl--5                                                \">\n                                        12.7%\n                                    <\/td>\n<td class=\"                        new_share__tbl--10                        \">\n                                        1.098.000\n                                    <\/td>\n<\/tr>\n<tr>\n<td class=\"                                                \">\n                                        Informativos Telecinco 15h\n                                    <\/td>\n<td class=\"new_share__tbl--5                                                \">\n                                        10.8%\n                                    <\/td>\n<td class=\"                        new_share__tbl--10                        \">\n                                        935.000\n                                    <\/td>\n<\/tr>\n<tr>\n<td class=\"                                                \">\n                                        Noticias Cuatro 1\n                                    <\/td>\n<td class=\"new_share__tbl--5                                                \">\n                                        8.1%\n                                    <\/td>\n<td class=\"                        new_share__tbl--10                        \">\n                                        558.000\n                                    <\/td>\n<\/tr>\n<tr>\n<td class=\"                                                \">\n                                        El Desmarque Cuatro 1\n                                    <\/td>\n<td class=\"new_share__tbl--5                                                \">\n                                        4.2%\n                                    <\/td>\n<td class=\"                        new_share__tbl--10                        \">\n                                        360.000\n                                    <\/td>\n<\/tr>\n<tr>\n<td class=\"                                                \">\n                                        laSexta Noticias 14h\n                                    <\/td>\n<td class=\"new_share__tbl--5                                                \">\n                                        7.4%\n                                    <\/td>\n<td class=\"                        new_share__tbl--10                        \">\n                                        560.000\n                                    <\/td>\n<\/tr>\n<tr>\n<td class=\"                                                \">\n                                        Jugones\n                                    <\/td>\n<td class=\"new_share__tbl--5                                                \">\n                                        6.4%\n                                    <\/td>\n<td class=\"                        new_share__tbl--10                        \">\n                                        551.000\n                                    <\/td>\n<\/tr>\n<p class=\"article-text\">\n        <strong>PRIME TIME<\/strong>\n    <\/p>\n<tr>\n<td class=\"                                                \">\n                                        Antena 3 Noticias 2\n                                    <\/td>\n<td class=\"new_share__tbl--5                                                \">\n                                        18.8%\n                                    <\/td>\n<td class=\"                        new_share__tbl--10                        \">\n                                        1.518.000\n                                    <\/td>\n<\/tr>\n<tr>\n<td class=\"                                                \">\n                                        Telediario 2\n                                    <\/td>\n<td class=\"new_share__tbl--5                                                \">\n                                        11.2%\n                                    <\/td>\n<td class=\"                        new_share__tbl--10                        \">\n                                        910.000\n                                    <\/td>\n<\/tr>\n<tr>\n<td class=\"                                                \">\n                                        Informativos Telecinco 21h\n                                    <\/td>\n<td class=\"new_share__tbl--5                                                \">\n                                        9.3%\n                                    <\/td>\n<td class=\"                        new_share__tbl--10                        \">\n                                        768.000\n                                    <\/td>\n<\/tr>\n<tr>\n<td class=\"                                                \">\n                                        laSexta Noticias 20h\n                                    <\/td>\n<td class=\"new_share__tbl--5                                                \">\n                                        6.2%\n                                    <\/td>\n<td class=\"                        new_share__tbl--10                        \">\n                                        428.000\n                                    <\/td>\n<\/tr>\n<tr>\n<td class=\"                                                \">\n                                        Noticias Cuatro 2\n                                    <\/td>\n<td class=\"new_share__tbl--5                                                \">\n                                        5.6%\n                                    <\/td>\n<td class=\"                        new_share__tbl--10                        \">\n                                        386.000\n                                    <\/td>\n<\/tr>\n<p class=\"article-text\">\n        <strong>FRANJA MATINAL<\/strong>\n    <\/p>\n<tr>\n<td class=\"                                                \">\n                                        Telediario matinal\n                                    <\/td>\n<td class=\"new_share__tbl--5                                                \">\n                                        18.6%\n                                    <\/td>\n<td class=\"                        new_share__tbl--10                        \">\n                                        183.000\n                                    <\/td>\n<\/tr>\n<tr>\n<td class=\"                                                \">\n                                        Antena 3 Noticias de la ma\u00f1ana\n                                    <\/td>\n<td class=\"new_share__tbl--5                                                \">\n                                        15.9%\n                                    <\/td>\n<td class=\"                        new_share__tbl--10                        \">\n                                        154.000\n                                    <\/td>\n<\/tr>\n<tr>\n<td class=\"                                                \">\n                                        El Matinal (Telecinco)\n                                    <\/td>\n<td class=\"new_share__tbl--5                                                \">\n                                        10.6%\n                                    <\/td>\n<td class=\"                        new_share__tbl--10                        \">\n                                        158.000\n                                    <\/td>\n<\/tr>\n<p>    <a href=\"https:\/\/www.eldiario.es\/vertele\/audiencias-tv\/miercoles-30-julio-2025-algo-que-declarar-rtve-chiapella-pelicula-a-todo-tren-destino-asturias-todos-por-ti-ultimo-programa-telecinco_1_12504906.html\" data-mrf-recirculation=\"saber-mas-abajo\" data-dl-event=\"saber-mas-abajo\" rel=\"nofollow noopener\" target=\"_blank\"><\/p>\n<p class=\"know-more__title\">&#8216;\u00bfAlgo que declarar?&#8217; (8%) se desinfla en RTVE y cae ante &#8216;El Pelicul\u00f3n&#8217; (11.9%), que lidera &#8216;a todo tren&#8217; sin rivales fuertes\n<\/p>\n<p>            <img decoding=\"async\" class=\"lazy\" loading=\"lazy\" data-src=\"https:\/\/static.eldiario.es\/clip\/adf0ffe0-2d1c-41f4-a921-467e033f5dba_16-9-aspect-ratio_default_0.jpg\" src=\"data:image\/svg+xml,%3Csvg xmlns=\" http:=\"\" viewbox=\"0 0 880 495\" alt=\"'\u00bfAlgo que declarar?' (8%) se desinfla en RTVE y cae ante 'El Pelicul\u00f3n' (11.9%), que lidera 'a todo tren' sin rivales fuertes\"\/><\/p>\n<p>                        <\/a><\/p>\n<p class=\"article-text\">\n        Todos los datos de audiencia de este informe son CON invitados y CON segundas residencias, el est\u00e1ndar del sector acordado por las cadenas con Kantar Media y aceptado por los anunciantes. Kantar Media, como fabricante de la base de datos que contiene los \u00edndices de audiencia, es la propietaria exclusiva de la informaci\u00f3n suministrada a Vertele. Cualquier utilizaci\u00f3n o reutilizaci\u00f3n de los datos y el uso indebido de los productos Kantar Media S.A. dar\u00e1 lugar a las correspondientes responsabilidades legales.\n    <\/p>\n","protected":false},"excerpt":{"rendered":"El diario de verano va poco a poco consolid\u00e1ndose en las tardes de Telecinco. La versi\u00f3n veraniega de&hellip;\n","protected":false},"author":2,"featured_media":15955,"comment_status":"","ping_status":"","sticky":false,"template":"","format":"standard","meta":{"footnotes":""},"categories":[91],"tags":[10489,10491,146,147,25,24,955,295,23,692,10490,3549],"class_list":{"0":"post-15954","1":"post","2":"type-post","3":"status-publish","4":"format-standard","5":"has-post-thumbnail","7":"category-entretenimiento","8":"tag-30-julio-2025","9":"tag-diario-de-verano","10":"tag-entertainment","11":"tag-entretenimiento","12":"tag-es","13":"tag-espana","14":"tag-mediaset","15":"tag-miercoles","16":"tag-spain","17":"tag-telecinco","18":"tag-todos-por-ti","19":"tag-ultimo-programa"},"share_on_mastodon":{"url":"","error":""},"_links":{"self":[{"href":"https:\/\/www.europesays.com\/es\/wp-json\/wp\/v2\/posts\/15954","targetHints":{"allow":["GET"]}}],"collection":[{"href":"https:\/\/www.europesays.com\/es\/wp-json\/wp\/v2\/posts"}],"about":[{"href":"https:\/\/www.europesays.com\/es\/wp-json\/wp\/v2\/types\/post"}],"author":[{"embeddable":true,"href":"https:\/\/www.europesays.com\/es\/wp-json\/wp\/v2\/users\/2"}],"replies":[{"embeddable":true,"href":"https:\/\/www.europesays.com\/es\/wp-json\/wp\/v2\/comments?post=15954"}],"version-history":[{"count":0,"href":"https:\/\/www.europesays.com\/es\/wp-json\/wp\/v2\/posts\/15954\/revisions"}],"wp:featuredmedia":[{"embeddable":true,"href":"https:\/\/www.europesays.com\/es\/wp-json\/wp\/v2\/media\/15955"}],"wp:attachment":[{"href":"https:\/\/www.europesays.com\/es\/wp-json\/wp\/v2\/media?parent=15954"}],"wp:term":[{"taxonomy":"category","embeddable":true,"href":"https:\/\/www.europesays.com\/es\/wp-json\/wp\/v2\/categories?post=15954"},{"taxonomy":"post_tag","embeddable":true,"href":"https:\/\/www.europesays.com\/es\/wp-json\/wp\/v2\/tags?post=15954"}],"curies":[{"name":"wp","href":"https:\/\/api.w.org\/{rel}","templated":true}]}}