{"id":159542,"date":"2025-10-06T14:59:09","date_gmt":"2025-10-06T14:59:09","guid":{"rendered":"https:\/\/www.europesays.com\/es\/159542\/"},"modified":"2025-10-06T14:59:09","modified_gmt":"2025-10-06T14:59:09","slug":"fecamon-cierra-expodeca-con-la-presentacion-del-primer-muro-de-competicion-itinerante-de-escalada","status":"publish","type":"post","link":"https:\/\/www.europesays.com\/es\/159542\/","title":{"rendered":"Fecamon cierra EXPODECA con la presentaci\u00f3n del primer muro de competici\u00f3n itinerante de escalada"},"content":{"rendered":"<p>La Federaci\u00f3n Canaria de Monta\u00f1a ha marcado un hito hist\u00f3rico en el desarrollo del deporte en el archipi\u00e9lago con la presentaci\u00f3n oficial, en primicia, del proyecto \u00abCANARIAS ON TOUR\u00bb: el primer muro de escalada de competici\u00f3n itinerante de Canarias. Este lanzamiento estrat\u00e9gico tuvo lugar durante la celebraci\u00f3n de la II Feria de la Actividad F\u00edsica y el Deporte de Canarias, Expodeca 2025, un escenario de m\u00e1xima relevancia que consolida la iniciativa de la federaci\u00f3n como una infraestructura deportiva clave para la cohesi\u00f3n territorial y el alto rendimiento.<\/p>\n<p>La presentaci\u00f3n de esta instalaci\u00f3n m\u00f3vil es la respuesta innovadora y vers\u00e1til de Fecamon al desaf\u00edo log\u00edstico \u00fanico que plantea la dispersi\u00f3n geogr\u00e1fica de las Islas Canarias para el desarrollo de la competici\u00f3n de \u00e9lite y la promoci\u00f3n estructurada del deporte base. Al hacer que la infraestructura de primer nivel sea m\u00f3vil, la federaci\u00f3n promueve activamente la igualdad de oportunidades y acerca la pasi\u00f3n de la escalada a cada rinc\u00f3n del archipi\u00e9lago.<\/p>\n<p>Expodeca 2025, el Escaparate<\/p>\n<p>La elecci\u00f3n de Expodeca como plataforma de lanzamiento subraya la relevancia estrat\u00e9gica de este muro m\u00f3vil. La Feria, que se celebr\u00f3 en el Recinto Ferial de Santa Cruz de Tenerife, se afianz\u00f3 como el \u00abgran escaparate del deporte canario\u00bb y cerr\u00f3 su edici\u00f3n con una asistencia r\u00e9cord de \u00a024.866 visitantes. Este entorno de m\u00e1xima visibilidad y respaldo institucional fue el escenario perfecto para demostrar la versatilidad operativa de la instalaci\u00f3n.<\/p>\n<p>Rompiendo Barreras Geogr\u00e1ficas<\/p>\n<p>La escalada, ya convertida en deporte ol\u00edmpico, no deja de crecer en popularidad en Canarias. Sin embargo, la dispersi\u00f3n geogr\u00e1fica es un desaf\u00edo \u00fanico para el desarrollo de la competici\u00f3n de \u00e9lite y la promoci\u00f3n del deporte base.<\/p>\n<p>Fecamon, con m\u00e1s de 30 a\u00f1os de recorrido y m\u00e1s de 23.000 personas federadas, responde a esta limitaci\u00f3n con la movilidad. El muro itinerante es nuestra soluci\u00f3n innovadora para promover la igualdad de oportunidades y la cohesi\u00f3n territorial.<\/p>\n<p>El muro est\u00e1 concebido para un f\u00e1cil montaje, desmontaje y transporte, permitiendo que la formaci\u00f3n y el desarrollo de la escalada ol\u00edmpica lleguen a todas las islas.<\/p>\n<p>Un Muro de Alta Competici\u00f3n y Vers\u00e1til<\/p>\n<p>La instalaci\u00f3n, de vanguardia, ha sido dise\u00f1ada bajo los m\u00e1s estrictos est\u00e1ndares europeos de seguridad y est\u00e1 lista para el alto rendimiento.<\/p>\n<p>Puede transformarse eficientemente de una instalaci\u00f3n de alta competici\u00f3n a un espacio dedicado a la promoci\u00f3n e iniciaci\u00f3n.<\/p>\n<p>Legado para la Juventud Canaria<\/p>\n<p>El proyecto de escalada ol\u00edmpica va m\u00e1s all\u00e1 de lo deportivo. Es una herramienta de desarrollo con un triple impacto:<\/p>\n<p><strong>Cohesi\u00f3n Territorial y Social<br \/><\/strong>Democratiza el acceso a infraestructuras de primer nivel, llevando la promoci\u00f3n y la competici\u00f3n a cada isla y fomentando la integraci\u00f3n a trav\u00e9s de un deporte inclusivo.<\/p>\n<p><strong>Desarrollo Deportivo<\/strong><br \/>Fomenta el talento local y prepara a nuestros deportistas para el alto rendimiento nacional e internacional.<\/p>\n<p><strong>Educativo y de Valores<\/strong><br \/>Una herramienta ideal para introducir h\u00e1bitos de vida saludable en centros educativos y eventos juveniles, promoviendo el esfuerzo, la concentraci\u00f3n y el respeto.<\/p>\n<p>\u00danete al Impulso Ol\u00edmpico: Sinergias Colaborativas<\/p>\n<p>La naturaleza itinerante de nuestro muro ofrece una oportunidad excepcional para las empresas. El patrocinio asocia la marca a un deporte ol\u00edmpico, din\u00e1mico y con gran impacto medi\u00e1tico.<\/p>\n<p>Invitamos a instituciones y empresas a explorar c\u00f3mo podemos crear sinergias colaborativas. Al unirte a este proyecto, inviertes en la juventud canaria, fomentas la salud y dejas una \u00a0huella duradera en la consolidaci\u00f3n de la escalada en el archipi\u00e9lago.<\/p>\n","protected":false},"excerpt":{"rendered":"La Federaci\u00f3n Canaria de Monta\u00f1a ha marcado un hito hist\u00f3rico en el desarrollo del deporte en el archipi\u00e9lago&hellip;\n","protected":false},"author":2,"featured_media":159543,"comment_status":"","ping_status":"","sticky":false,"template":"","format":"standard","meta":{"footnotes":""},"categories":[93],"tags":[168,25,24,23,167],"class_list":{"0":"post-159542","1":"post","2":"type-post","3":"status-publish","4":"format-standard","5":"has-post-thumbnail","7":"category-deportes","8":"tag-deportes","9":"tag-es","10":"tag-espana","11":"tag-spain","12":"tag-sports"},"share_on_mastodon":{"url":"","error":""},"_links":{"self":[{"href":"https:\/\/www.europesays.com\/es\/wp-json\/wp\/v2\/posts\/159542","targetHints":{"allow":["GET"]}}],"collection":[{"href":"https:\/\/www.europesays.com\/es\/wp-json\/wp\/v2\/posts"}],"about":[{"href":"https:\/\/www.europesays.com\/es\/wp-json\/wp\/v2\/types\/post"}],"author":[{"embeddable":true,"href":"https:\/\/www.europesays.com\/es\/wp-json\/wp\/v2\/users\/2"}],"replies":[{"embeddable":true,"href":"https:\/\/www.europesays.com\/es\/wp-json\/wp\/v2\/comments?post=159542"}],"version-history":[{"count":0,"href":"https:\/\/www.europesays.com\/es\/wp-json\/wp\/v2\/posts\/159542\/revisions"}],"wp:featuredmedia":[{"embeddable":true,"href":"https:\/\/www.europesays.com\/es\/wp-json\/wp\/v2\/media\/159543"}],"wp:attachment":[{"href":"https:\/\/www.europesays.com\/es\/wp-json\/wp\/v2\/media?parent=159542"}],"wp:term":[{"taxonomy":"category","embeddable":true,"href":"https:\/\/www.europesays.com\/es\/wp-json\/wp\/v2\/categories?post=159542"},{"taxonomy":"post_tag","embeddable":true,"href":"https:\/\/www.europesays.com\/es\/wp-json\/wp\/v2\/tags?post=159542"}],"curies":[{"name":"wp","href":"https:\/\/api.w.org\/{rel}","templated":true}]}}