{"id":159561,"date":"2025-10-06T15:13:07","date_gmt":"2025-10-06T15:13:07","guid":{"rendered":"https:\/\/www.europesays.com\/es\/159561\/"},"modified":"2025-10-06T15:13:07","modified_gmt":"2025-10-06T15:13:07","slug":"mclaren-se-quedo-con-el-campeonato-de-constructores-de-la-f1-por-decima-vez-en-su-historia","status":"publish","type":"post","link":"https:\/\/www.europesays.com\/es\/159561\/","title":{"rendered":"McLaren se qued\u00f3 con el campeonato de constructores de la F1 por d\u00e9cima vez en su historia"},"content":{"rendered":"<p>\t\t\t\t<strong>McLaren<\/strong> se qued\u00f3 con el <strong>t\u00edtulo de constructores<\/strong> de la <strong>F\u00f3rmula 1 <\/strong>por segundo a\u00f1o consecutivo. Este fin de semana, en el <strong>Gran Premio de Singapur<\/strong>, la escuder\u00eda brit\u00e1nica consigui\u00f3 los puntos necesarios para garantizarse el <strong>d\u00e9cimo<\/strong> campeonato de constructores de su <strong>historia<\/strong>.<\/p>\n<p>Los pilotos de McLaren <strong>Lando Norris<\/strong> y <strong>Oscar Piastri<\/strong> quedaron en la <strong>tercera<\/strong> y <strong>cuarta posici\u00f3n<\/strong> respectivamente, posiciones que le dieron los puntos a <strong>McLaren<\/strong> ser <strong>campe\u00f3n<\/strong>. La escuder\u00eda se transform\u00f3 en la <strong>segunda con m\u00e1s t\u00edtulos<\/strong> en la historia, superando a <strong>Williams<\/strong> y siendo superada solamente por <strong>Ferrari<\/strong>, que tiene <strong>16<\/strong>.<\/p>\n<p><img decoding=\"async\" class=\"lazyload\" loading=\"lazy\" src=\"\/fotos\/externas\/mclaren-campeonato-constructores-f1-decima-historia-1759758453-0.webp\" style=\"width:100%;max-width:600px;height:auto;\" width=\"500\" height=\"250\" alt=\"\"\/><\/p>\n<p><img decoding=\"async\" class=\"lazyload\" loading=\"lazy\" src=\"\/img\/noticias\/thumb\/innovacion-tecnologica-formula-1-combatir-altas-temperaturas-singapur.webp\" alt=\"La innovaci\u00f3n tecnol\u00f3gica de la F\u00f3rmula 1 para combatir las altas temperaturas en Singapur\" width=\"75\" height=\"75\"\/><br \/>\n<br \/>\nLos dos pilotos de <strong>McLaren<\/strong>, adem\u00e1s, son quienes lideran la tabla de pilotos. El australiano <strong>Piastri<\/strong> es primero con <strong>336 puntos<\/strong>, y lo sigue el brit\u00e1nico <strong>Norris<\/strong>, con <strong>314 puntos<\/strong>. A\u00fan quedan <strong>6 carreras<\/strong> por disputarse en esta temporada, por lo que las posiciones pueden variar.<\/p>\n<p>De momento, el podio lo completa <strong>Max Verstappen<\/strong>, de <strong>Red Bull<\/strong>, con <strong>273 puntos<\/strong>, y lo sigue <strong>George Russel<\/strong> (Mercedes) con <strong>237<\/strong>. El top 5 lo completa <strong>Charles Leclerc<\/strong> con <strong>Ferrari<\/strong>, con <strong>173 puntos<\/strong>.<\/p>\n<p><img decoding=\"async\" class=\"lazyload\" loading=\"lazy\" src=\"\/fotos\/externas\/mclaren-campeonato-constructores-f1-decima-historia-1759758453-1.webp\" style=\"width:100%;max-width:600px;height:auto;\" width=\"500\" height=\"250\" alt=\"\"\/>\t\t\t\t<\/p>\n","protected":false},"excerpt":{"rendered":"McLaren se qued\u00f3 con el t\u00edtulo de constructores de la F\u00f3rmula 1 por segundo a\u00f1o consecutivo. Este fin&hellip;\n","protected":false},"author":2,"featured_media":159562,"comment_status":"","ping_status":"","sticky":false,"template":"","format":"standard","meta":{"footnotes":""},"categories":[270],"tags":[4597,82,168,25,24,306,271,272,282,2736,11779,1725,2733,23,167,327],"class_list":{"0":"post-159561","1":"post","2":"type-post","3":"status-publish","4":"format-standard","5":"has-post-thumbnail","7":"category-formula-1","8":"tag-basquet","9":"tag-business","10":"tag-deportes","11":"tag-es","12":"tag-espana","13":"tag-f1","14":"tag-formula-1","15":"tag-formula1","16":"tag-futbol","17":"tag-marketing","18":"tag-marketing-registrado","19":"tag-nba","20":"tag-negocios","21":"tag-spain","22":"tag-sports","23":"tag-tenis"},"share_on_mastodon":{"url":"","error":""},"_links":{"self":[{"href":"https:\/\/www.europesays.com\/es\/wp-json\/wp\/v2\/posts\/159561","targetHints":{"allow":["GET"]}}],"collection":[{"href":"https:\/\/www.europesays.com\/es\/wp-json\/wp\/v2\/posts"}],"about":[{"href":"https:\/\/www.europesays.com\/es\/wp-json\/wp\/v2\/types\/post"}],"author":[{"embeddable":true,"href":"https:\/\/www.europesays.com\/es\/wp-json\/wp\/v2\/users\/2"}],"replies":[{"embeddable":true,"href":"https:\/\/www.europesays.com\/es\/wp-json\/wp\/v2\/comments?post=159561"}],"version-history":[{"count":0,"href":"https:\/\/www.europesays.com\/es\/wp-json\/wp\/v2\/posts\/159561\/revisions"}],"wp:featuredmedia":[{"embeddable":true,"href":"https:\/\/www.europesays.com\/es\/wp-json\/wp\/v2\/media\/159562"}],"wp:attachment":[{"href":"https:\/\/www.europesays.com\/es\/wp-json\/wp\/v2\/media?parent=159561"}],"wp:term":[{"taxonomy":"category","embeddable":true,"href":"https:\/\/www.europesays.com\/es\/wp-json\/wp\/v2\/categories?post=159561"},{"taxonomy":"post_tag","embeddable":true,"href":"https:\/\/www.europesays.com\/es\/wp-json\/wp\/v2\/tags?post=159561"}],"curies":[{"name":"wp","href":"https:\/\/api.w.org\/{rel}","templated":true}]}}