{"id":159569,"date":"2025-10-06T15:22:21","date_gmt":"2025-10-06T15:22:21","guid":{"rendered":"https:\/\/www.europesays.com\/es\/159569\/"},"modified":"2025-10-06T15:22:21","modified_gmt":"2025-10-06T15:22:21","slug":"partidos-cruces-fechas-y-emparejamientos-de-la-primera-ronda-hoy","status":"publish","type":"post","link":"https:\/\/www.europesays.com\/es\/159569\/","title":{"rendered":"partidos, cruces, fechas y emparejamientos de la primera ronda hoy"},"content":{"rendered":"<p style=\"\">Conoce el resultado del sorteo de la <strong>primera eliminatoria de la Copa del Rey 2025-26<\/strong>, celebrado en la Ciudad del F\u00fatbol de Las Rozas, sede de la Real Federaci\u00f3n Espa\u00f1ola de F\u00fatbol. En esta fase del torneo han participado 112 clubes entre los que estar\u00e1n 16 de Primera Divisi\u00f3n, todos salvo los cuatro que disputar\u00e1n la pr\u00f3xima Supercopa de Espa\u00f1a (Real Madrid, Barcelona, Atl\u00e9tico de Madrid y Athletic Club), que entran directamente en la ronda de dieciseisavos de final.<\/p>\n<p>14:16<\/p>\n<p>Grupo 4<\/p>\n<p class=\"voc-p\">Por \u00faltimo: centro de la pen\u00ednsula, algo del oeste, Canarias y el UD Ibiza.<\/p>\n<p>14:15<\/p>\n<p>Grupo 3<\/p>\n<p class=\"voc-p\">Sur y este, o sureste.<\/p>\n<p>14:14<\/p>\n<p>Grupo 2<\/p>\n<p class=\"voc-p\">Noreste de Espa\u00f1a. <\/p>\n<p>14:13<\/p>\n<p>Por repasar&#8230;<\/p>\n<p class=\"voc-p\">As\u00ed ha quedado el sorteo del Grupo 1:<\/p>\n<p>16:21<\/p>\n<p>El CD Toledo, rival del Sevilla FC en la primera eliminatoria de la Copa del Rey<\/p>\n<p class=\"voc-p\">Samuel Silva te cuenta acerca del enfrentamiento entre el CD Toledo y el Sevilla, a disputarse el 28, 29 o 30 de octubre.                                             <a href=\"https:\/\/www.abc.es\/deportes\/orgullodenervion\/noticias-sevilla-fc\/toledo-rival-sevilla-primera-eliminatoria-copa-rey-20251006135549-nts.html\" data-voc-vtm-id=\"in-text-traffic\" target=\"_blank\" rel=\"nofollow noopener\"><br \/>\nPuedes leerlo aqu\u00ed<\/a>. <\/p>\n<p>16:00<\/p>\n<p>El Palma del R\u00edo de Sergio Le\u00f3n, rival del Betis en la primera ronda de la Copa del Rey<\/p>\n<p class=\"voc-p\">Sobre uno de los bailes m\u00e1s curiosos del sorteo,                                             <a href=\"https:\/\/www.abc.es\/deportes\/alfinaldelapalmera\/noticias-betis\/palma-rio-sergio-leon-rival-betis-primera-20251006135037-nts.html\" data-voc-vtm-id=\"in-text-traffic\" target=\"_blank\" rel=\"nofollow noopener\"><br \/>\naqu\u00ed<\/a>. Te lo cuenta Mateo Gonz\u00e1lez.<\/p>\n<p>15:38<\/p>\n<p>La Sociedad Deportiva Negreira, el club que vacila al Barcelona, estrella del sorteo de la Copa del Rey<\/p>\n<p class=\"voc-p\">\u00abPese a que no pod\u00eda quedar emparejado con el Bar\u00e7a, el conjunto gallego atrajo toda la atenci\u00f3n de la primera ronda del torneo por su denominaci\u00f3n y la coincidencia con el &#8216;caso Negreira'\u00bb. <\/p>\n<p class=\"voc-p\">Escribe Miguel Zarza. \u00a1                                            <a href=\"https:\/\/www.abc.es\/deportes\/futbol\/sociedad-deportiva-negreira-club-vacila-barcelona-estrella-20251006150147-nt.html\" data-voc-vtm-id=\"in-text-traffic\" target=\"_blank\" rel=\"nofollow noopener\"><br \/>\nL\u00e9elo aqu\u00ed<\/a>!<\/p>\n<p>15:02<\/p>\n<p>\u00a1Muchas gracias por estar ah\u00ed!<\/p>\n<p class=\"voc-p\">Esto ha sido todo a deparar por el sorteo de la primera ronda de la Copa del Rey 2025\/26. Derbis, historias cruzadas, ilusi\u00f3n&#8230; Todo cabe en la ensaladera. \u00a1Nos leemos pronto!<\/p>\n<p>14:49<\/p>\n<p>Apret\u00f3n de manos entre Isi y CD Yuncos<\/p>\n<p class=\"voc-p\">Enfrentados por las urnas, han podido compartir algunas palabras. <\/p>\n<p>14:41<\/p>\n<p>La alegr\u00eda del Atl\u00e8tic Sant Just FC<\/p>\n<p class=\"voc-p\">Al conocer que hospedar\u00e1 al Mallorca en la primera ronda de Copa del Rey. <\/p>\n<p>14:31<\/p>\n<p>Recordatorio<\/p>\n<p class=\"voc-p\">De nuevo, esta primera ronda sorteada se jugar\u00e1 los d\u00edas 28, 29 y 30 de octubre, justo antes de Halloween. Truco o trato, no podr\u00e1 haber empates. \u00a1La magia de la Copa!<\/p>\n<p>14:25<\/p>\n<p>M\u00e1s, m\u00e1s reacciones<\/p>\n<p class=\"voc-p\">Los integrantes del Puerto de Vega al conocer su rival, el RC Celta.<\/p>\n<p>14:21<\/p>\n<p>El momentazo de Sergio Le\u00f3n<\/p>\n<p class=\"voc-p\">Al conocer que jugar\u00e1 contra su querido Real Betis como capit\u00e1n del equipo de su pueblo, el Atl\u00e9tico Palma del R\u00edo.<\/p>\n<p>14:19<\/p>\n<p>Los hermanos Mayoral, enfrentados<\/p>\n<p class=\"voc-p\">Borja y Cristian se ver\u00e1n las caras en el Inter de Valdemoro vs. Getafe. Al que pierda le tocar\u00e1 recoger el lavavajillas dos semanas seguidas. <\/p>\n<p>14:12<\/p>\n<p>\u00a1Itinerario trazado!<\/p>\n<p class=\"voc-p\">Los 56 cruces, cerrados. Cartas echadas. <\/p>\n<p>14:11<\/p>\n<p>\u00a1Grupo 4 cerrado!<\/p>\n<p class=\"voc-p\">CD Azuaga contra CD Legan\u00e9s; UD San Fernando contra Albacete Balompi\u00e9; CD Extremadura contra UD Las Palmas; CDA Navalcarnero contra AD M\u00e9rida; CF Rayo Majadahonda contra CF Talavera de la Reina; CD Quintanar del Rey contra UD Ibiza; RSD Alcal\u00e1 contra CD Tenerife; CD Guadalajara contra CP Cacere\u00f1o. <\/p>\n<p>14:07<\/p>\n<p>\u00a1Duelo entre los hermanos Mayoral!<\/p>\n<p class=\"voc-p\">CF Inter de Valdemoro contra Getafe CF; CD Yuncos contra Rayo Vallecano. <\/p>\n<p>14:01<\/p>\n<p>A por el Grupo 4, el \u00faltimo<\/p>\n<p class=\"voc-p\">Centro de la pen\u00ednsula, tambi\u00e9n algo del oeste. Entran las Canarias y el UD Ibiza.<\/p>\n<p>13:59<\/p>\n<p>De urna en urna y tiro porque me toca. Grupo 3 cerrado<\/p>\n<p class=\"voc-p\">Esto sigue. Torrent FC contra Juventud de Torremolinos CF; Salerm Cosmetics Puente Genil FC contra FC Cartagena; Real Ja\u00e9n CF contra CD Eldense; Real Murcia CF contra Antequera CF.<\/p>\n<p>13:57<\/p>\n<p>Siguientes cruces&#8230;<\/p>\n<p class=\"voc-p\">CD Roda contra Granada CF; CD Cieza contra C\u00f3rdoba CF; CD Estepona F\u00fatbol Senior contra M\u00e1laga CF; CF Lorca Deportiva contra UD Almer\u00eda; UCAM Universidad Cat\u00f3lica de Murcia contra C\u00e1diz CF; CA Antoniano contra CD Castell\u00f3n; FC La Uni\u00f3n Atl\u00e9tica contra AD Ceuta FC.<\/p>\n<p>13:51<\/p>\n<p>M\u00e1s&#8230;<\/p>\n<p class=\"voc-p\">UD Maracena contra Valencia CF; CD Toledo contra Sevilla; Orihuela CF contra Levante UD; CD Ciudad de Lucena contra Villarreal. <\/p>\n<p>13:49<\/p>\n<p>Celebra efusivamente Sergio Le\u00f3n <\/p>\n<p class=\"voc-p\">Capit\u00e1n del Atl\u00e9tico Palma del R\u00edo, se medir\u00e1 a su Betis. \u00a1No cabe en s\u00ed de alegr\u00eda!<\/p>\n<p>13:48<\/p>\n<p>Eclosionan las bolas<\/p>\n<p class=\"voc-p\">UD Los Garres contra Elche CF; Atl\u00e9tico Palma del R\u00edo FC contra Real Betis. <\/p>\n<p>13:45<\/p>\n<p>Grupo 3: sureste<\/p>\n<p class=\"voc-p\">Primera urna. De nuevo, de Regional a Primera. <\/p>\n<p>13:44<\/p>\n<p>De Segunda Federaci\u00f3n a Primera Federaci\u00f3n, ahora<\/p>\n<p class=\"voc-p\">Utebo FC contra SD Huesca; UD Poblense contra CE Sabadell FC; CD Ebro contra SD Tarazona; Reus FC Redois contra CE Europa; CD Atl\u00e9tico Baleares contra Gimn\u00e0stic de Tarragona; UE Sant Andreu contra CD Teruel. <\/p>\n<p>13:39<\/p>\n<p>Seguna urna. De Tercera Federaci\u00f3n a Segunda<\/p>\n<p class=\"voc-p\">CD Valle de Eg\u00fc\u00e9s contra FC Andorra; CD Mutilvera contra Real Zaragoza; Utebo FC contra SD Huesca.<\/p>\n<p>13:38<\/p>\n<p>Resto de bolas de la urna<\/p>\n<p class=\"voc-p\">CD Sant Jordi contra Osasuna; CE Atl\u00e8tic Lleida contra RCD Espanyol; CE Constancia contra Girona FC.<\/p>\n<p>13:34<\/p>\n<p>Primera urna. De Regional a Primera<\/p>\n<p class=\"voc-p\">Atl\u00e8tic Sant Just FC contra Mallorca. Celebraci\u00f3n por todo lo alto de sus jugadores, tambi\u00e9n conectados por videollamada. <\/p>\n<p>13:33<\/p>\n<p>Queda cerrado el Grupo 1, correspondiente a la zona del noroeste de Espa\u00f1a<\/p>\n<p class=\"voc-p\">Ahora, el Grupo 2: noreste.<\/p>\n<p>13:30<\/p>\n<p>Para finalizar el Grupo 1<\/p>\n<p class=\"voc-p\">UD Logro\u00f1\u00e9s contra Ponferradina; UD Ourense contra Pontevedra FC; Langreo contra Racing de Ferrol; Real \u00c1vila contra Real Avil\u00e9s Industrial.<\/p>\n<p>13:28<\/p>\n<p>Nueva urna, nuevos cruces<\/p>\n<p class=\"voc-p\">SD Logro\u00f1\u00e9s contra Racing de Santander; Numancia contra Arenas Club; S\u00e1mano contra Deportivo de La Coru\u00f1a.<\/p>\n<p>13:26<\/p>\n<p>\u00daltimas dos de la urna<\/p>\n<p class=\"voc-p\">Atl\u00e9tico Astorga vs. Mirand\u00e9s; N\u00e1xara vs. Eibar. <\/p>\n<p>13:23<\/p>\n<p>M\u00e1s bolas<\/p>\n<p class=\"voc-p\">CD Atl\u00e9tico Tordesillas contra Burgos FC; CD Tropez\u00f3n contra Cultural Leonesa; Club Portugalete contra Real Valladolid.<\/p>\n<p>13:21<\/p>\n<p>Grupo 1, segunda urna. Equipos de Tercera Federaci\u00f3n contra equipos de Segunda<\/p>\n<p class=\"voc-p\">Derbi: Caudal Deportivo contra Real Sporting de Gij\u00f3n. <\/p>\n<p>13:20<\/p>\n<p>Por descarte&#8230; <\/p>\n<p class=\"voc-p\">El Ourense FC se medir\u00e1 al Real Oviedo. <\/p>\n<p>13:19<\/p>\n<p>Puerto de Vega contra RC Celta<\/p>\n<p class=\"voc-p\">Euforia en los integrantes del club regional, conectado por videollamada desde su sede. <\/p>\n<p>13:18<\/p>\n<p>Segundas dos bolas&#8230;<\/p>\n<p class=\"voc-p\">SD Negreira contra&#8230; \u00a1Real Sociedad!<\/p>\n<p>13:17<\/p>\n<p>Primeras dos bolas del Grupo 1 del sorteo. F\u00fatbol regional contra f\u00fatbol de Primera Divisi\u00f3n<\/p>\n<p class=\"voc-p\">\u00a1El Getxo CD de Vizcaya recibir\u00e1 al Deportivo Alav\u00e9s!<\/p>\n<p>13:11<\/p>\n<p>Suben al escenario varias de las primeras manos inocentes<\/p>\n<p class=\"voc-p\">Representantes de algunos de los equipos clasificados, desde Isi con el Rayo a Cristian Mayoral, hermano de Borja, con el Inter de Valdemoro. <\/p>\n<p>13:04<\/p>\n<p>Comparecen el presentador Sa\u00fal Ramos y Rafael Louz\u00e1n en la Ciudad del F\u00fatbol<\/p>\n<p class=\"voc-p\">El presidente del organismo proclama la \u00abfiesta\u00bb de la Copa del Rey y explica su principal novedad, la de la proximidad geogr\u00e1fica para esas primeras rondas.<\/p>\n<p>12:54<\/p>\n<p>A partido \u00fanico, entre semana, con pur\u00e9 de cenar y colegio al d\u00eda siguiente: c\u00f3mo molan las malditas noches de copa<\/p>\n<p>12:47<\/p>\n<p>\u00a1Apenas 15 minutos!<\/p>\n<p>12:47<\/p>\n<p>28, 29 y 30 de octubre<\/p>\n<p class=\"voc-p\">La primera ronda de la Copa del Rey se disputar\u00e1 los d\u00edas 28, 29 y 30 de octubre, con eliminatorias a partido \u00fanico en el campo del equipo de menor categor\u00eda. En el caso de los cruces entre equipos de Primera Federaci\u00f3n, el local ser\u00e1 aquel que resulte primero en el sorteo. <\/p>\n<p>12:43<\/p>\n<p>La novedad<\/p>\n<p class=\"voc-p\">Esta Copa acoger\u00e1 equipos de hasta seis categor\u00edas diferentes, divididos todos ellos en cuatro grupos seg\u00fan su proximidad geogr\u00e1fica, se deduce que para favorecer los desplazamientos. Esto solo ocupar\u00e1 las dos primeras rondas, pero es una de las principales novedades. <\/p>\n<p>12:38<\/p>\n<p>112 equipos, 16 de Primera y el asterisco de la Supercopa<\/p>\n<p class=\"voc-p\">Del susodicho total de 112 equipos que participan en esta edici\u00f3n, 16 ser\u00e1n de Primera. Los cuatro restantes para completar los 20, Real Madrid, FC Barcelona, Atl\u00e9tico de Madrid y Athletic Club, comparecer\u00e1n a partir de dieciseisavos por eso de disputar la Supercopa.<\/p>\n<p>12:34<\/p>\n<p class=\"voc-p\">\u00a1Buenos d\u00edas! En menos de media hora arrancar\u00e1 en la Ciudad del F\u00fatbol de Las Rozas el sorteo de la primera ronda de la Copa del Rey, en su edici\u00f3n 2025\/26. Un total de 112 equipos conocer\u00e1n su suerte a trav\u00e9s de los canales oficiales de la RFEF y de Teledeporte, o quiz\u00e1s de este directo, all\u00e1 cada cual.<\/p>\n","protected":false},"excerpt":{"rendered":"Conoce el resultado del sorteo de la primera eliminatoria de la Copa del Rey 2025-26, celebrado en la&hellip;\n","protected":false},"author":2,"featured_media":159570,"comment_status":"","ping_status":"","sticky":false,"template":"","format":"standard","meta":{"footnotes":""},"categories":[93],"tags":[2493,20829,168,2125,47432,25,24,315,6758,1078,5330,9251,886,23,167],"class_list":{"0":"post-159569","1":"post","2":"type-post","3":"status-publish","4":"format-standard","5":"has-post-thumbnail","7":"category-deportes","8":"tag-copa","9":"tag-cruces","10":"tag-deportes","11":"tag-directo","12":"tag-emparejamientos","13":"tag-es","14":"tag-espana","15":"tag-hoy","16":"tag-partidos","17":"tag-primera","18":"tag-rey","19":"tag-ronda","20":"tag-sorteo","21":"tag-spain","22":"tag-sports"},"share_on_mastodon":{"url":"","error":""},"_links":{"self":[{"href":"https:\/\/www.europesays.com\/es\/wp-json\/wp\/v2\/posts\/159569","targetHints":{"allow":["GET"]}}],"collection":[{"href":"https:\/\/www.europesays.com\/es\/wp-json\/wp\/v2\/posts"}],"about":[{"href":"https:\/\/www.europesays.com\/es\/wp-json\/wp\/v2\/types\/post"}],"author":[{"embeddable":true,"href":"https:\/\/www.europesays.com\/es\/wp-json\/wp\/v2\/users\/2"}],"replies":[{"embeddable":true,"href":"https:\/\/www.europesays.com\/es\/wp-json\/wp\/v2\/comments?post=159569"}],"version-history":[{"count":0,"href":"https:\/\/www.europesays.com\/es\/wp-json\/wp\/v2\/posts\/159569\/revisions"}],"wp:featuredmedia":[{"embeddable":true,"href":"https:\/\/www.europesays.com\/es\/wp-json\/wp\/v2\/media\/159570"}],"wp:attachment":[{"href":"https:\/\/www.europesays.com\/es\/wp-json\/wp\/v2\/media?parent=159569"}],"wp:term":[{"taxonomy":"category","embeddable":true,"href":"https:\/\/www.europesays.com\/es\/wp-json\/wp\/v2\/categories?post=159569"},{"taxonomy":"post_tag","embeddable":true,"href":"https:\/\/www.europesays.com\/es\/wp-json\/wp\/v2\/tags?post=159569"}],"curies":[{"name":"wp","href":"https:\/\/api.w.org\/{rel}","templated":true}]}}