{"id":159575,"date":"2025-10-06T15:26:07","date_gmt":"2025-10-06T15:26:07","guid":{"rendered":"https:\/\/www.europesays.com\/es\/159575\/"},"modified":"2025-10-06T15:26:07","modified_gmt":"2025-10-06T15:26:07","slug":"el-presidente-del-sabadell-y-el-consejero-discolo-david-martinez-chocan-en-publico-por-la-opa-de-bbva","status":"publish","type":"post","link":"https:\/\/www.europesays.com\/es\/159575\/","title":{"rendered":"El presidente del Sabadell y el consejero d\u00edscolo David Mart\u00ednez chocan en p\u00fablico por la opa de BBVA"},"content":{"rendered":"<p style=\"\">Choque en p\u00fablico entre los altos ejecutivos de <a href=\"https:\/\/www.abc.es\/economia\/bbva-sabadell-denuncian-mutuamente-ante-cnmv-torpedear-20251003094532-nt.html\" target=\"_self\" data-voc-vtm-id=\"in-text-traffic\" title=\"Banco Sabadell\" rel=\"nofollow noopener\">Banco Sabadell<\/a> y su consejero d\u00edscolo a cuenta de la aceptaci\u00f3n de este \u00faltimo en <strong>la opa de BBVA<\/strong>. El consejero y accionista <a href=\"https:\/\/www.abc.es\/economia\/david-martinez-tiburon-mexicano-wall-street-quiebra-20250930181819-nt.html\" target=\"_self\" data-voc-vtm-id=\"in-text-traffic\" title=\"David Mart\u00ednez\" rel=\"nofollow noopener\">David Mart\u00ednez<\/a>, que es due\u00f1o del 3,86% de la entidad,  &#8230; ha elevado la tensi\u00f3n con el presidente y el consejero delegado del banco catal\u00e1n con sus palabras en medios de comunicaci\u00f3n y estos han respondido tambi\u00e9n ante la prensa y en foros p\u00fablicos. <\/p>\n<p class=\"voc-p\" style=\"\">Cuando el Sabadell emiti\u00f3 la opini\u00f3n y recomendaci\u00f3n en contra por parte de su consejo de administraci\u00f3n a la <a href=\"https:\/\/www.abc.es\/economia\/accionista-consejero-david-martinez-rompe-rechazo-unanime-20250930175132-nt.html\" target=\"_self\" data-voc-vtm-id=\"in-text-traffic\" title=\"opa de BBVA\" rel=\"nofollow noopener\">opa de BBVA<\/a> lo hizo con un informe en el que rechazaba la operaci\u00f3n por infravalorar el valor del banco y considerar que pod\u00edan tener m\u00e1s potencial en solitario, entre otras cuestiones. El consejo emiti\u00f3 un informe duro contra la operaci\u00f3n.<\/p>\n<p class=\"voc-p\" style=\"\">Ese informe no se emiti\u00f3 por unanimidad. David Mart\u00ednez se abstuvo de firmarlo al no estar de acuerdo con sus afirmaciones y anunci\u00f3, al mismo tiempo, que vender\u00eda sus acciones en la opa. Aquello no sorprendi\u00f3 en el seno del Sabadell pero s\u00ed empez\u00f3 a desatar las cr\u00edticas hacia \u00e9l. Sin ir m\u00e1s lejos, el presidente, Josep Oliu, y el CEO, C\u00e9sar Gonz\u00e1lez-Bueno, ya esa misma tarde en rueda de prensa mostraron su posici\u00f3n discrepante con Mart\u00ednez. \u00ab<a href=\"https:\/\/www.abc.es\/economia\/presidente-sabadell-sobre-david-martinez-nunca-accionista-20250930203157-nt.html\" target=\"_self\" data-voc-vtm-id=\"in-text-traffic\" title=\"David Mart\u00ednez\" rel=\"nofollow noopener\">David Mart\u00ednez<\/a> es un accionista diferente de todos los dem\u00e1s. Nunca ha sido un accionista estrat\u00e9gico del banco. Un tema curioso es que haya estado tanto tiempo\u00bb, dijo Oliu. Tanto \u00e9l como el CEO insistieron en que este accionista, a trav\u00e9s de su empresa, suele invertir en activos &#8216;distressed&#8217;, lo que lo convierte en un inversor que apuesta por empresas o activos con problemas financieros o de insolvencia para sacar rentabilidad de ellos. Oliu indic\u00f3 que Mart\u00ednez \u00abno busca dividendos\u00bb y que, adem\u00e1s, como es no residente en Espa\u00f1a, no se expone al riesgo de tener que pagar impuestos ahora si acude a la opa. \u00abCon <strong>David Mart\u00ednez<\/strong> tengo una relaci\u00f3n absolutamente cordial. Hemos tratado, nos hemos visto. S\u00e9 desde hace mucho tiempo lo que \u00e9l quiere. Es una persona que cree en las consolidaciones, en cualquier industria. Y en el pasado de alguna manera ya ha dicho que no era el precio, sino que es un creyente en los procesos de consolidaci\u00f3n\u00bb, afirm\u00f3 el presidente, para a\u00f1adir que no le supo mal la decisi\u00f3n ya que est\u00e1 \u00aben su derecho\u00bb.<\/p>\n<p class=\"voc-p\" style=\"\">La tensi\u00f3n se ha vuelto a elevar tras un art\u00edculo publicado por el propio David Mart\u00ednez en el diario &#8216;El Pa\u00eds&#8217; en el que defiende su posici\u00f3n. \u00abMi decisi\u00f3n como miembro del consejo de administraci\u00f3n de Banco Sabadell y accionista, de aceptar la <strong>oferta de BBVA<\/strong>, ha sido recibida con interpretaciones incorrectas, acusaciones e insinuaciones sin ning\u00fan sustento, con el objetivo de sesgar y oscurecer la importante decisi\u00f3n que enfrentamos los accionistas de Sabadell\u00bb, ha dicho. El mexicano ha a\u00f1adido que su inversi\u00f3n en Sabadell \u00abdista mucho de ser cortoplacista\u00bb, rebatiendo a los directivos: \u00abDurante los \u00faltimos 12 a\u00f1os, al igual que muchos accionistas minoristas, hemos mantenido la confianza en el futuro del banco, a pesar de la m\u00e1s elevada volatilidad en el precio de la acci\u00f3n y, en ocasiones, de una rentabilidad por dividendo inferior a la esperada\u00bb.<\/p>\n<p class=\"voc-p\" style=\"\">Mart\u00ednez, de nuevo, ha manifestado que considera \u00abla consolidaci\u00f3n en Espa\u00f1a de Sabadell y BBVA dar\u00e1 lugar a una entidad a\u00fan m\u00e1s competitiva, rentable y con mayor potencial de revalorizaci\u00f3n\u00bb, unas palabras que hacen da\u00f1o dentro del Sabadell ya que el consejo usa, en parte, argumentos contrario. <\/p>\n<p class=\"voc-p\" style=\"\">\u00abRespeto a quien tenga opiniones distintas basadas en una diferente visi\u00f3n de esta industria. Pero este es el fondo de lo que se debe analizar, y no la falsa narrativa, sin ninguna evidencia, de acuerdos ocultos y motivaciones escondidas\u00bb, ha reflejado Mart\u00ednez, al tiempo que ha hecho hincapi\u00e9 en que no tiene ning\u00fan acuerdo ni conflicto de inter\u00e9s con BBVA, en referencia a que los directivos del Sabadell hab\u00edan deslizado alguna idea en ese sentido. \u00abEstas son acusaciones infundadas, irresponsables y difamatorias que solo buscan confundir el debate buscando desacreditar a otros\u00bb, ha destacado.<\/p>\n<p class=\"voc-p\" style=\"\">El presidente Oliu ha contestado a estas palabras en declaraciones a Rac1. La tensi\u00f3n entre ambos es evidente y todo ello se produce a muy pocos d\u00edas de que finalice el periodo de aceptaci\u00f3n de la opa. \u00abSu motivaci\u00f3n no es la que es la nuestra, y cuando digo la nuestra digo la de los accionistas minoritarios de los cuales yo me siento el representante\u00bb, ha dicho, seg\u00fan recoge Ep. \u00abMe gustar\u00eda que pensases como yo, pero yo entiendo que t\u00fa no eres un accionista catal\u00e1n, yo entiendo que t\u00fa, <strong>los clientes no sabes ni qu\u00e9 son<\/strong>, que est\u00e1s fuera de este mundo y que t\u00fa eres un inversionista de Wall Street y que buscas maximizar el beneficio en todo momento, y ahora te puede parecer que ahora esto es una buena cosa porque t\u00fa crees en el tama\u00f1o en abstracto\u00bb, ha a\u00f1adido.<\/p>\n<p class=\"voc-p\" style=\"\">Gonz\u00e1lez-Bueno, por su parte, tambi\u00e9n ha hecho referencia a David Mart\u00ednez en su intervenci\u00f3n en el XVI Encuentro Financiero organizado por el diario &#8216;Expansi\u00f3n&#8217;, KPMG, American Express y Cunef Universidad. El consejero delegado ha venido a retar a Mart\u00ednez a comprometerse a que acudir\u00e1 con toda su participaci\u00f3n a la opa de BBVA para aclarar del todo su posici\u00f3n; el CEO ha destacado que la decisi\u00f3n del mexicano<strong> \u00abno es irrevocable\u00bb<\/strong> y que incluso ser\u00eda posible que solo acudiera con una parte de sus acciones y no con todas. <\/p>\n<p class=\"voc-p\" style=\"\">Asimismo, Gonz\u00e1lez-Bueno ha calificado de \u00abextraordinariamente dif\u00edcil\u00bb que BBVA roce el 30% de aceptaci\u00f3n, tras explicar sus c\u00e1lculos. Al respecto, ha recordado que alrededor del 40% de los accionistas de Sabadell son minoritarios y que, de esa cifra, el 80% tiene sus acciones depositadas en la entidad catalana, lo que supone en torno al 33% del total de acciones de Sabadell. De ese 80%, habr\u00eda acudido a la OPA un 1% que, sobre el total de accionistas, supone un 0,3%.<\/p>\n","protected":false},"excerpt":{"rendered":"Choque en p\u00fablico entre los altos ejecutivos de Banco Sabadell y su consejero d\u00edscolo a cuenta de la&hellip;\n","protected":false},"author":2,"featured_media":159576,"comment_status":"","ping_status":"","sticky":false,"template":"","format":"standard","meta":{"footnotes":""},"categories":[80],"tags":[3285,82,19634,13293,2429,47433,95,94,25,24,825,3284,1461,1421,1457,23],"class_list":{"0":"post-159575","1":"post","2":"type-post","3":"status-publish","4":"format-standard","5":"has-post-thumbnail","7":"category-economia","8":"tag-bbva","9":"tag-business","10":"tag-chocan","11":"tag-consejero","12":"tag-david","13":"tag-discolo","14":"tag-economia","15":"tag-economy","16":"tag-es","17":"tag-espana","18":"tag-martinez","19":"tag-opa","20":"tag-presidente","21":"tag-publico","22":"tag-sabadell","23":"tag-spain"},"share_on_mastodon":{"url":"","error":""},"_links":{"self":[{"href":"https:\/\/www.europesays.com\/es\/wp-json\/wp\/v2\/posts\/159575","targetHints":{"allow":["GET"]}}],"collection":[{"href":"https:\/\/www.europesays.com\/es\/wp-json\/wp\/v2\/posts"}],"about":[{"href":"https:\/\/www.europesays.com\/es\/wp-json\/wp\/v2\/types\/post"}],"author":[{"embeddable":true,"href":"https:\/\/www.europesays.com\/es\/wp-json\/wp\/v2\/users\/2"}],"replies":[{"embeddable":true,"href":"https:\/\/www.europesays.com\/es\/wp-json\/wp\/v2\/comments?post=159575"}],"version-history":[{"count":0,"href":"https:\/\/www.europesays.com\/es\/wp-json\/wp\/v2\/posts\/159575\/revisions"}],"wp:featuredmedia":[{"embeddable":true,"href":"https:\/\/www.europesays.com\/es\/wp-json\/wp\/v2\/media\/159576"}],"wp:attachment":[{"href":"https:\/\/www.europesays.com\/es\/wp-json\/wp\/v2\/media?parent=159575"}],"wp:term":[{"taxonomy":"category","embeddable":true,"href":"https:\/\/www.europesays.com\/es\/wp-json\/wp\/v2\/categories?post=159575"},{"taxonomy":"post_tag","embeddable":true,"href":"https:\/\/www.europesays.com\/es\/wp-json\/wp\/v2\/tags?post=159575"}],"curies":[{"name":"wp","href":"https:\/\/api.w.org\/{rel}","templated":true}]}}